{"id":18280,"date":"2020-09-12T14:22:31","date_gmt":"2020-09-12T17:22:31","guid":{"rendered":"http:\/\/ubanews.com\/site\/?p=18280"},"modified":"2020-09-12T14:22:31","modified_gmt":"2020-09-12T17:22:31","slug":"motociclista-bate-em-caminhao-na-saida-do-posto-uirapuru","status":"publish","type":"post","link":"https:\/\/ubanews.com\/site\/2020\/09\/12\/motociclista-bate-em-caminhao-na-saida-do-posto-uirapuru\/","title":{"rendered":"MOTOCICLISTA BATE EM CAMINH\u00c3O NA SA\u00cdDA DO POSTO UIRAPURU"},"content":{"rendered":"<p>No dia 11 de setembro (sexta-feira), por volta de 14h e 28min, a Pol\u00edcia Rodovi\u00e1ria foi acionada para comparecer em um acidente na Rodovia MGC-265, Km 84. O motociclista relatou que ao conduzir sua moto Honda Fan prata, placa HAQ\/9488, Ub\u00e1\/MG bateu de frente com um caminh\u00e3o Mercedes Bens da empresa Lufer Estofados ao sair do p\u00e1tio de um posto de combust\u00edvel.<\/p>\n<div id=\"metaslider-id-17652\" style=\"max-width: 1000px;\" class=\"ml-slider-3-110-0 metaslider metaslider-nivo metaslider-17652 ml-slider ms-theme-outline\" role=\"region\" aria-label=\"Texto\" data-height=\"200\" data-width=\"1000\">\n    <div id=\"metaslider_container_17652\">\n        <div class='slider-wrapper theme-default'><div class='ribbon'><\/div><div id='metaslider_17652' class='nivoSlider'><\/div><\/div>\n        \n    <\/div>\n<\/div>\n<p><a href=\"https:\/\/ubanews.com\/site\/wp-content\/uploads\/2020\/09\/20200911_151531.jpg\"><img loading=\"lazy\" decoding=\"async\" class=\"aligncenter size-full wp-image-18283\" src=\"https:\/\/ubanews.com\/site\/wp-content\/uploads\/2020\/09\/20200911_151531.jpg\" alt=\"\" width=\"4128\" height=\"2322\" srcset=\"https:\/\/ubanews.com\/site\/wp-content\/uploads\/2020\/09\/20200911_151531.jpg 4128w, https:\/\/ubanews.com\/site\/wp-content\/uploads\/2020\/09\/20200911_151531-300x169.jpg 300w, https:\/\/ubanews.com\/site\/wp-content\/uploads\/2020\/09\/20200911_151531-768x432.jpg 768w, https:\/\/ubanews.com\/site\/wp-content\/uploads\/2020\/09\/20200911_151531-1024x576.jpg 1024w\" sizes=\"auto, (max-width: 4128px) 100vw, 4128px\" \/><\/a><\/p>\n<p>A din\u00e2mica do acidente \u00e9 a seguinte: o caminh\u00e3o vinha de Tocantins e, segundo informa\u00e7\u00f5es, entrou abruptamente no p\u00e1tio, enquanto o condutor da motocicleta saiu do p\u00e1tio, com destino a cidade de Tocantins. O piloto da motocicleta teve ferimentos leves, dispensando atendimentos m\u00e9dicos. O motorista do caminh\u00e3o nada sofreu.<\/p>\n<p>Somente a motocicleta teve alguns danos como farol e para-lama dianteiro.<\/p>\n<p><a href=\"https:\/\/ubanews.com\/site\/wp-content\/uploads\/2020\/09\/20200911_151421.jpg\"><img loading=\"lazy\" decoding=\"async\" class=\"aligncenter size-full wp-image-18282\" src=\"https:\/\/ubanews.com\/site\/wp-content\/uploads\/2020\/09\/20200911_151421.jpg\" alt=\"\" width=\"4128\" height=\"2322\" srcset=\"https:\/\/ubanews.com\/site\/wp-content\/uploads\/2020\/09\/20200911_151421.jpg 4128w, https:\/\/ubanews.com\/site\/wp-content\/uploads\/2020\/09\/20200911_151421-300x169.jpg 300w, https:\/\/ubanews.com\/site\/wp-content\/uploads\/2020\/09\/20200911_151421-768x432.jpg 768w, https:\/\/ubanews.com\/site\/wp-content\/uploads\/2020\/09\/20200911_151421-1024x576.jpg 1024w\" sizes=\"auto, (max-width: 4128px) 100vw, 4128px\" \/><\/a><\/p>\n<p><strong>Foto: Felipe Oliveira<\/strong><\/p>\n<p><a href=\"https:\/\/www.instagram.com\/portalubanews\/?hl=pt-br\" target=\"_blank\" rel=\"noopener\"><img loading=\"lazy\" decoding=\"async\" class=\"aligncenter wp-image-15594\" src=\"https:\/\/ubanews.com\/site\/wp-content\/uploads\/2020\/03\/Instagram.jpg\" alt=\"\" width=\"182\" height=\"104\" srcset=\"https:\/\/ubanews.com\/site\/wp-content\/uploads\/2020\/03\/Instagram.jpg 1200w, https:\/\/ubanews.com\/site\/wp-content\/uploads\/2020\/03\/Instagram-300x171.jpg 300w, https:\/\/ubanews.com\/site\/wp-content\/uploads\/2020\/03\/Instagram-768x438.jpg 768w, https:\/\/ubanews.com\/site\/wp-content\/uploads\/2020\/03\/Instagram-1024x585.jpg 1024w\" sizes=\"auto, (max-width: 182px) 100vw, 182px\" \/><\/a><\/p>\n","protected":false},"excerpt":{"rendered":"<p>No dia 11 de setembro (sexta-feira), por volta de 14h<\/p>\n","protected":false},"author":2,"featured_media":18281,"comment_status":"open","ping_status":"open","sticky":false,"template":"","format":"standard","meta":{"footnotes":""},"categories":[1],"tags":[],"class_list":["post-18280","post","type-post","status-publish","format-standard","has-post-thumbnail","hentry","category-sem-categoria"],"_links":{"self":[{"href":"https:\/\/ubanews.com\/site\/wp-json\/wp\/v2\/posts\/18280","targetHints":{"allow":["GET"]}}],"collection":[{"href":"https:\/\/ubanews.com\/site\/wp-json\/wp\/v2\/posts"}],"about":[{"href":"https:\/\/ubanews.com\/site\/wp-json\/wp\/v2\/types\/post"}],"author":[{"embeddable":true,"href":"https:\/\/ubanews.com\/site\/wp-json\/wp\/v2\/users\/2"}],"replies":[{"embeddable":true,"href":"https:\/\/ubanews.com\/site\/wp-json\/wp\/v2\/comments?post=18280"}],"version-history":[{"count":0,"href":"https:\/\/ubanews.com\/site\/wp-json\/wp\/v2\/posts\/18280\/revisions"}],"wp:featuredmedia":[{"embeddable":true,"href":"https:\/\/ubanews.com\/site\/wp-json\/wp\/v2\/media\/18281"}],"wp:attachment":[{"href":"https:\/\/ubanews.com\/site\/wp-json\/wp\/v2\/media?parent=18280"}],"wp:term":[{"taxonomy":"category","embeddable":true,"href":"https:\/\/ubanews.com\/site\/wp-json\/wp\/v2\/categories?post=18280"},{"taxonomy":"post_tag","embeddable":true,"href":"https:\/\/ubanews.com\/site\/wp-json\/wp\/v2\/tags?post=18280"}],"curies":[{"name":"wp","href":"https:\/\/api.w.org\/{rel}","templated":true}]}}