{"id":18229,"date":"2020-09-10T11:09:31","date_gmt":"2020-09-10T14:09:31","guid":{"rendered":"http:\/\/ubanews.com\/site\/?p=18229"},"modified":"2020-09-10T11:09:31","modified_gmt":"2020-09-10T14:09:31","slug":"mulher-de-43-anos-entra-em-residencia-e-furta-diversos-materiais","status":"publish","type":"post","link":"https:\/\/ubanews.com\/site\/2020\/09\/10\/mulher-de-43-anos-entra-em-residencia-e-furta-diversos-materiais\/","title":{"rendered":"MULHER DE 43 ANOS ENTRA EM RESID\u00caNCIA E FURTA DIVERSOS MATERIAIS"},"content":{"rendered":"<p>Na cidade de Santana de Cataguases, Rua Jos\u00e9 Alves Garcia, Bairro S\u00e3o Francisco, a Pol\u00edcia Militar foi acionada pela v\u00edtima de roubo, a qual relatou que naquela manh\u00e3 de 09 de setembro, teve bens de sua resid\u00eancia furtados por uma mulher.<\/p>\n<p>Segundo testemunhas, a autora foi vista tentando pular a janela da resid\u00eancia com um saco nas m\u00e3os, onde estavam os materiais furtados.<\/p>\n<div id=\"metaslider-id-17652\" style=\"max-width: 1000px;\" class=\"ml-slider-3-110-0 metaslider metaslider-nivo metaslider-17652 ml-slider ms-theme-outline\" role=\"region\" aria-label=\"Texto\" data-height=\"200\" data-width=\"1000\">\n    <div id=\"metaslider_container_17652\">\n        <div class='slider-wrapper theme-default'><div class='ribbon'><\/div><div id='metaslider_17652' class='nivoSlider'><\/div><\/div>\n        \n    <\/div>\n<\/div>\n<p>Imediatamente os policiais militares intensificaram o patrulhamento pelas ruas adjacentes ao local dos fatos, logrando \u00eaxito em localizar a autora e recuperar 01 TV 20 polegadas, 01 ferro de el\u00e9trico, 01 ventilador, 01 roteador de internet, al\u00e9m de diversos cabos de alimenta\u00e7\u00e3o de energia.<\/p>\n<p>A autora de 43 anos recebeu voz de pris\u00e3o e foi conduzida \u00e0 Delegacia de Pol\u00edcia para provid\u00eancias decorrentes.<\/p>\n<p><strong>ASSESSORIA DE COMUNICA\u00c7\u00c3O ORGANIZACIONAL<\/strong><br \/>\n<strong>Vig\u00e9simo Primeiro Batalh\u00e3o de Pol\u00edcia Militar<\/strong><\/p>\n<p><a href=\"https:\/\/www.instagram.com\/portalubanews\/?hl=pt-br\" target=\"_blank\" rel=\"noopener\"><img loading=\"lazy\" decoding=\"async\" class=\"aligncenter wp-image-15594\" src=\"https:\/\/ubanews.com\/site\/wp-content\/uploads\/2020\/03\/Instagram.jpg\" alt=\"\" width=\"182\" height=\"104\" srcset=\"https:\/\/ubanews.com\/site\/wp-content\/uploads\/2020\/03\/Instagram.jpg 1200w, https:\/\/ubanews.com\/site\/wp-content\/uploads\/2020\/03\/Instagram-300x171.jpg 300w, https:\/\/ubanews.com\/site\/wp-content\/uploads\/2020\/03\/Instagram-768x438.jpg 768w, https:\/\/ubanews.com\/site\/wp-content\/uploads\/2020\/03\/Instagram-1024x585.jpg 1024w\" sizes=\"auto, (max-width: 182px) 100vw, 182px\" \/><\/a><\/p>\n","protected":false},"excerpt":{"rendered":"<p>Na cidade de Santana de Cataguases, Rua Jos\u00e9 Alves Garcia,<\/p>\n","protected":false},"author":2,"featured_media":18230,"comment_status":"open","ping_status":"open","sticky":false,"template":"","format":"standard","meta":{"footnotes":""},"categories":[13],"tags":[],"class_list":["post-18229","post","type-post","status-publish","format-standard","has-post-thumbnail","hentry","category-sintese-das-ocorrencias"],"_links":{"self":[{"href":"https:\/\/ubanews.com\/site\/wp-json\/wp\/v2\/posts\/18229","targetHints":{"allow":["GET"]}}],"collection":[{"href":"https:\/\/ubanews.com\/site\/wp-json\/wp\/v2\/posts"}],"about":[{"href":"https:\/\/ubanews.com\/site\/wp-json\/wp\/v2\/types\/post"}],"author":[{"embeddable":true,"href":"https:\/\/ubanews.com\/site\/wp-json\/wp\/v2\/users\/2"}],"replies":[{"embeddable":true,"href":"https:\/\/ubanews.com\/site\/wp-json\/wp\/v2\/comments?post=18229"}],"version-history":[{"count":0,"href":"https:\/\/ubanews.com\/site\/wp-json\/wp\/v2\/posts\/18229\/revisions"}],"wp:featuredmedia":[{"embeddable":true,"href":"https:\/\/ubanews.com\/site\/wp-json\/wp\/v2\/media\/18230"}],"wp:attachment":[{"href":"https:\/\/ubanews.com\/site\/wp-json\/wp\/v2\/media?parent=18229"}],"wp:term":[{"taxonomy":"category","embeddable":true,"href":"https:\/\/ubanews.com\/site\/wp-json\/wp\/v2\/categories?post=18229"},{"taxonomy":"post_tag","embeddable":true,"href":"https:\/\/ubanews.com\/site\/wp-json\/wp\/v2\/tags?post=18229"}],"curies":[{"name":"wp","href":"https:\/\/api.w.org\/{rel}","templated":true}]}}