{"id":18228,"date":"2020-09-10T11:04:28","date_gmt":"2020-09-10T14:04:28","guid":{"rendered":"http:\/\/ubanews.com\/site\/?p=18228"},"modified":"2020-09-10T11:04:28","modified_gmt":"2020-09-10T14:04:28","slug":"policia-militar-localiza-substancias-analoga-a-crack-no-beco-do-sapo","status":"publish","type":"post","link":"https:\/\/ubanews.com\/site\/2020\/09\/10\/policia-militar-localiza-substancias-analoga-a-crack-no-beco-do-sapo\/","title":{"rendered":"POL\u00cdCIA MILITAR LOCALIZA SUBST\u00c2NCIAS AN\u00c1LOGA \u00c0 CRACK NO BECO DO SAPO"},"content":{"rendered":"<p>No dia 09 de setembro, por volta de 23h 46min, Policiais Militares em patrulhamento pela Rua Joaquim Boaventura da Silveira, Bairro Waldemar de Castro, precisamente local conhecido como \u201cBeco do Sapo\u201d, local este alvo de diversas den\u00fancias de tr\u00e1fico e uso e consumo de drogas, avistou um grupo de indiv\u00edduos que apresentavam atitudes suspeitas, os quais foram abordados e submetidos \u00e0 busca pessoal.<\/p>\n<div id=\"metaslider-id-17652\" style=\"max-width: 1000px;\" class=\"ml-slider-3-110-0 metaslider metaslider-nivo metaslider-17652 ml-slider ms-theme-outline\" role=\"region\" aria-label=\"Texto\" data-height=\"200\" data-width=\"1000\">\n    <div id=\"metaslider_container_17652\">\n        <div class='slider-wrapper theme-default'><div class='ribbon'><\/div><div id='metaslider_17652' class='nivoSlider'><\/div><\/div>\n        \n    <\/div>\n<\/div>\n<p>Em varredura pelo local, os policiais militares localizaram no ch\u00e3o, pr\u00f3ximo ao grupo, um inv\u00f3lucro pl\u00e1stico que continha 06 pedras de subst\u00e2ncia an\u00e1loga \u00e0 crack, tendo um dos indiv\u00edduos assumido a propriedade do material.<\/p>\n<p>Para o autor de 39 anos, foi confeccionado o Termo Circunstanciado de Ocorr\u00eancia, ficando obrigado a comparecer ao Juizado Especial Criminal para provid\u00eancias cab\u00edveis.<\/p>\n<p><strong>ASSESSORIA DE COMUNICA\u00c7\u00c3O ORGANIZACIONAL<\/strong><br \/>\n<strong>Vig\u00e9simo Primeiro Batalh\u00e3o de Pol\u00edcia Militar<\/strong><\/p>\n<p><a href=\"https:\/\/www.instagram.com\/portalubanews\/?hl=pt-br\" target=\"_blank\" rel=\"noopener\"><img loading=\"lazy\" decoding=\"async\" class=\"aligncenter wp-image-15594\" src=\"https:\/\/ubanews.com\/site\/wp-content\/uploads\/2020\/03\/Instagram.jpg\" alt=\"\" width=\"182\" height=\"104\" srcset=\"https:\/\/ubanews.com\/site\/wp-content\/uploads\/2020\/03\/Instagram.jpg 1200w, https:\/\/ubanews.com\/site\/wp-content\/uploads\/2020\/03\/Instagram-300x171.jpg 300w, https:\/\/ubanews.com\/site\/wp-content\/uploads\/2020\/03\/Instagram-768x438.jpg 768w, https:\/\/ubanews.com\/site\/wp-content\/uploads\/2020\/03\/Instagram-1024x585.jpg 1024w\" sizes=\"auto, (max-width: 182px) 100vw, 182px\" \/><\/a><\/p>\n","protected":false},"excerpt":{"rendered":"<p>No dia 09 de setembro, por volta de 23h 46min,<\/p>\n","protected":false},"author":2,"featured_media":11189,"comment_status":"open","ping_status":"open","sticky":false,"template":"","format":"standard","meta":{"footnotes":""},"categories":[13],"tags":[],"class_list":["post-18228","post","type-post","status-publish","format-standard","has-post-thumbnail","hentry","category-sintese-das-ocorrencias"],"_links":{"self":[{"href":"https:\/\/ubanews.com\/site\/wp-json\/wp\/v2\/posts\/18228","targetHints":{"allow":["GET"]}}],"collection":[{"href":"https:\/\/ubanews.com\/site\/wp-json\/wp\/v2\/posts"}],"about":[{"href":"https:\/\/ubanews.com\/site\/wp-json\/wp\/v2\/types\/post"}],"author":[{"embeddable":true,"href":"https:\/\/ubanews.com\/site\/wp-json\/wp\/v2\/users\/2"}],"replies":[{"embeddable":true,"href":"https:\/\/ubanews.com\/site\/wp-json\/wp\/v2\/comments?post=18228"}],"version-history":[{"count":0,"href":"https:\/\/ubanews.com\/site\/wp-json\/wp\/v2\/posts\/18228\/revisions"}],"wp:featuredmedia":[{"embeddable":true,"href":"https:\/\/ubanews.com\/site\/wp-json\/wp\/v2\/media\/11189"}],"wp:attachment":[{"href":"https:\/\/ubanews.com\/site\/wp-json\/wp\/v2\/media?parent=18228"}],"wp:term":[{"taxonomy":"category","embeddable":true,"href":"https:\/\/ubanews.com\/site\/wp-json\/wp\/v2\/categories?post=18228"},{"taxonomy":"post_tag","embeddable":true,"href":"https:\/\/ubanews.com\/site\/wp-json\/wp\/v2\/tags?post=18228"}],"curies":[{"name":"wp","href":"https:\/\/api.w.org\/{rel}","templated":true}]}}