{"id":18200,"date":"2020-09-10T07:07:22","date_gmt":"2020-09-10T10:07:22","guid":{"rendered":"http:\/\/ubanews.com\/site\/?p=18200"},"modified":"2020-09-08T12:11:48","modified_gmt":"2020-09-08T15:11:48","slug":"o-dia-do-gordo-e-celebrado-em-10-de-setembro","status":"publish","type":"post","link":"https:\/\/ubanews.com\/site\/2020\/09\/10\/o-dia-do-gordo-e-celebrado-em-10-de-setembro\/","title":{"rendered":"O\u00a0Dia do Gordo\u00a0\u00e9 celebrado em\u00a010 de setembro."},"content":{"rendered":"<p>O principal objetivo do Dia do Gordo \u00e9 a conscientiza\u00e7\u00e3o sobre a import\u00e2ncia de se manter o respeito por aqueles que est\u00e3o acima do peso, ou mesmo aquelas pessoas que apenas possuem uma estrutura corporal mais avantajada.<\/p>\n<p>Como sabemos, a obesidade pode ser prejudicial \u00e0 sa\u00fade. Por\u00e9m, n\u00e3o significa que a pessoa que apresenta uma constitui\u00e7\u00e3o f\u00edsica maior tenha necessariamente alguma enfermidade.<\/p>\n<div id=\"metaslider-id-17652\" style=\"max-width: 1000px;\" class=\"ml-slider-3-110-0 metaslider metaslider-nivo metaslider-17652 ml-slider ms-theme-outline\" role=\"region\" aria-label=\"Texto\" data-height=\"200\" data-width=\"1000\">\n    <div id=\"metaslider_container_17652\">\n        <div class='slider-wrapper theme-default'><div class='ribbon'><\/div><div id='metaslider_17652' class='nivoSlider'><\/div><\/div>\n        \n    <\/div>\n<\/div>\n<p>Afinal, existem pessoas magras que convivem com diversos problemas de sa\u00fade, e nem por isso s\u00e3o vistas com desprezo.<\/p>\n<figure class=\"image\"><img loading=\"lazy\" decoding=\"async\" src=\"https:\/\/s.calendarr.com\/upload\/datas\/di\/ad\/dia-do-gordo.jpg\" alt=\"dia do gordo\" width=\"655\" height=\"476\"><figcaption>Mulheres que participam do movimento &#8220;Vai ter Gorda&#8221;, que tem o intuito de combater a gordofobia<\/figcaption><\/figure>\n<p>Pode-se dizer que essa vis\u00e3o de mundo preconceituosa acontece em parte por est\u00edmulo da ind\u00fastria da moda e das grandes marcas, que exibem em seus desfiles modelos mag\u00e9rrimas e, essas sim, muitas vezes com problemas alimentares graves, como anorexia e bulimia.<\/p>\n<p>Enfim, ningu\u00e9m deve ser motivo de piada preconceituosa ou desrespeitado por conta de seu condicionamento f\u00edsico.<\/p>\n<p>Portanto, o Dia do Gordo surge como uma \u00f3tima oportunidade para desconstruir preconceitos, alterar os padr\u00f5es de beleza estereotipados e reavaliar sua conduta frente ao problema da&nbsp;<strong>gordofobia<\/strong>, que recai principalmente sobre as mulheres.<\/p>\n<p>Atualmente, o Dia do Gordo costuma ser amplamente celebrado na internet, principalmente em blogs e nas redes sociais. No entanto, n\u00e3o se sabe ao certo a origem desa data.<\/p>\n<p><strong>Voc\u00ea tamb\u00e9m pode se interessar por<\/strong>:&nbsp;<a href=\"https:\/\/www.calendarr.com\/brasil\/dia-da-conscientizacao-contra-a-obesidade-morbida-infantil\/\" target=\"_blank\" rel=\"noopener\">Dia da Conscientiza\u00e7\u00e3o Contra a Obesidade M\u00f3rbida Infantil<\/a>.<\/p>\n<p><strong>Fonte: <a href=\"https:\/\/www.calendarr.com\/brasil\/dia-do-gordo\/\" target=\"_blank\" rel=\"noopener\">Calendarr<\/a><\/strong><\/p>\n","protected":false},"excerpt":{"rendered":"<p>O principal objetivo do Dia do Gordo \u00e9 a conscientiza\u00e7\u00e3o<\/p>\n","protected":false},"author":2,"featured_media":18201,"comment_status":"open","ping_status":"open","sticky":false,"template":"","format":"standard","meta":{"footnotes":""},"categories":[1],"tags":[],"class_list":["post-18200","post","type-post","status-publish","format-standard","has-post-thumbnail","hentry","category-sem-categoria"],"_links":{"self":[{"href":"https:\/\/ubanews.com\/site\/wp-json\/wp\/v2\/posts\/18200","targetHints":{"allow":["GET"]}}],"collection":[{"href":"https:\/\/ubanews.com\/site\/wp-json\/wp\/v2\/posts"}],"about":[{"href":"https:\/\/ubanews.com\/site\/wp-json\/wp\/v2\/types\/post"}],"author":[{"embeddable":true,"href":"https:\/\/ubanews.com\/site\/wp-json\/wp\/v2\/users\/2"}],"replies":[{"embeddable":true,"href":"https:\/\/ubanews.com\/site\/wp-json\/wp\/v2\/comments?post=18200"}],"version-history":[{"count":0,"href":"https:\/\/ubanews.com\/site\/wp-json\/wp\/v2\/posts\/18200\/revisions"}],"wp:featuredmedia":[{"embeddable":true,"href":"https:\/\/ubanews.com\/site\/wp-json\/wp\/v2\/media\/18201"}],"wp:attachment":[{"href":"https:\/\/ubanews.com\/site\/wp-json\/wp\/v2\/media?parent=18200"}],"wp:term":[{"taxonomy":"category","embeddable":true,"href":"https:\/\/ubanews.com\/site\/wp-json\/wp\/v2\/categories?post=18200"},{"taxonomy":"post_tag","embeddable":true,"href":"https:\/\/ubanews.com\/site\/wp-json\/wp\/v2\/tags?post=18200"}],"curies":[{"name":"wp","href":"https:\/\/api.w.org\/{rel}","templated":true}]}}