{"id":18197,"date":"2020-09-09T07:03:22","date_gmt":"2020-09-09T10:03:22","guid":{"rendered":"http:\/\/ubanews.com\/site\/?p=18197"},"modified":"2020-09-08T12:06:49","modified_gmt":"2020-09-08T15:06:49","slug":"o-dia-do-medico-veterinario-ou-dia-do-veterinario-e-comemorado-anualmente-em-9-de-setembro","status":"publish","type":"post","link":"https:\/\/ubanews.com\/site\/2020\/09\/09\/o-dia-do-medico-veterinario-ou-dia-do-veterinario-e-comemorado-anualmente-em-9-de-setembro\/","title":{"rendered":"O\u00a0Dia do M\u00e9dico Veterin\u00e1rio\u00a0ou\u00a0Dia do Veterin\u00e1rio\u00a0\u00e9 comemorado anualmente em\u00a09 de setembro."},"content":{"rendered":"<div class=\"col-xs-12 col-sm-8 holiday-detail-box\">\n<h1>Dia do M\u00e9dico Veterin\u00e1rio<\/h1>\n<\/div>\n<div class=\"col-sm-8 list-holiday-box\">\n<div class=\"next-holiday-box\"><span class=\"next-holiday-title\">Pr\u00f3ximo&nbsp;<span class=\"hidden-xs\">Dia do M\u00e9dico Veterin\u00e1rio<\/span><\/span>&nbsp;<span class=\"next-holiday-date\">9 de Setembro de 2020 (Quarta-feira)<\/span><\/div>\n<div id=\"sg-social-share-content\" class=\"holiday-content\">\n<div id=\"div-gpt-sg-cd603ba9bf9b40ea7a3ace39852fa6e6\" class=\"ad-unit ad-unit--pt-br pub-mrec-content ad-unit--pt\" data-google-query-id=\"CKjv2JHq2esCFbMN1AodZVICjQ\">\n<div>&nbsp;<\/div>\n<div id=\"google_ads_iframe_\/1062898\/CALENDARR_BR_ARTICLE_TOP_0__container__\"><span style=\"font-size: 1.0625rem;\">O&nbsp;<\/span><strong style=\"font-size: 1.0625rem;\">Dia do M\u00e9dico Veterin\u00e1rio&nbsp;<\/strong><span style=\"font-size: 1.0625rem;\">ou&nbsp;<\/span><strong style=\"font-size: 1.0625rem;\">Dia do Veterin\u00e1rio<\/strong><span style=\"font-size: 1.0625rem;\">&nbsp;\u00e9 comemorado anualmente em&nbsp;<\/span><strong style=\"font-size: 1.0625rem;\">9 de setembro<\/strong><span style=\"font-size: 1.0625rem;\">.<\/span><\/div>\n<\/div>\n<p>Esta data celebra a a\u00e7\u00e3o dos profissionais respons\u00e1veis por cuidar da sa\u00fade dos animais.<\/p>\n<p>Os veterin\u00e1rios cuidam tanto de bichinhos de estima\u00e7\u00e3o, como gatos e c\u00e3es, por exemplo, ou os animais selvagens, como le\u00f5es e on\u00e7as.<\/p>\n<p>Os veterin\u00e1rios tamb\u00e9m ajudam a diminuir a propaga\u00e7\u00e3o de doen\u00e7as transmitidas por animais para os seres humanos.<\/p>\n<p>Em outras palavras, al\u00e9m da sa\u00fade dos animais, o m\u00e9dico veterin\u00e1rio auxilia na preserva\u00e7\u00e3o da sa\u00fade da popula\u00e7\u00e3o humana.<\/p>\n<div id=\"metaslider-id-17652\" style=\"max-width: 1000px;\" class=\"ml-slider-3-110-0 metaslider metaslider-nivo metaslider-17652 ml-slider ms-theme-outline\" role=\"region\" aria-label=\"Texto\" data-height=\"200\" data-width=\"1000\">\n    <div id=\"metaslider_container_17652\">\n        <div class='slider-wrapper theme-default'><div class='ribbon'><\/div><div id='metaslider_17652' class='nivoSlider'><\/div><\/div>\n        \n    <\/div>\n<\/div>\n<h2>Homenagem ao Dia do M\u00e9dico Veterin\u00e1rio<\/h2>\n<p><em>Ser veterin\u00e1rio \u00e9 cuidar da sa\u00fade dos animais e sobretudo am\u00e1-los. Que o amor que voc\u00ea dedica aos animais, lhe seja recompensado. Parab\u00e9ns pelo seu dia!<\/em><\/p>\n<p><em>Hoje \u00e9 Dia do Veterin\u00e1rio\u2026 Dia de homenagear os \u201cher\u00f3is\u201d que socorrem nossos bichinhos de estima\u00e7\u00e3o quando eles mais precisam! O carinho, dedica\u00e7\u00e3o e empenho dos veterin\u00e1rios \u00e9 essencial para garantir um bom trabalho. Obrigado, querido veterin\u00e1rio, por ser um exemplo de profissional!<\/em><\/p>\n<h2>Origem do Dia do Veterin\u00e1rio<\/h2>\n<p>O Dia do M\u00e9dico Veterin\u00e1rio \u00e9 comemorado em 9 de setembro porque foi exatamente nessa data, em 1933, que o presidente do Brasil, Get\u00falio Vargas, assinava o&nbsp;<strong>Decreto Lei n\u00ba 23.133<\/strong>, que regulariza a profiss\u00e3o e o ensino da medicina veterin\u00e1ria no pa\u00eds.<\/p>\n<p>Mesmo sendo oficializado apenas em 1933, os cursos de forma\u00e7\u00e3o em veterin\u00e1ria j\u00e1 existiam no Brasil desde 1910.<\/p>\n<p><strong>Voc\u00ea tamb\u00e9m pode se interessar por<\/strong>:&nbsp;<a href=\"https:\/\/www.calendarr.com\/brasil\/dia-dos-animais\/\" target=\"_blank\" rel=\"noopener\">Dia dos Animais<\/a>.<\/p>\n<p><strong>Fonte: <a href=\"https:\/\/www.calendarr.com\/brasil\/dia-do-medico-veterinario\/\" target=\"_blank\" rel=\"noopener\">Calendarr<\/a><\/strong><\/p>\n<p><a href=\"https:\/\/www.instagram.com\/portalubanews\/?hl=pt-br\" target=\"_blank\" rel=\"noopener\"><img loading=\"lazy\" decoding=\"async\" class=\"aligncenter wp-image-15594\" src=\"https:\/\/ubanews.com\/site\/wp-content\/uploads\/2020\/03\/Instagram.jpg\" alt=\"\" width=\"182\" height=\"104\" srcset=\"https:\/\/ubanews.com\/site\/wp-content\/uploads\/2020\/03\/Instagram.jpg 1200w, https:\/\/ubanews.com\/site\/wp-content\/uploads\/2020\/03\/Instagram-300x171.jpg 300w, https:\/\/ubanews.com\/site\/wp-content\/uploads\/2020\/03\/Instagram-768x438.jpg 768w, https:\/\/ubanews.com\/site\/wp-content\/uploads\/2020\/03\/Instagram-1024x585.jpg 1024w\" sizes=\"auto, (max-width: 182px) 100vw, 182px\" \/><\/a><\/p>\n<\/div>\n<\/div>\n","protected":false},"excerpt":{"rendered":"<p>Dia do M\u00e9dico Veterin\u00e1rio Pr\u00f3ximo&nbsp;Dia do M\u00e9dico Veterin\u00e1rio&nbsp;9 de Setembro<\/p>\n","protected":false},"author":2,"featured_media":18198,"comment_status":"open","ping_status":"open","sticky":false,"template":"","format":"standard","meta":{"footnotes":""},"categories":[1],"tags":[],"class_list":["post-18197","post","type-post","status-publish","format-standard","has-post-thumbnail","hentry","category-sem-categoria"],"_links":{"self":[{"href":"https:\/\/ubanews.com\/site\/wp-json\/wp\/v2\/posts\/18197","targetHints":{"allow":["GET"]}}],"collection":[{"href":"https:\/\/ubanews.com\/site\/wp-json\/wp\/v2\/posts"}],"about":[{"href":"https:\/\/ubanews.com\/site\/wp-json\/wp\/v2\/types\/post"}],"author":[{"embeddable":true,"href":"https:\/\/ubanews.com\/site\/wp-json\/wp\/v2\/users\/2"}],"replies":[{"embeddable":true,"href":"https:\/\/ubanews.com\/site\/wp-json\/wp\/v2\/comments?post=18197"}],"version-history":[{"count":0,"href":"https:\/\/ubanews.com\/site\/wp-json\/wp\/v2\/posts\/18197\/revisions"}],"wp:featuredmedia":[{"embeddable":true,"href":"https:\/\/ubanews.com\/site\/wp-json\/wp\/v2\/media\/18198"}],"wp:attachment":[{"href":"https:\/\/ubanews.com\/site\/wp-json\/wp\/v2\/media?parent=18197"}],"wp:term":[{"taxonomy":"category","embeddable":true,"href":"https:\/\/ubanews.com\/site\/wp-json\/wp\/v2\/categories?post=18197"},{"taxonomy":"post_tag","embeddable":true,"href":"https:\/\/ubanews.com\/site\/wp-json\/wp\/v2\/tags?post=18197"}],"curies":[{"name":"wp","href":"https:\/\/api.w.org\/{rel}","templated":true}]}}