{"id":18196,"date":"2020-09-08T12:02:45","date_gmt":"2020-09-08T15:02:45","guid":{"rendered":"http:\/\/ubanews.com\/site\/?p=18196"},"modified":"2020-09-08T12:02:45","modified_gmt":"2020-09-08T15:02:45","slug":"o-dia-mundial-da-alfabetizacao-e-celebrado-em-8-de-setembro","status":"publish","type":"post","link":"https:\/\/ubanews.com\/site\/2020\/09\/08\/o-dia-mundial-da-alfabetizacao-e-celebrado-em-8-de-setembro\/","title":{"rendered":"O\u00a0Dia Mundial da Alfabetiza\u00e7\u00e3o\u00a0\u00e9 celebrado em\u00a08 de setembro."},"content":{"rendered":"<p>Com o prop\u00f3sito de fomentar a alfabetiza\u00e7\u00e3o nos v\u00e1rios pa\u00edses, a Organiza\u00e7\u00e3o das Na\u00e7\u00f5es Unidas (ONU) e a Organiza\u00e7\u00e3o das Na\u00e7\u00f5es Unidas para a Educa\u00e7\u00e3o, a Ci\u00eancia e a Cultura (UNESCO) institu\u00edram esta data em 1967.<\/p>\n<p>O processo da aprendizagem de ler e escrever (alfabetiza\u00e7\u00e3o) est\u00e1 diretamente relacionado com o desenvolvimento de um pa\u00eds, conforme indicam pesquisas na \u00e1rea. Quanto mais pessoas analfabetas, menor \u00e9 o \u00edndice de desenvolvimento.<\/p>\n<p>Por esse motivo, nas \u00faltimas d\u00e9cadas&nbsp;<strong>v\u00e1rios pa\u00edses t\u00eam assumido o compromisso de combater o analfabetismo<\/strong>. Atualmente, a alfabetiza\u00e7\u00e3o atinge cerca de 85% da popula\u00e7\u00e3o mundial, de acordo com dados da ONU.<\/p>\n<p>No entanto, estima-se que ainda existem quase&nbsp;<strong>800 milh\u00f5es de adultos no mundo que n\u00e3o sabem ler<\/strong>, escrever ou contar, e aproximadamente 250 milh\u00f5es de crian\u00e7as consideradas analfabetas funcionais (n\u00e3o conseguem interpretar os textos).<\/p>\n<div id=\"metaslider-id-17652\" style=\"max-width: 1000px;\" class=\"ml-slider-3-110-0 metaslider metaslider-nivo metaslider-17652 ml-slider ms-theme-outline\" role=\"region\" aria-label=\"Texto\" data-height=\"200\" data-width=\"1000\">\n    <div id=\"metaslider_container_17652\">\n        <div class='slider-wrapper theme-default'><div class='ribbon'><\/div><div id='metaslider_17652' class='nivoSlider'><\/div><\/div>\n        \n    <\/div>\n<\/div>\n<p>O objetivo n\u00e3o \u00e9 apenas alfabetizar, mas fazer com que os jovens e adultos saibam interpretar um texto criticamente e que desenvolvam prazer com a leitura.<\/p>\n<p>Abaixo a lista de pa\u00edses com as maiores taxas de analfabetismo no mundo:<\/p>\n<ul>\n<li>Sud\u00e3o do Sul: 73%<\/li>\n<li>Afeganist\u00e3o: 71.9%<\/li>\n<li>Burkina Faso: 71.3%<\/li>\n<li>N\u00edger: 71.3%<\/li>\n<li>Mali: 66.6%<\/li>\n<li>Chade: 64.4%<\/li>\n<li>Som\u00e1lia: 62.2%<\/li>\n<li>Eti\u00f3pia: 61%<\/li>\n<li>Guineia: 59%<\/li>\n<li>Benin: 57.6%<\/li>\n<li>Serra Leoa: 56.7%<\/li>\n<li>Haiti: 51.3%<\/li>\n<li>Senegal: 50.3%<\/li>\n<li>Wallis e Futuna: 50%<\/li>\n<li>G\u00e2mbia: 48.9%<\/li>\n<\/ul>\n<h2>Dia Nacional da Alfabetiza\u00e7\u00e3o<\/h2>\n<p>O&nbsp;<strong>Brasil<\/strong>&nbsp;ainda celebra o&nbsp;<strong>Dia Nacional da Alfabetiza\u00e7\u00e3o<\/strong>&nbsp;em 14 de novembro. Esta data foi criada por iniciativa do Minist\u00e9rio da Educa\u00e7\u00e3o e Ci\u00eancia (MEC), a partir da lei n\u00ba 19.402\/1930.<\/p>\n<p>Saiba mais sobre o&nbsp;<a href=\"https:\/\/www.calendarr.com\/brasil\/dia-nacional-da-alfabetizacao\/\" target=\"_blank\" rel=\"noopener\">Dia Nacional da Alfabetiza\u00e7\u00e3o<\/a>.<\/p>\n<p><strong>Fonte: <a href=\"https:\/\/www.calendarr.com\/brasil\/dia-mundial-da-alfabetizacao\/\" target=\"_blank\" rel=\"noopener\">Calendarr<\/a><\/strong><\/p>\n","protected":false},"excerpt":{"rendered":"<p>Com o prop\u00f3sito de fomentar a alfabetiza\u00e7\u00e3o nos v\u00e1rios pa\u00edses,<\/p>\n","protected":false},"author":2,"featured_media":16993,"comment_status":"open","ping_status":"open","sticky":false,"template":"","format":"standard","meta":{"footnotes":""},"categories":[1],"tags":[],"class_list":["post-18196","post","type-post","status-publish","format-standard","has-post-thumbnail","hentry","category-sem-categoria"],"_links":{"self":[{"href":"https:\/\/ubanews.com\/site\/wp-json\/wp\/v2\/posts\/18196","targetHints":{"allow":["GET"]}}],"collection":[{"href":"https:\/\/ubanews.com\/site\/wp-json\/wp\/v2\/posts"}],"about":[{"href":"https:\/\/ubanews.com\/site\/wp-json\/wp\/v2\/types\/post"}],"author":[{"embeddable":true,"href":"https:\/\/ubanews.com\/site\/wp-json\/wp\/v2\/users\/2"}],"replies":[{"embeddable":true,"href":"https:\/\/ubanews.com\/site\/wp-json\/wp\/v2\/comments?post=18196"}],"version-history":[{"count":0,"href":"https:\/\/ubanews.com\/site\/wp-json\/wp\/v2\/posts\/18196\/revisions"}],"wp:featuredmedia":[{"embeddable":true,"href":"https:\/\/ubanews.com\/site\/wp-json\/wp\/v2\/media\/16993"}],"wp:attachment":[{"href":"https:\/\/ubanews.com\/site\/wp-json\/wp\/v2\/media?parent=18196"}],"wp:term":[{"taxonomy":"category","embeddable":true,"href":"https:\/\/ubanews.com\/site\/wp-json\/wp\/v2\/categories?post=18196"},{"taxonomy":"post_tag","embeddable":true,"href":"https:\/\/ubanews.com\/site\/wp-json\/wp\/v2\/tags?post=18196"}],"curies":[{"name":"wp","href":"https:\/\/api.w.org\/{rel}","templated":true}]}}