{"id":18190,"date":"2020-09-08T11:04:02","date_gmt":"2020-09-08T14:04:02","guid":{"rendered":"http:\/\/ubanews.com\/site\/?p=18190"},"modified":"2020-09-08T11:05:07","modified_gmt":"2020-09-08T14:05:07","slug":"menor-de-idade-foi-apreendido-com-drogas-no-bairro-da-luz","status":"publish","type":"post","link":"https:\/\/ubanews.com\/site\/2020\/09\/08\/menor-de-idade-foi-apreendido-com-drogas-no-bairro-da-luz\/","title":{"rendered":"MENOR DE IDADE FOI APREENDIDO COM DROGAS NO BAIRRO DA LUZ"},"content":{"rendered":"<p>Em Opera\u00e7\u00e3o Batida Policial pelo Bairro da Luz, policiais militares depararam com um indiv\u00edduo em atitude de suspei\u00e7\u00e3o na rua Virg\u00edlio Maia Neves, por volta de 19h e 17min do dia 06 de setembro, o qual portava uma sacola nas m\u00e3os.<\/p>\n<p>Mesmo tentando evadir, o autor foi abordado e, ap\u00f3s buscas, a Pol\u00edcia logrou \u00eaxito em localizar 01 inv\u00f3lucro e 39 pinos contendo substancia an\u00e1loga \u00e0coca\u00edna, 60 buchas de uma subst\u00e2ncia an\u00e1loga \u00e0 maconha, R$10,00 e 01 r\u00e1dio HT.<\/p>\n<div id=\"metaslider-id-17652\" style=\"max-width: 1000px;\" class=\"ml-slider-3-110-0 metaslider metaslider-nivo metaslider-17652 ml-slider ms-theme-outline\" role=\"region\" aria-label=\"Texto\" data-height=\"200\" data-width=\"1000\">\n    <div id=\"metaslider_container_17652\">\n        <div class='slider-wrapper theme-default'><div class='ribbon'><\/div><div id='metaslider_17652' class='nivoSlider'><\/div><\/div>\n        \n    <\/div>\n<\/div>\n<p>O autor, que \u00e9 menor de idade, foi apreendido juntamente com os materiais e encaminhado \u00e0 Delegacia de Pol\u00edcia para provid\u00eancias pertinentes.<\/p>\n<p><strong>ASSESSORIA DE COMUNICA\u00c7\u00c3O ORGANIZACIONAL<\/strong><br \/>\n<strong>Vig\u00e9simo Primeiro Batalh\u00e3o de Pol\u00edcia Militar<\/strong><\/p>\n<p><a href=\"https:\/\/www.instagram.com\/portalubanews\/?hl=pt-br\" target=\"_blank\" rel=\"noopener\"><img loading=\"lazy\" decoding=\"async\" class=\"aligncenter wp-image-15594\" src=\"https:\/\/ubanews.com\/site\/wp-content\/uploads\/2020\/03\/Instagram.jpg\" alt=\"\" width=\"182\" height=\"104\" srcset=\"https:\/\/ubanews.com\/site\/wp-content\/uploads\/2020\/03\/Instagram.jpg 1200w, https:\/\/ubanews.com\/site\/wp-content\/uploads\/2020\/03\/Instagram-300x171.jpg 300w, https:\/\/ubanews.com\/site\/wp-content\/uploads\/2020\/03\/Instagram-768x438.jpg 768w, https:\/\/ubanews.com\/site\/wp-content\/uploads\/2020\/03\/Instagram-1024x585.jpg 1024w\" sizes=\"auto, (max-width: 182px) 100vw, 182px\" \/><\/a><\/p>\n","protected":false},"excerpt":{"rendered":"<p>Em Opera\u00e7\u00e3o Batida Policial pelo Bairro da Luz, policiais militares<\/p>\n","protected":false},"author":2,"featured_media":18191,"comment_status":"open","ping_status":"open","sticky":false,"template":"","format":"standard","meta":{"footnotes":""},"categories":[13],"tags":[],"class_list":["post-18190","post","type-post","status-publish","format-standard","has-post-thumbnail","hentry","category-sintese-das-ocorrencias"],"_links":{"self":[{"href":"https:\/\/ubanews.com\/site\/wp-json\/wp\/v2\/posts\/18190","targetHints":{"allow":["GET"]}}],"collection":[{"href":"https:\/\/ubanews.com\/site\/wp-json\/wp\/v2\/posts"}],"about":[{"href":"https:\/\/ubanews.com\/site\/wp-json\/wp\/v2\/types\/post"}],"author":[{"embeddable":true,"href":"https:\/\/ubanews.com\/site\/wp-json\/wp\/v2\/users\/2"}],"replies":[{"embeddable":true,"href":"https:\/\/ubanews.com\/site\/wp-json\/wp\/v2\/comments?post=18190"}],"version-history":[{"count":0,"href":"https:\/\/ubanews.com\/site\/wp-json\/wp\/v2\/posts\/18190\/revisions"}],"wp:featuredmedia":[{"embeddable":true,"href":"https:\/\/ubanews.com\/site\/wp-json\/wp\/v2\/media\/18191"}],"wp:attachment":[{"href":"https:\/\/ubanews.com\/site\/wp-json\/wp\/v2\/media?parent=18190"}],"wp:term":[{"taxonomy":"category","embeddable":true,"href":"https:\/\/ubanews.com\/site\/wp-json\/wp\/v2\/categories?post=18190"},{"taxonomy":"post_tag","embeddable":true,"href":"https:\/\/ubanews.com\/site\/wp-json\/wp\/v2\/tags?post=18190"}],"curies":[{"name":"wp","href":"https:\/\/api.w.org\/{rel}","templated":true}]}}