{"id":18099,"date":"2020-08-31T18:30:00","date_gmt":"2020-08-31T21:30:00","guid":{"rendered":"http:\/\/ubanews.com\/site\/?p=18099"},"modified":"2020-09-01T09:36:36","modified_gmt":"2020-09-01T12:36:36","slug":"gente-de-expressao","status":"publish","type":"post","link":"https:\/\/ubanews.com\/site\/2020\/08\/31\/gente-de-expressao\/","title":{"rendered":"Gente de Express\u00e3o"},"content":{"rendered":"<p>Sodr\u00e9 (Carlos Roberto Sodr\u00e9) nasceu em Visconde do Rio Branco em 31 de agosto de 1964.<\/p>\n<p><a href=\"https:\/\/ubanews.com\/site\/wp-content\/uploads\/2020\/08\/1.jpg\"><img loading=\"lazy\" decoding=\"async\" class=\"aligncenter size-full wp-image-18100\" src=\"https:\/\/ubanews.com\/site\/wp-content\/uploads\/2020\/08\/1.jpg\" alt=\"\" width=\"539\" height=\"960\" srcset=\"https:\/\/ubanews.com\/site\/wp-content\/uploads\/2020\/08\/1.jpg 539w, https:\/\/ubanews.com\/site\/wp-content\/uploads\/2020\/08\/1-168x300.jpg 168w\" sizes=\"auto, (max-width: 539px) 100vw, 539px\" \/><\/a><\/p>\n<p>Fam\u00edlia<\/p>\n<p>Filho de Expedito Sodr\u00e9 (1934\/2013) e Nelci Gomes Sodr\u00e9 (1944\/2009), Casado com Rosilene Pereira Sodr\u00e9, pai de tr\u00eas filhos, Carlos Roberto Sodr\u00e9 J\u00fanior, Larissa e Laisa.<\/p>\n<p>Forma\u00e7\u00e3o<\/p>\n<p>Formado em Comunica\u00e7\u00e3o Social (jornalismo) pela FAGOC (Faculdade Governador Ozanan Coelho), turma de 2010.<\/p>\n<p>Magist\u00e9rio<\/p>\n<p>Professor de Ci\u00eancias Sociais (Filosofia e Sociologia) na rede estadual de ensino de Minas Gerais.<\/p>\n<p>Carreira Atualmente, al\u00e9m de ser professor, Sodr\u00e9 \u00e9 editor do portal Ub\u00e1 News (www.ubanews.com) e produz a apresenta o noticioso &#8220;Em dia com a not\u00edcia&#8221; da r\u00e1dio Educadora AM e FM de Ub\u00e1. Al\u00e9m da Educadora, j\u00e1 trabalho na Ubaense e na Cidade Carinho. Em Visconde do Rio Branco, trabalhou na r\u00e1dio Cultura, e em Juiz de Fora, nas r\u00e1dios Panorama FM e Energia FM.<\/p>\n<p>Enciclop\u00e9dia<\/p>\n<p>Seu nome consta no livro &#8220;A Enciclop\u00e9dia do R\u00e1dio Esportivo Mineiro&#8221; das jornalistas e historiadoras Nair Prata Moreira Martins e Maria Cl\u00e1udia Santos, que tem capa do jornalista e chargista Son Salvador (1949\/2019) e pref\u00e1cios do presidente da Associa\u00e7\u00e3o Mineira de Cronistas Esportivos (AMCE), Luiz Carlos Gomes e do vice-presidente da Associa\u00e7\u00e3o Brasileira das Emissoras de R\u00e1dio e Televis\u00e3o e diretor-presidente da Rede Itatiaia de R\u00e1dio, Emanuel Soares Carneiro.<\/p>\n<p>Condecora\u00e7\u00f5es<\/p>\n<p>Cidad\u00e3o Honor\u00e1rio de Guidoval &#8211; 2017<\/p>\n<p>M\u00e9rito Legislativo de Visconde do Rio Branco &#8211; 2019<\/p>\n<p>Academia<\/p>\n<p>Deste 28 de julho de 2018, ocupa a cadeira 37 da Academia Ubaense de Letras (AULE), a &#8220;Academia Ant\u00f4nio Olinto&#8221;, cujo patrono \u00e9 Philip Balbi.<\/p>\n<p>Fonte: www.carlosferreirajf.blogspot.com<\/p>\n","protected":false},"excerpt":{"rendered":"<p>Sodr\u00e9 (Carlos Roberto Sodr\u00e9) nasceu em Visconde do Rio Branco<\/p>\n","protected":false},"author":2,"featured_media":18101,"comment_status":"open","ping_status":"open","sticky":false,"template":"","format":"standard","meta":{"footnotes":""},"categories":[1],"tags":[],"class_list":["post-18099","post","type-post","status-publish","format-standard","has-post-thumbnail","hentry","category-sem-categoria"],"_links":{"self":[{"href":"https:\/\/ubanews.com\/site\/wp-json\/wp\/v2\/posts\/18099","targetHints":{"allow":["GET"]}}],"collection":[{"href":"https:\/\/ubanews.com\/site\/wp-json\/wp\/v2\/posts"}],"about":[{"href":"https:\/\/ubanews.com\/site\/wp-json\/wp\/v2\/types\/post"}],"author":[{"embeddable":true,"href":"https:\/\/ubanews.com\/site\/wp-json\/wp\/v2\/users\/2"}],"replies":[{"embeddable":true,"href":"https:\/\/ubanews.com\/site\/wp-json\/wp\/v2\/comments?post=18099"}],"version-history":[{"count":0,"href":"https:\/\/ubanews.com\/site\/wp-json\/wp\/v2\/posts\/18099\/revisions"}],"wp:featuredmedia":[{"embeddable":true,"href":"https:\/\/ubanews.com\/site\/wp-json\/wp\/v2\/media\/18101"}],"wp:attachment":[{"href":"https:\/\/ubanews.com\/site\/wp-json\/wp\/v2\/media?parent=18099"}],"wp:term":[{"taxonomy":"category","embeddable":true,"href":"https:\/\/ubanews.com\/site\/wp-json\/wp\/v2\/categories?post=18099"},{"taxonomy":"post_tag","embeddable":true,"href":"https:\/\/ubanews.com\/site\/wp-json\/wp\/v2\/tags?post=18099"}],"curies":[{"name":"wp","href":"https:\/\/api.w.org\/{rel}","templated":true}]}}