{"id":18096,"date":"2020-08-31T10:30:48","date_gmt":"2020-08-31T13:30:48","guid":{"rendered":"http:\/\/ubanews.com\/site\/?p=18096"},"modified":"2020-08-31T11:49:54","modified_gmt":"2020-08-31T14:49:54","slug":"motorista-de-aplicativo-se-recusa-a-fazer-uma-corrida-1h-40min-da-manha-e-bandidos-efetuam-assalto","status":"publish","type":"post","link":"https:\/\/ubanews.com\/site\/2020\/08\/31\/motorista-de-aplicativo-se-recusa-a-fazer-uma-corrida-1h-40min-da-manha-e-bandidos-efetuam-assalto\/","title":{"rendered":"MOTORISTA DE APLICATIVO SE RECUSA A FAZER UMA CORRIDA 1H 40MIN DA MANH\u00c3 E BANDIDOS EFETUAM ASSALTO"},"content":{"rendered":"<p>A Pol\u00edcia Militar compareceu ao local, onde foi informada pela v\u00edtima, que naquela noite trabalhava como motorista de aplicativo, e ao transitar pela Avenida Oleg\u00e1rio Maciel, foi surpreendido por 4 indiv\u00edduos que pediram uma corrida at\u00e9 o Residencial Solar.<\/p>\n<div id=\"metaslider-id-17652\" style=\"max-width: 1000px;\" class=\"ml-slider-3-110-0 metaslider metaslider-nivo metaslider-17652 ml-slider ms-theme-outline\" role=\"region\" aria-label=\"Texto\" data-height=\"200\" data-width=\"1000\">\n    <div id=\"metaslider_container_17652\">\n        <div class='slider-wrapper theme-default'><div class='ribbon'><\/div><div id='metaslider_17652' class='nivoSlider'><\/div><\/div>\n        \n    <\/div>\n<\/div>\n<p>Ao informar aos indiv\u00edduos que n\u00e3o poderia realizar a corrida, estes entraram no ve\u00edculo e anunciaram o roubo, subtraindo 01 aparelho celular e certa quantia em dinheiro.<\/p>\n<p>Imediatamente as equipes policiais iniciaram rastreamento logrando \u00eaxito em abordar dois indiv\u00edduos que foram reconhecidos pela v\u00edtima.<\/p>\n<p>Os autores, ambos menores de idade, receberam voz de apreens\u00e3o sendo encaminhados \u00e0 Delegacia de Pol\u00edcia de Ub\u00e1.<\/p>\n<p><strong>ASSESSORIA DE COMUNICA\u00c7\u00c3O ORGANIZACIONAL<\/strong><br \/>\n<strong>Vig\u00e9simo Primeiro Batalh\u00e3o de Pol\u00edcia Militar<\/strong><\/p>\n<p><strong>Apoio:<\/strong><\/p>\n<div style=\"width: 840px;\" class=\"wp-video\"><video class=\"wp-video-shortcode\" id=\"video-18096-1\" width=\"840\" height=\"473\" preload=\"metadata\" controls=\"controls\"><source type=\"video\/mp4\" src=\"https:\/\/ubanews.com\/site\/wp-content\/uploads\/2020\/08\/Video-Hospital-S\u00e3o-Januario.mp4?_=1\" \/><a href=\"https:\/\/ubanews.com\/site\/wp-content\/uploads\/2020\/08\/Video-Hospital-S\u00e3o-Januario.mp4\">https:\/\/ubanews.com\/site\/wp-content\/uploads\/2020\/08\/Video-Hospital-S\u00e3o-Januario.mp4<\/a><\/video><\/div>\n","protected":false},"excerpt":{"rendered":"<p>A Pol\u00edcia Militar compareceu ao local, onde foi informada pela<\/p>\n","protected":false},"author":2,"featured_media":1655,"comment_status":"open","ping_status":"open","sticky":false,"template":"","format":"standard","meta":{"footnotes":""},"categories":[13],"tags":[],"class_list":["post-18096","post","type-post","status-publish","format-standard","has-post-thumbnail","hentry","category-sintese-das-ocorrencias"],"_links":{"self":[{"href":"https:\/\/ubanews.com\/site\/wp-json\/wp\/v2\/posts\/18096","targetHints":{"allow":["GET"]}}],"collection":[{"href":"https:\/\/ubanews.com\/site\/wp-json\/wp\/v2\/posts"}],"about":[{"href":"https:\/\/ubanews.com\/site\/wp-json\/wp\/v2\/types\/post"}],"author":[{"embeddable":true,"href":"https:\/\/ubanews.com\/site\/wp-json\/wp\/v2\/users\/2"}],"replies":[{"embeddable":true,"href":"https:\/\/ubanews.com\/site\/wp-json\/wp\/v2\/comments?post=18096"}],"version-history":[{"count":0,"href":"https:\/\/ubanews.com\/site\/wp-json\/wp\/v2\/posts\/18096\/revisions"}],"wp:featuredmedia":[{"embeddable":true,"href":"https:\/\/ubanews.com\/site\/wp-json\/wp\/v2\/media\/1655"}],"wp:attachment":[{"href":"https:\/\/ubanews.com\/site\/wp-json\/wp\/v2\/media?parent=18096"}],"wp:term":[{"taxonomy":"category","embeddable":true,"href":"https:\/\/ubanews.com\/site\/wp-json\/wp\/v2\/categories?post=18096"},{"taxonomy":"post_tag","embeddable":true,"href":"https:\/\/ubanews.com\/site\/wp-json\/wp\/v2\/tags?post=18096"}],"curies":[{"name":"wp","href":"https:\/\/api.w.org\/{rel}","templated":true}]}}