{"id":18095,"date":"2020-08-31T09:30:55","date_gmt":"2020-08-31T12:30:55","guid":{"rendered":"http:\/\/ubanews.com\/site\/?p=18095"},"modified":"2020-08-31T11:41:58","modified_gmt":"2020-08-31T14:41:58","slug":"policia-militar-captura-foragidos-da-justica-em-uba","status":"publish","type":"post","link":"https:\/\/ubanews.com\/site\/2020\/08\/31\/policia-militar-captura-foragidos-da-justica-em-uba\/","title":{"rendered":"POL\u00cdCIA MILITAR CAPTURA FORAGIDOS DA JUSTI\u00c7A EM UB\u00c1"},"content":{"rendered":"<p>Na noite de sexta-feira, a Pol\u00edcia Militar logrou \u00eaxito em realizar duas abordagens distintas \u00e0 indiv\u00edduos suspeitos na Rua Ant\u00f4nio Batista, Centro da cidade, os quais ao serem submetidos \u00e0 busca pessoal e terem seus dados consultados em sistema informatizado, foram constatados mandados de pris\u00e3o em desfavor deles.<\/p>\n<div id=\"metaslider-id-17652\" style=\"max-width: 1000px;\" class=\"ml-slider-3-110-0 metaslider metaslider-nivo metaslider-17652 ml-slider ms-theme-outline\" role=\"region\" aria-label=\"Texto\" data-height=\"200\" data-width=\"1000\">\n    <div id=\"metaslider_container_17652\">\n        <div class='slider-wrapper theme-default'><div class='ribbon'><\/div><div id='metaslider_17652' class='nivoSlider'><\/div><\/div>\n        \n    <\/div>\n<\/div>\n<p>Ainda, com um dos homens, foi localizada uma bucha de subst\u00e2ncia &nbsp;an\u00e1loga \u00e0 maconha.<\/p>\n<p>\u00c0 ambos autores, um de 28 e outro de 21 anos, foi dada voz de pris\u00e3o mediante ordem judicial, sendo encaminhados pelas equipes \u00e0 Delegacia de Pol\u00edcia, onde ficaram \u00e0 disposi\u00e7\u00e3o da Justi\u00e7a.<\/p>\n<p><strong>ASSESSORIA DE COMUNICA\u00c7\u00c3O ORGANIZACIONAL<\/strong><br \/>\n<strong>Vig\u00e9simo Primeiro Batalh\u00e3o de Pol\u00edcia Militar<\/strong><\/p>\n<p><strong>Apoio:<\/strong><\/p>\n<div style=\"width: 840px;\" class=\"wp-video\"><video class=\"wp-video-shortcode\" id=\"video-18095-1\" width=\"840\" height=\"473\" preload=\"metadata\" controls=\"controls\"><source type=\"video\/mp4\" src=\"https:\/\/ubanews.com\/site\/wp-content\/uploads\/2020\/08\/Video-Hospital-S\u00e3o-Januario.mp4?_=1\" \/><a href=\"https:\/\/ubanews.com\/site\/wp-content\/uploads\/2020\/08\/Video-Hospital-S\u00e3o-Januario.mp4\">https:\/\/ubanews.com\/site\/wp-content\/uploads\/2020\/08\/Video-Hospital-S\u00e3o-Januario.mp4<\/a><\/video><\/div>\n","protected":false},"excerpt":{"rendered":"<p>Na noite de sexta-feira, a Pol\u00edcia Militar logrou \u00eaxito em<\/p>\n","protected":false},"author":2,"featured_media":2553,"comment_status":"open","ping_status":"open","sticky":false,"template":"","format":"standard","meta":{"footnotes":""},"categories":[13],"tags":[],"class_list":["post-18095","post","type-post","status-publish","format-standard","has-post-thumbnail","hentry","category-sintese-das-ocorrencias"],"_links":{"self":[{"href":"https:\/\/ubanews.com\/site\/wp-json\/wp\/v2\/posts\/18095","targetHints":{"allow":["GET"]}}],"collection":[{"href":"https:\/\/ubanews.com\/site\/wp-json\/wp\/v2\/posts"}],"about":[{"href":"https:\/\/ubanews.com\/site\/wp-json\/wp\/v2\/types\/post"}],"author":[{"embeddable":true,"href":"https:\/\/ubanews.com\/site\/wp-json\/wp\/v2\/users\/2"}],"replies":[{"embeddable":true,"href":"https:\/\/ubanews.com\/site\/wp-json\/wp\/v2\/comments?post=18095"}],"version-history":[{"count":0,"href":"https:\/\/ubanews.com\/site\/wp-json\/wp\/v2\/posts\/18095\/revisions"}],"wp:featuredmedia":[{"embeddable":true,"href":"https:\/\/ubanews.com\/site\/wp-json\/wp\/v2\/media\/2553"}],"wp:attachment":[{"href":"https:\/\/ubanews.com\/site\/wp-json\/wp\/v2\/media?parent=18095"}],"wp:term":[{"taxonomy":"category","embeddable":true,"href":"https:\/\/ubanews.com\/site\/wp-json\/wp\/v2\/categories?post=18095"},{"taxonomy":"post_tag","embeddable":true,"href":"https:\/\/ubanews.com\/site\/wp-json\/wp\/v2\/tags?post=18095"}],"curies":[{"name":"wp","href":"https:\/\/api.w.org\/{rel}","templated":true}]}}