{"id":18093,"date":"2020-08-30T17:23:45","date_gmt":"2020-08-30T20:23:45","guid":{"rendered":"http:\/\/ubanews.com\/site\/?p=18093"},"modified":"2020-08-30T17:23:45","modified_gmt":"2020-08-30T20:23:45","slug":"sobe-para-1019-casos-confirmados-para-covid-19-e-31-obitos-em-uba","status":"publish","type":"post","link":"https:\/\/ubanews.com\/site\/2020\/08\/30\/sobe-para-1019-casos-confirmados-para-covid-19-e-31-obitos-em-uba\/","title":{"rendered":"SOBE PARA 1019 CASOS CONFIRMADOS PARA COVID-19 E 31 \u00d3BITOS EM UB\u00c1"},"content":{"rendered":"<p><strong>Comunicado Oficial 169 &#8211; COVID\/19<\/strong><br \/>\n&nbsp;<br \/>\nEm raz\u00e3o da Pandemia de COVID-19, a Prefeitura de Ub\u00e1 atualiza as informa\u00e7\u00f5es em rela\u00e7\u00e3o \u00e0s medidas tomadas e ao quadro da doen\u00e7a na cidade at\u00e9 o presente momento.<\/p>\n<p>&#8211; Total de casos confirmados: 1019<br \/>\n(Soma dos casos confirmados de COVID-19 em pacientes residentes em Ub\u00e1)<br \/>\n&nbsp;<br \/>\n&#8211; Casos confirmados em acompanhamento: 298<br \/>\n(casos confirmados de COVID-19 cuja condi\u00e7\u00e3o cl\u00ednica permanece sendo acompanhada)<br \/>\n&nbsp;<br \/>\n&#8211; Casos recuperados: 690<br \/>\n(casos confirmados de COVID-19 que receberam alta hospitalar e\/ou cumpriram isolamento domiciliar de 10 dias sem intercorr\u00eancias e est\u00e3o h\u00e1, no m\u00ednimo, 72 horas assintom\u00e1ticos e sem a utiliza\u00e7\u00e3o de medicamentos.)<\/p>\n<p>&#8211; \u00d3bitos confirmados: 31<br \/>\n&nbsp;<br \/>\n&#8211; \u00d3bitos suspeitos\/investigados: 1<br \/>\n(soma dos casos de pacientes com suspeita de COVID-19 que vieram a \u00f3bito, cujo resultado do exame ainda \u00e9 aguardado.)<br \/>\n&nbsp;<br \/>\n&#8211; Casos Notificados: 5378<br \/>\n(total de casos analisados, dentre monitorados, confirmados e descartados desde 15\/03\/20)<br \/>\n&nbsp;<br \/>\n&#8211; Casos em monitoramento por s\u00edndrome gripal: 2984<br \/>\n(casos de pacientes monitorados com s\u00edndrome gripais que n\u00e3o se enquadram para coleta do teste)<br \/>\n&nbsp;<br \/>\n&nbsp;&#8211; Casos em investiga\u00e7\u00e3o: 3<br \/>\n(casos suspeitos de pacientes aguardando resultado do teste.)<br \/>\n&nbsp;<br \/>\n&nbsp;&#8211; Pacientes internados em leito cl\u00ednico: 5<br \/>\n(pacientes com caso suspeito ou confirmado de COVID-19 que encontram-se internados em leito cl\u00ednico de isolamento.)<br \/>\n&nbsp;<br \/>\n&nbsp;&#8211; Pacientes internados em leito de UTI: 12<br \/>\n(pacientes com caso suspeito ou confirmado de COVID-19 que encontram-se internados em leito de UTI.)<br \/>\n&nbsp;<br \/>\n&#8211;&nbsp;Pacientes internados na Unidade de Atendimento Municipal COVID: 2<br \/>\n(pacientes com caso confirmado de COVID-19 que encontram-se acolhidos na Unidade de Atendimento Municipal COVID\/Casa de Ora\u00e7\u00e3o.)<\/p>\n<p><strong>Sobre os casos confirmados:<\/strong><\/p>\n<p>1015\u00ba caso: Paciente do sexo feminino, faixa et\u00e1ria de 75&nbsp;a 80 anos de idade.&nbsp;&nbsp;<br \/>\n1016\u00ba caso: Paciente do sexo feminino, faixa et\u00e1ria de 30 a 35&nbsp;anos de idade.&nbsp;&nbsp;<br \/>\n1017\u00ba caso: Paciente do sexo feminino, faixa et\u00e1ria de 65&nbsp;a 70 anos de idade.&nbsp;&nbsp;<br \/>\n1018\u00ba caso: Paciente do sexo feminino, faixa et\u00e1ria de 20&nbsp;a 25 anos de idade.&nbsp;&nbsp;<br \/>\n1019\u00ba caso: Paciente do sexo feminino, faixa et\u00e1ria de 35&nbsp;a 40 anos de idade.&nbsp;&nbsp;<\/p>\n<p><strong>Sobre o novo \u00f3bito confirmado:<\/strong><br \/>\n31\u00b0 \u00f3bito: Paciente do sexo feminino, faixa et\u00e1ria de 65 a 70 anos de idade. Internada em 24\/08, com diabetes e hipertens\u00e3o. \u00d3bito em 29\/08.&nbsp;<\/p>\n<p><strong>Assessoria de comunica\u00e7\u00e3o Prefeitura de Ub\u00e1<\/strong><\/p>\n<p style=\"text-align: center;\"><strong><a href=\"https:\/\/chat.whatsapp.com\/KofmRIuK3lXL5c8H4TQEfd\" target=\"_blank\" rel=\"noopener\">Clique aqui para ser membro do Grupo de Whatsapp<\/a><\/strong><\/p>\n<p><strong>Apoio:<\/strong><\/p>\n<div style=\"width: 840px;\" class=\"wp-video\"><video class=\"wp-video-shortcode\" id=\"video-18093-1\" width=\"840\" height=\"473\" preload=\"metadata\" controls=\"controls\"><source type=\"video\/mp4\" src=\"https:\/\/ubanews.com\/site\/wp-content\/uploads\/2020\/08\/Video-Hospital-S\u00e3o-Januario.mp4?_=1\" \/><a href=\"https:\/\/ubanews.com\/site\/wp-content\/uploads\/2020\/08\/Video-Hospital-S\u00e3o-Januario.mp4\">https:\/\/ubanews.com\/site\/wp-content\/uploads\/2020\/08\/Video-Hospital-S\u00e3o-Januario.mp4<\/a><\/video><\/div>\n","protected":false},"excerpt":{"rendered":"<p>Comunicado Oficial 169 &#8211; COVID\/19 &nbsp; Em raz\u00e3o da Pandemia<\/p>\n","protected":false},"author":2,"featured_media":17834,"comment_status":"open","ping_status":"open","sticky":false,"template":"","format":"standard","meta":{"footnotes":""},"categories":[15],"tags":[],"class_list":["post-18093","post","type-post","status-publish","format-standard","has-post-thumbnail","hentry","category-prefeitura-municipal"],"_links":{"self":[{"href":"https:\/\/ubanews.com\/site\/wp-json\/wp\/v2\/posts\/18093","targetHints":{"allow":["GET"]}}],"collection":[{"href":"https:\/\/ubanews.com\/site\/wp-json\/wp\/v2\/posts"}],"about":[{"href":"https:\/\/ubanews.com\/site\/wp-json\/wp\/v2\/types\/post"}],"author":[{"embeddable":true,"href":"https:\/\/ubanews.com\/site\/wp-json\/wp\/v2\/users\/2"}],"replies":[{"embeddable":true,"href":"https:\/\/ubanews.com\/site\/wp-json\/wp\/v2\/comments?post=18093"}],"version-history":[{"count":0,"href":"https:\/\/ubanews.com\/site\/wp-json\/wp\/v2\/posts\/18093\/revisions"}],"wp:featuredmedia":[{"embeddable":true,"href":"https:\/\/ubanews.com\/site\/wp-json\/wp\/v2\/media\/17834"}],"wp:attachment":[{"href":"https:\/\/ubanews.com\/site\/wp-json\/wp\/v2\/media?parent=18093"}],"wp:term":[{"taxonomy":"category","embeddable":true,"href":"https:\/\/ubanews.com\/site\/wp-json\/wp\/v2\/categories?post=18093"},{"taxonomy":"post_tag","embeddable":true,"href":"https:\/\/ubanews.com\/site\/wp-json\/wp\/v2\/tags?post=18093"}],"curies":[{"name":"wp","href":"https:\/\/api.w.org\/{rel}","templated":true}]}}