{"id":18078,"date":"2020-08-27T12:04:11","date_gmt":"2020-08-27T15:04:11","guid":{"rendered":"http:\/\/ubanews.com\/site\/?p=18078"},"modified":"2020-08-27T12:12:37","modified_gmt":"2020-08-27T15:12:37","slug":"18078","status":"publish","type":"post","link":"https:\/\/ubanews.com\/site\/2020\/08\/27\/18078\/","title":{"rendered":"Boletim Epidemiolo\u0301gico do Munici\u0301pio de Visconde do Rio Branco sobre coronavi\u0301rus, atualizado em 26\/08\/2020."},"content":{"rendered":"<p>CASOS CONFIRMADOS: Atrav\u00e9s de testes r\u00e1pidos e exames RT-PRC realizados pela Secretaria Municipal de Sa\u00fade, mais cinco casos de covid-19 foram identificados em Visconde do Rio Branco. Os novos diagn\u00f3sticos confirmados tratam-se de pacientes do sexo masculino, com idades de 34 a 52 anos. Entre os positivados, constam um profissional da \u00e1rea de seguran\u00e7a p\u00fablica e um indiv\u00edduo privado de liberdade.<\/p>\n<p>CASOS SUSPEITOS: Duas mulhere<span class=\"text_exposed_show\">s, de 24 e 33 anos, sendo a mais velha profissional de sa\u00fade, foram as \u00fanicas pessoas submetidas a coleta de swab nasal na data de ontem (25). Ambas passam bem e cumprem, em seus respectivos domic\u00edlios, o per\u00edodo de isolamento determinado<\/span><\/p>\n<div id=\"metaslider-id-17652\" style=\"max-width: 1000px;\" class=\"ml-slider-3-110-0 metaslider metaslider-nivo metaslider-17652 ml-slider ms-theme-outline\" role=\"region\" aria-label=\"Texto\" data-height=\"200\" data-width=\"1000\">\n    <div id=\"metaslider_container_17652\">\n        <div class='slider-wrapper theme-default'><div class='ribbon'><\/div><div id='metaslider_17652' class='nivoSlider'><\/div><\/div>\n        \n    <\/div>\n<\/div>\n<div class=\"text_exposed_show\">\n<p>NOTIFICA\u00c7\u00d5ES: Com os \u00faltimos registros, VRB passa a somar 2504 casos suspeitos, 1340 descartados e 385 confirmados. Dos pacientes que contra\u00edram a infec\u00e7\u00e3o provocada pelo novo Coronav\u00edrus, 258 j\u00e1 est\u00e3o recuperados e 11 vieram a \u00f3bito em decorr\u00eancia de complica\u00e7\u00f5es da doen\u00e7a.<\/p>\n<p>V\u00cdNCULO EPIDEMIOL\u00d3GICO: De acordo com atualiza\u00e7\u00e3o t\u00e9cnica ao protocolo de infec\u00e7\u00e3o humana pelo sars-cov-2 n\u00b0 05\/2020, publicada pela Secretaria de Estado de Sa\u00fade, o indiv\u00edduo com hist\u00f3rico de contato pr\u00f3ximo ou domiciliar nos \u00faltimos sete dias antes do aparecimento dos sintomas com paciente positivado para covid-19 deve ser integrado ao levantamento de diagn\u00f3sticos da doen\u00e7a como caso confirmado, sem passar pelo procedimento de testagem.<\/p>\n<p><a href=\"https:\/\/ubanews.com\/site\/wp-content\/uploads\/2020\/08\/118535109_109255000902341_4393399084001524650_o.jpg\"><img loading=\"lazy\" decoding=\"async\" class=\"aligncenter size-full wp-image-18079\" src=\"https:\/\/ubanews.com\/site\/wp-content\/uploads\/2020\/08\/118535109_109255000902341_4393399084001524650_o.jpg\" alt=\"\" width=\"960\" height=\"960\" srcset=\"https:\/\/ubanews.com\/site\/wp-content\/uploads\/2020\/08\/118535109_109255000902341_4393399084001524650_o.jpg 960w, https:\/\/ubanews.com\/site\/wp-content\/uploads\/2020\/08\/118535109_109255000902341_4393399084001524650_o-150x150.jpg 150w, https:\/\/ubanews.com\/site\/wp-content\/uploads\/2020\/08\/118535109_109255000902341_4393399084001524650_o-300x300.jpg 300w, https:\/\/ubanews.com\/site\/wp-content\/uploads\/2020\/08\/118535109_109255000902341_4393399084001524650_o-768x768.jpg 768w\" sizes=\"auto, (max-width: 960px) 100vw, 960px\" \/><\/a><\/p>\n<p><strong>Assessoria de comunica\u00e7\u00e3o Visconde do Rio Branco<\/strong><\/p>\n<p><strong>Apoio:<\/strong><\/p>\n<div style=\"width: 840px;\" class=\"wp-video\"><video class=\"wp-video-shortcode\" id=\"video-18078-1\" width=\"840\" height=\"473\" preload=\"metadata\" controls=\"controls\"><source type=\"video\/mp4\" src=\"https:\/\/ubanews.com\/site\/wp-content\/uploads\/2020\/08\/Video-Hospital-S\u00e3o-Januario.mp4?_=1\" \/><a href=\"https:\/\/ubanews.com\/site\/wp-content\/uploads\/2020\/08\/Video-Hospital-S\u00e3o-Januario.mp4\">https:\/\/ubanews.com\/site\/wp-content\/uploads\/2020\/08\/Video-Hospital-S\u00e3o-Januario.mp4<\/a><\/video><\/div>\n<p>&nbsp;<\/p>\n<\/div>\n","protected":false},"excerpt":{"rendered":"<p>CASOS CONFIRMADOS: Atrav\u00e9s de testes r\u00e1pidos e exames RT-PRC realizados<\/p>\n","protected":false},"author":2,"featured_media":16333,"comment_status":"open","ping_status":"open","sticky":false,"template":"","format":"standard","meta":{"footnotes":""},"categories":[1],"tags":[],"class_list":["post-18078","post","type-post","status-publish","format-standard","has-post-thumbnail","hentry","category-sem-categoria"],"_links":{"self":[{"href":"https:\/\/ubanews.com\/site\/wp-json\/wp\/v2\/posts\/18078","targetHints":{"allow":["GET"]}}],"collection":[{"href":"https:\/\/ubanews.com\/site\/wp-json\/wp\/v2\/posts"}],"about":[{"href":"https:\/\/ubanews.com\/site\/wp-json\/wp\/v2\/types\/post"}],"author":[{"embeddable":true,"href":"https:\/\/ubanews.com\/site\/wp-json\/wp\/v2\/users\/2"}],"replies":[{"embeddable":true,"href":"https:\/\/ubanews.com\/site\/wp-json\/wp\/v2\/comments?post=18078"}],"version-history":[{"count":0,"href":"https:\/\/ubanews.com\/site\/wp-json\/wp\/v2\/posts\/18078\/revisions"}],"wp:featuredmedia":[{"embeddable":true,"href":"https:\/\/ubanews.com\/site\/wp-json\/wp\/v2\/media\/16333"}],"wp:attachment":[{"href":"https:\/\/ubanews.com\/site\/wp-json\/wp\/v2\/media?parent=18078"}],"wp:term":[{"taxonomy":"category","embeddable":true,"href":"https:\/\/ubanews.com\/site\/wp-json\/wp\/v2\/categories?post=18078"},{"taxonomy":"post_tag","embeddable":true,"href":"https:\/\/ubanews.com\/site\/wp-json\/wp\/v2\/tags?post=18078"}],"curies":[{"name":"wp","href":"https:\/\/api.w.org\/{rel}","templated":true}]}}