{"id":18033,"date":"2020-08-20T14:54:56","date_gmt":"2020-08-20T17:54:56","guid":{"rendered":"http:\/\/ubanews.com\/site\/?p=18033"},"modified":"2020-08-20T14:55:07","modified_gmt":"2020-08-20T17:55:07","slug":"um-disco-em-homenagem-a-ary-barroso-por-alice-passos-andre-pinto-siqueira-e-mauricio-massunaga","status":"publish","type":"post","link":"https:\/\/ubanews.com\/site\/2020\/08\/20\/um-disco-em-homenagem-a-ary-barroso-por-alice-passos-andre-pinto-siqueira-e-mauricio-massunaga\/","title":{"rendered":"Um disco em homenagem a Ary Barroso por Alice Passos, Andr\u00e9-Pinto Siqueira e Maur\u00edcio Massunaga"},"content":{"rendered":"<p dir=\"ltr\">Alice Passos, Andr\u00e9-Pinto Siqueira e Maur\u00edcio Massunaga acabam de lan\u00e7ar, em todas as plataformas digitais, o disco \u201cAry\u201d. Uma homenagem a Ary Barroso. No \u00e1lbum, a cantora e os dois violonistas desfilam cl\u00e1ssicos e m\u00fasicas menos conhecidas do repert\u00f3rio do compositor mineiro. S\u00e3o dez composi\u00e7\u00f5es nas quais o trio imprime sua personalidade em arranjos inspirados e no canto de Alice ressaltando a grandeza da obra de Ary Barroso.<\/p>\n<p>&nbsp;<\/p>\n<p dir=\"ltr\">O Disco<\/p>\n<p dir=\"ltr\">Atravessando v\u00e1rias fases da obra de Ary Barroso, o disco tem quase todo o repert\u00f3rio composi\u00e7\u00f5es somente do compositor, com apenas duas m\u00fasicas em parceria com Luiz Peixoto: \u201cNa Batucada da Vida\u201d e \u201cPor Causa Desta Cabocla\u201d. Os arranjos s\u00e3o dos tr\u00eas m\u00fasicos Alice Passos, Andr\u00e9-Pinto Siqueira e Maur\u00edcio Massunaga, com exce\u00e7\u00e3o de \u201cCan\u00e7\u00e3o em Tom Maior\u201d, de Siqueira e \u201cNa Baixa do Sapateiro\u201d, de Andr\u00e9 e Maur\u00edcio.<\/p>\n<p>M\u00fasicas:<br \/>\n1 &#8211; Na Batucada da Vida<br \/>\n2 &#8211; Inquieta\u00e7\u00e3o<br \/>\n3 &#8211; Faixa de Cetim<br \/>\n4 &#8211; Por Causa Desta Cabocla<br \/>\n5 &#8211; Chorando<br \/>\n6 &#8211; Camisa Amarela<br \/>\n7 &#8211; Can\u00e7\u00e3o em Tom Maior<br \/>\n8 &#8211; Pra Machucar meu Cora\u00e7\u00e3o<br \/>\n9 &#8211; Morena Boca de Ouro<br \/>\n10 &#8211; Na Baixa do Sapateiro<\/p>\n<p>Sobre o disco &#8211; por Mauricio Carrilho<\/p>\n<p dir=\"ltr\"><div id=\"metaslider-id-17652\" style=\"max-width: 1000px;\" class=\"ml-slider-3-110-0 metaslider metaslider-nivo metaslider-17652 ml-slider ms-theme-outline\" role=\"region\" aria-label=\"Texto\" data-height=\"200\" data-width=\"1000\">\n    <div id=\"metaslider_container_17652\">\n        <div class='slider-wrapper theme-default'><div class='ribbon'><\/div><div id='metaslider_17652' class='nivoSlider'><\/div><\/div>\n        \n    <\/div>\n<\/div><\/p>\n<p dir=\"ltr\">Quando Alice me ligou pedindo pra escrever o texto deste trabalho e me disse que o repert\u00f3rio era todo de Ary Barroso, eu j\u00e1 me animei. Ary \u00e9 daqueles compositores cujo repert\u00f3rio s\u00f3 permite ao selecionador a op\u00e7\u00e3o de acerto. Imposs\u00edvel escolher errado, s\u00f3 deixou p\u00e9rolas.&nbsp; Tive a sorte, durante minha vida, de lidar com as belezas deixadas por Ari, fazendo arranjos e acompanhando grandes int\u00e9rpretes. Um desses trabalhos foi o derradeiro registro de nossa gigantesca e divina Elizeth Cardoso: Ary Amoroso. Por tudo isso fico bem \u00e0 vontade pra falar desta realiza\u00e7\u00e3o e, confesso, gostei muito!&nbsp;<\/p>\n<p dir=\"ltr\">Pra come\u00e7ar eu n\u00e3o conhecia com a devida profundidade os viol\u00f5es de Maur\u00edcio Massunaga e Andr\u00e9 Siqueira, embora tenha sempre ouvido falar muito bem deles. Agora eu posso falar: s\u00e3o duas feras e mais que isso, parece que passaram a vida tocando juntos. Sincronia perfeita, de toques e pensamentos, embora seus estilos venham de escolas bem distintas. Isto \u00e9 muito dif\u00edcil de acontecer com dois violonistas, mas pra eles parece tudo f\u00e1cil. As solu\u00e7\u00f5es r\u00edtmicas e harm\u00f4nicas encontradas para a variada paleta de cores existente na obra deste genial compositor, foram sempre de extremo bom gosto, limpas, precisas, e este foi mais um gola\u00e7o da dupla Andr\u00e9 e Maur\u00edcio. \u00c9 sempre muito bom ver acontecer um acompanhamento ativo, presente e que, ao mesmo tempo, oferece ao canto o espa\u00e7o necess\u00e1rio para que ele se espraie, e assim foi. Alice cantou o tempo todo acolhida, inteira, como eu nunca tinha ouvido.&nbsp;<\/p>\n<p dir=\"ltr\">Faz tempo que Alice vem cantando bonito mas este registro revela um passo adiante no seu amadurecimento. Precisa, afinada, elegante e delicada, ela caminha pra ser uma das principais cantoras da m\u00fasica brasileira.<\/p>\n<p dir=\"ltr\">O som das grava\u00e7\u00f5es \u00e9 lindo, canto, acompanhamento e solos, idem.<\/p>\n<p dir=\"ltr\">No meio de tanta grosseria rolando por a\u00ed, acuados pela viol\u00eancia de uma pandemia, enfim, encontramos luz no fim do t\u00fanel. \u00c9 muito bom descobrir parceiros de um Brasil generoso e musical. Agrade\u00e7o a voc\u00eas por isso. Obrigado, Alice, Andr\u00e9 e Maur\u00edcio.<\/p>\n<p dir=\"ltr\">Mauricio Carrilho, 21 de julho de 2020.<\/p>\n<p dir=\"ltr\"><strong>Sobre os m\u00fasicos<\/strong><\/p>\n<p dir=\"ltr\">Alice Passos<br \/>\nFilha de uma multi-instrumentista e de um luthier, Alice Passos estreou cedo &#8211; com apenas 9 anos integrou o coro infantil de um disco do Quarteto em Cy. No mesmo ano, entra para o Flautistas da Pro Arte (que depois se tornaria a Orquestra de Sopros da Pro Arte), onde ficaria por 15 anos, apresentando-se no Brasil e exterior, tocando com Gilberto Gil e se apresentando, em homenagens hist\u00f3ricas, para gente como o pr\u00f3prio Gil, Moacyr Santos, Hermeto Paschoal, entre outros. Em 2011, passa a integrar tamb\u00e9m a Orquestra Cora\u00e7\u00f5es Futuristas, idealizada e regida por Egberto Gismonti. Em 2016, lan\u00e7a seu primeiro trabalho solo \u201cVoz e viol\u00f5es\u201d, no qual convidou 13 compositores\/violonistas a criarem arranjos e tocarem suas can\u00e7\u00f5es ao seu lado. O disco de estreia rendeu elogios da cr\u00edtica especializada de todo pa\u00eds. O ano de 2020 \u00e9 marcado pelo lan\u00e7amento de seu disco dedicado a Ary Barroso, ao lado dos violonistas Andr\u00e9 Siqueira e Mauricio Massunaga, e pela sua incurs\u00e3o nas intera\u00e7\u00f5es virtuais atrav\u00e9s de entrevistas e saraus em lives em suas redes sociais.<\/p>\n<p>&nbsp;<\/p>\n<p dir=\"ltr\">Andr\u00e9-Pinto Siqueira<br \/>\nO violonista Andr\u00e9-Pinto Siqueira \u00e9 vencedor de dois pr\u00eamios no \u00e2mbito nacional: o Pr\u00eamio Chico M\u00e1rio de Viol\u00e3o 2018 e o Pr\u00eamio MIMO Instrumental 2017. J\u00e1 se apresentou na Su\u00ed\u00e7a, Reino Unido, Fran\u00e7a, Portugal, Espanha e por todo o Brasil, tocando e gravando com os mais variados nomes (Orquestra Sinf\u00f4nica Brasileira, Danilo Caymmi, Jenny Chi, Carlos Malta, entre outros). Deixou ainda sua marca em trilhas sonoras para cinema, teatro e TV.<\/p>\n<p dir=\"ltr\">Mauricio Massunaga<br \/>\nMaur\u00edcio Massunaga \u00e9 multi-intrumentista e ja atuou ao lado de artistas como Moyseis Marques, Gisa Nogueira, Sombrinha, Dudu Nobre, Luis Carlos da vila, Mart\u2019nalia, Z\u00e9lia Duncan, Casuarina, Marina Iris, Leila Pinheiro entre outros.&nbsp; \u00c9 atualmente integrante da banda da cantora carioca Ana Costa onde participou recentemente do CD e DVD. Produziu e arranjou o disco \u201cNo reino da Pedra Mi\u00fada\u201d do cantor L\u00facio Sanfilippo. Trabalhou como instrumentista em musicais como \u201c\u00c9 com esse que eu vou\u201d, \u201cSassaricando\u201d e \u201c\u201cZeca Pagodinho, o musical\u201d. Recentemente produziu o EP \u201c\u00c9 preta\u201d, Das cantoras Marina Iris, Simone Costa, Marcelle Motta, Maria Menezes e Nina Rosa. Teve arranjos gravados em discos da cantora Aline Paes, Marina Iris, Tomaz Miranda e outros. Participa tamb\u00e9m do carnaval de rua do Rio de Janeiro em blocos como o \u201cSimpatia \u00e9 quase amor\u201d. Foi respons\u00e1vel pela dire\u00e7\u00e3o musical e arranjos de bloco \u201cP\u00e9rola da Guanabara\u201d, estandarte de ouro pelo jornal O GLOBO em 2017.\/span&gt;<\/p>\n<p>&nbsp;<\/p>\n<p dir=\"ltr\">Servi\u00e7o<br \/>\nARY<\/p>\n<p dir=\"ltr\">por Alice Passos, Andr\u00e9-Pinto Siqueira e Mauricio Massunaga<br \/>\n(m\u00fasicas de Ary Barroso)<br \/>\nGravadora Fina Flor<br \/>\nDispon\u00edvel em todas as plataformas digitais a partir do dia 8 de agosto de 2020<\/p>\n<p dir=\"ltr\">Assessoria de Imprensa<\/p>\n<p dir=\"ltr\">Mais e Melhores Produ\u00e7\u00f5es Art\u00edsticas<br \/>\n(21) 2208-5952<br \/>\n<a href=\"mailto:contato@maisemelhores.com.br\" target=\"_blank\" rel=\"noopener noreferrer\">contato@maisemelhores.com.br<\/a><\/p>\n<p dir=\"ltr\"><strong>Apoio:<\/strong><\/p>\n<div style=\"width: 840px;\" class=\"wp-video\"><video class=\"wp-video-shortcode\" id=\"video-18033-1\" width=\"840\" height=\"473\" preload=\"metadata\" controls=\"controls\"><source type=\"video\/mp4\" src=\"https:\/\/ubanews.com\/site\/wp-content\/uploads\/2020\/08\/Video-Hospital-S\u00e3o-Januario.mp4?_=1\" \/><a href=\"https:\/\/ubanews.com\/site\/wp-content\/uploads\/2020\/08\/Video-Hospital-S\u00e3o-Januario.mp4\">https:\/\/ubanews.com\/site\/wp-content\/uploads\/2020\/08\/Video-Hospital-S\u00e3o-Januario.mp4<\/a><\/video><\/div>\n<p>&nbsp;<\/p>\n","protected":false},"excerpt":{"rendered":"<p>Alice Passos, Andr\u00e9-Pinto Siqueira e Maur\u00edcio Massunaga acabam de lan\u00e7ar,<\/p>\n","protected":false},"author":2,"featured_media":18034,"comment_status":"open","ping_status":"open","sticky":false,"template":"","format":"standard","meta":{"footnotes":""},"categories":[1],"tags":[],"class_list":["post-18033","post","type-post","status-publish","format-standard","has-post-thumbnail","hentry","category-sem-categoria"],"_links":{"self":[{"href":"https:\/\/ubanews.com\/site\/wp-json\/wp\/v2\/posts\/18033","targetHints":{"allow":["GET"]}}],"collection":[{"href":"https:\/\/ubanews.com\/site\/wp-json\/wp\/v2\/posts"}],"about":[{"href":"https:\/\/ubanews.com\/site\/wp-json\/wp\/v2\/types\/post"}],"author":[{"embeddable":true,"href":"https:\/\/ubanews.com\/site\/wp-json\/wp\/v2\/users\/2"}],"replies":[{"embeddable":true,"href":"https:\/\/ubanews.com\/site\/wp-json\/wp\/v2\/comments?post=18033"}],"version-history":[{"count":0,"href":"https:\/\/ubanews.com\/site\/wp-json\/wp\/v2\/posts\/18033\/revisions"}],"wp:featuredmedia":[{"embeddable":true,"href":"https:\/\/ubanews.com\/site\/wp-json\/wp\/v2\/media\/18034"}],"wp:attachment":[{"href":"https:\/\/ubanews.com\/site\/wp-json\/wp\/v2\/media?parent=18033"}],"wp:term":[{"taxonomy":"category","embeddable":true,"href":"https:\/\/ubanews.com\/site\/wp-json\/wp\/v2\/categories?post=18033"},{"taxonomy":"post_tag","embeddable":true,"href":"https:\/\/ubanews.com\/site\/wp-json\/wp\/v2\/tags?post=18033"}],"curies":[{"name":"wp","href":"https:\/\/api.w.org\/{rel}","templated":true}]}}