{"id":18014,"date":"2020-08-17T21:59:22","date_gmt":"2020-08-18T00:59:22","guid":{"rendered":"http:\/\/ubanews.com\/site\/?p=18014"},"modified":"2020-08-17T22:03:56","modified_gmt":"2020-08-18T01:03:56","slug":"reuniao-da-camara-municipal-teve-pedido-de-providencias-no-transito-e-a-pandemia-no-presidio-local","status":"publish","type":"post","link":"https:\/\/ubanews.com\/site\/2020\/08\/17\/reuniao-da-camara-municipal-teve-pedido-de-providencias-no-transito-e-a-pandemia-no-presidio-local\/","title":{"rendered":"REUNI\u00c3O DA C\u00c2MARA MUNICIPAL TEVE PEDIDO DE PROVID\u00caNCIAS NO TR\u00c2NSITO E \u00c0 PANDEMIA NO PRES\u00cdDIO LOCAL"},"content":{"rendered":"<p>A Reuni\u00e3o Ordin\u00e1ria da C\u00e2mara Municipal de Ub\u00e1 dessa segunda-feira (17), \u00e0s 19h, no Plen\u00e1rio Lincoln Rodrigues Costa, recebeu a pauta N\u00ba 43\/2020, onde o Legislativo Ubaense se reuniu para a discuss\u00e3o e vota\u00e7\u00e3o das Atas; Leitura de protocolos; Apresenta\u00e7\u00e3o das proposi\u00e7\u00f5es dos vereadores. Ordem do Dia: Projetos em discuss\u00e3o e vota\u00e7\u00e3o \u00fanica:<br \/>\nDiscuss\u00e3o e vota\u00e7\u00e3o \u00fanica, nominal, do Projeto de Lei 050\/2020, que \u201cDisp\u00f5e sobre a concess\u00e3o do T\u00edtulo de Cidadania Honor\u00e1ria de Ub\u00e1 \u00e0 Mission\u00e1ria Maria Oliveira Mariano.\u201d<br \/>\nDiscuss\u00e3o e vota\u00e7\u00e3o \u00fanica, nominal, do Projeto de Lei 051\/2020, que \u201cDisp\u00f5e sobre a concess\u00e3o da Comenda Ary Barroso ao Pastor Raimundo Teodoro da Silva.\u201d<br \/>\nDiscuss\u00e3o e vota\u00e7\u00e3o \u00fanica, nominal, do Projeto de Lei 052\/2020, que \u201cDisp\u00f5e sobre a concess\u00e3o da Comenda Ary Barroso ao Senhor Jo\u00e3o da Silva Gato\u201d. Discuss\u00e3o e vota\u00e7\u00e3o \u00fanica, nominal, do Projeto de Lei 053\/2020, que \u201cDisp\u00f5e sobre a concess\u00e3o do T\u00edtulo de Cidadania Honor\u00e1ria de Ub\u00e1 ao Senhor Jo\u00e3o Ara\u00fajo de Andrade.\u201d Discuss\u00e3o e vota\u00e7\u00e3o \u00fanica, nominal, do Projeto de Lei 054\/2020, que \u201cDisp\u00f5e sobre a concess\u00e3o do T\u00edtulo de Cidadania Honor\u00e1ria de Ub\u00e1 ao Senhor Jo\u00e3o Gomes J\u00fanior.\u201d<\/p>\n<div id=\"metaslider-id-17652\" style=\"max-width: 1000px;\" class=\"ml-slider-3-110-0 metaslider metaslider-nivo metaslider-17652 ml-slider ms-theme-outline\" role=\"region\" aria-label=\"Texto\" data-height=\"200\" data-width=\"1000\">\n    <div id=\"metaslider_container_17652\">\n        <div class='slider-wrapper theme-default'><div class='ribbon'><\/div><div id='metaslider_17652' class='nivoSlider'><\/div><\/div>\n        \n    <\/div>\n<\/div>\n<p>Discuss\u00e3o e vota\u00e7\u00e3o \u00fanica, nominal, do Projeto de Lei 055\/2020, que \u201cDisp\u00f5e sobre a concess\u00e3o da Comenda Ary Barroso ao Senhor Jos\u00e9 Carlos Gomes Teixeira.\u201d<br \/>\nDiscuss\u00e3o e vota\u00e7\u00e3o \u00fanica, nominal, do Projeto de Lei 056\/2020, que \u201cDisp\u00f5e sobre a concess\u00e3o do T\u00edtulo de Cidadania Honor\u00e1ria de Ub\u00e1 \u00e0 Senhora Soraia Vieira de Queiroz.\u201d<br \/>\nO pastor Darci levantou mais uma vez a pol\u00eamica da confus\u00e3o que est\u00e1 o tr\u00e2nsito na cidade, principalmente na avenida Oleg\u00e1rio Maciel, em toda a sua extens\u00e3o. O vereador Edeir Pacheco da Costa parabenizou o colega, destacando que esteve com o senhor prefeito no final de semana, onde esse assunto esteve na pauta.<br \/>\nEdeir levantou a discuss\u00e3o sobre a situa\u00e7\u00e3o do pres\u00eddio, quanto \u00e0 pandemia!<br \/>\nSegundo algumas m\u00e3es, dezenas de detentos est\u00e3o infectados. As Autoridades n\u00e3o aparecem para trazer \u00e0 tona a realidade dos fatos!<\/p>\n<p style=\"text-align: center;\"><iframe loading=\"lazy\" src=\"https:\/\/www.youtube.com\/embed\/GNo3JukyMME\" width=\"560\" height=\"315\" frameborder=\"0\" allowfullscreen=\"allowfullscreen\"><\/iframe>&nbsp;<\/p>\n<p><strong>Apoio:<\/strong><\/p>\n<div style=\"width: 840px;\" class=\"wp-video\"><video class=\"wp-video-shortcode\" id=\"video-18014-1\" width=\"840\" height=\"473\" preload=\"metadata\" controls=\"controls\"><source type=\"video\/mp4\" src=\"https:\/\/ubanews.com\/site\/wp-content\/uploads\/2020\/08\/Video-Hospital-S\u00e3o-Januario.mp4?_=1\" \/><a href=\"https:\/\/ubanews.com\/site\/wp-content\/uploads\/2020\/08\/Video-Hospital-S\u00e3o-Januario.mp4\">https:\/\/ubanews.com\/site\/wp-content\/uploads\/2020\/08\/Video-Hospital-S\u00e3o-Januario.mp4<\/a><\/video><\/div>\n","protected":false},"excerpt":{"rendered":"<p>A Reuni\u00e3o Ordin\u00e1ria da C\u00e2mara Municipal de Ub\u00e1 dessa segunda-feira<\/p>\n","protected":false},"author":2,"featured_media":18015,"comment_status":"open","ping_status":"open","sticky":false,"template":"","format":"standard","meta":{"footnotes":""},"categories":[16],"tags":[],"class_list":["post-18014","post","type-post","status-publish","format-standard","has-post-thumbnail","hentry","category-camara-municipal"],"_links":{"self":[{"href":"https:\/\/ubanews.com\/site\/wp-json\/wp\/v2\/posts\/18014","targetHints":{"allow":["GET"]}}],"collection":[{"href":"https:\/\/ubanews.com\/site\/wp-json\/wp\/v2\/posts"}],"about":[{"href":"https:\/\/ubanews.com\/site\/wp-json\/wp\/v2\/types\/post"}],"author":[{"embeddable":true,"href":"https:\/\/ubanews.com\/site\/wp-json\/wp\/v2\/users\/2"}],"replies":[{"embeddable":true,"href":"https:\/\/ubanews.com\/site\/wp-json\/wp\/v2\/comments?post=18014"}],"version-history":[{"count":0,"href":"https:\/\/ubanews.com\/site\/wp-json\/wp\/v2\/posts\/18014\/revisions"}],"wp:featuredmedia":[{"embeddable":true,"href":"https:\/\/ubanews.com\/site\/wp-json\/wp\/v2\/media\/18015"}],"wp:attachment":[{"href":"https:\/\/ubanews.com\/site\/wp-json\/wp\/v2\/media?parent=18014"}],"wp:term":[{"taxonomy":"category","embeddable":true,"href":"https:\/\/ubanews.com\/site\/wp-json\/wp\/v2\/categories?post=18014"},{"taxonomy":"post_tag","embeddable":true,"href":"https:\/\/ubanews.com\/site\/wp-json\/wp\/v2\/tags?post=18014"}],"curies":[{"name":"wp","href":"https:\/\/api.w.org\/{rel}","templated":true}]}}