{"id":17765,"date":"2020-08-01T17:12:00","date_gmt":"2020-08-01T20:12:00","guid":{"rendered":"http:\/\/ubanews.com\/site\/?p=17765"},"modified":"2020-08-01T17:20:31","modified_gmt":"2020-08-01T20:20:31","slug":"dia-mundial-da-amamentacao-e-comemorado-anualmente-em-1-de-agosto","status":"publish","type":"post","link":"https:\/\/ubanews.com\/site\/2020\/08\/01\/dia-mundial-da-amamentacao-e-comemorado-anualmente-em-1-de-agosto\/","title":{"rendered":"DIA MUNDIAL DA AMAMENTA\u00c7\u00c3O \u00c9 COMEMORADO ANUALMENTE EM 1\u00ba DE AGOSTO"},"content":{"rendered":"<p>O dia mundial da amamenta\u00e7\u00e3o \u00e9 comemorado em 1 de agosto, data escolhida pela Alian\u00e7a Mundial de A\u00e7\u00e3o pr\u00f3-Amamenta\u00e7\u00e3o (<em>World Alliance for Breastfeeding Action<\/em>&nbsp;\u2013 WABA) em evento realizado na cidade de Nova Iorque no ano de 1991.<\/p>\n<p>Inicialmente, a data visava comemorar a Declara\u00e7\u00e3o de Innocenti, que trata da necessidade do aleitamento materno no combate \u00e0 mortalidade infantil, aprovada em 1 de agosto de 1990 pela Organiza\u00e7\u00e3o Mundial da Sa\u00fade (OMS) e pelo Fundo das Na\u00e7\u00f5es Unidas para a Inf\u00e2ncia (Unicef) .<\/p>\n<p>Em 1992, foi criada a Semana Mundial do Aleitamento Materno \u2013 SMAM, de 1 a 7 de agosto, tamb\u00e9m pela WABA, para intensificar a conscientiza\u00e7\u00e3o sobre a amamenta\u00e7\u00e3o.<\/p>\n<p>No Brasil, o Minist\u00e9rio da Sa\u00fade promove a campanha no pa\u00eds desde 1999 com temas voltados para o aleitamento, distribui\u00e7\u00e3o de materiais informativos, apoio \u00e0s secretarias de sa\u00fade, organiza\u00e7\u00f5es n\u00e3o governamentais, hospitais, entre outros.<\/p>\n<h2>A import\u00e2ncia da campanha<\/h2>\n<p>A OMS recomenda que at\u00e9 os primeiros 6 meses de vida, o beb\u00ea deve ser alimentado exclusivamente com leite materno. Entretanto, segundo dados do Unicef, apenas 4 entre 10 beb\u00eas no mundo t\u00eam a alimenta\u00e7\u00e3o conduzida dessa forma.<\/p>\n<p>A campanha busca da mesma forma fortalecer a doa\u00e7\u00e3o para os bancos de leite, auxiliando as crian\u00e7as que n\u00e3o puderam receber o leite de suas m\u00e3es. No Brasil, por exemplo, a Rede Brasileira de Bancos de Leite Humano (rBLH\u2013BR) promove a distribui\u00e7\u00e3o de leite para rec\u00e9m-nascidos abaixo do peso e que est\u00e3o internados em unidades neonatais.<\/p>\n<p>No m\u00eas de agosto, \u00e9 realizada a campanha agosto dourado para conscientiza\u00e7\u00e3o sobre a import\u00e2ncia do aleitamento.<\/p>\n<p>Saiba mais sobre as&nbsp;<a href=\"https:\/\/www.calendarr.com\/brasil\/cores-dos-meses\/\" target=\"_blank\" rel=\"noopener\">cores dos meses e o seus significados<\/a>.<\/p>\n<div id=\"metaslider-id-17652\" style=\"max-width: 1000px;\" class=\"ml-slider-3-110-0 metaslider metaslider-nivo metaslider-17652 ml-slider ms-theme-outline\" role=\"region\" aria-label=\"Texto\" data-height=\"200\" data-width=\"1000\">\n    <div id=\"metaslider_container_17652\">\n        <div class='slider-wrapper theme-default'><div class='ribbon'><\/div><div id='metaslider_17652' class='nivoSlider'><\/div><\/div>\n        \n    <\/div>\n<\/div>\n<h2>Os benef\u00edcios da amamenta\u00e7\u00e3o<\/h2>\n<p>A amamenta\u00e7\u00e3o \u00e9 importante porque al\u00e9m de fortalecer o v\u00ednculo entre m\u00e3e e filho promove o desenvolvimento da crian\u00e7a nos seis primeiros meses de vida, sendo capaz de suprir suas necessidades nutricionais.<\/p>\n<p>Atrav\u00e9s dela, \u00e9 poss\u00edvel garantir o desenvolvimento do c\u00e9rebro, da defesa do organismo e diminuir o risco de doen\u00e7as, como obesidade e diabetes. H\u00e1 benef\u00edcios tamb\u00e9m para a sa\u00fade da mulher que amamenta, pois diminui o risco de c\u00e2ncer de mama e ov\u00e1rio.<\/p>\n<p><strong>FONTE:&nbsp;<a href=\"https:\/\/www.calendarr.com\/brasil\/dia-das-maes\/\" target=\"_blank\" rel=\"noopener\">https:\/\/www.calendarr.com\/brasil\/dia-das-maes\/<\/a><\/strong><\/p>\n","protected":false},"excerpt":{"rendered":"<p>O dia mundial da amamenta\u00e7\u00e3o \u00e9 comemorado em 1 de<\/p>\n","protected":false},"author":2,"featured_media":17766,"comment_status":"open","ping_status":"open","sticky":false,"template":"","format":"standard","meta":{"footnotes":""},"categories":[1],"tags":[],"class_list":["post-17765","post","type-post","status-publish","format-standard","has-post-thumbnail","hentry","category-sem-categoria"],"_links":{"self":[{"href":"https:\/\/ubanews.com\/site\/wp-json\/wp\/v2\/posts\/17765","targetHints":{"allow":["GET"]}}],"collection":[{"href":"https:\/\/ubanews.com\/site\/wp-json\/wp\/v2\/posts"}],"about":[{"href":"https:\/\/ubanews.com\/site\/wp-json\/wp\/v2\/types\/post"}],"author":[{"embeddable":true,"href":"https:\/\/ubanews.com\/site\/wp-json\/wp\/v2\/users\/2"}],"replies":[{"embeddable":true,"href":"https:\/\/ubanews.com\/site\/wp-json\/wp\/v2\/comments?post=17765"}],"version-history":[{"count":0,"href":"https:\/\/ubanews.com\/site\/wp-json\/wp\/v2\/posts\/17765\/revisions"}],"wp:featuredmedia":[{"embeddable":true,"href":"https:\/\/ubanews.com\/site\/wp-json\/wp\/v2\/media\/17766"}],"wp:attachment":[{"href":"https:\/\/ubanews.com\/site\/wp-json\/wp\/v2\/media?parent=17765"}],"wp:term":[{"taxonomy":"category","embeddable":true,"href":"https:\/\/ubanews.com\/site\/wp-json\/wp\/v2\/categories?post=17765"},{"taxonomy":"post_tag","embeddable":true,"href":"https:\/\/ubanews.com\/site\/wp-json\/wp\/v2\/tags?post=17765"}],"curies":[{"name":"wp","href":"https:\/\/api.w.org\/{rel}","templated":true}]}}