{"id":17758,"date":"2020-07-31T10:22:26","date_gmt":"2020-07-31T13:22:26","guid":{"rendered":"http:\/\/ubanews.com\/site\/?p=17758"},"modified":"2020-07-31T10:47:54","modified_gmt":"2020-07-31T13:47:54","slug":"secretaria-de-saude-promove-plantao-de-vacinacao-no-proximo-sabado-1o","status":"publish","type":"post","link":"https:\/\/ubanews.com\/site\/2020\/07\/31\/secretaria-de-saude-promove-plantao-de-vacinacao-no-proximo-sabado-1o\/","title":{"rendered":"SECRETARIA DE SA\u00daDE PROMOVE PLANT\u00c3O DE VACINA\u00c7\u00c3O NO PR\u00d3XIMO S\u00c1BADO (1\u00ba)"},"content":{"rendered":"<p style=\"font-weight: 400;\">A Secretaria de Sa\u00fade, atrav\u00e9s do setor de Imuniza\u00e7\u00e3o, realizar\u00e1 no pr\u00f3ximo s\u00e1bado, dia&nbsp;<strong>1\u00ba de agosto<\/strong>, de 08h \u00e0s 17h, um Plant\u00e3o de Vacina\u00e7\u00e3o conta a Gripe, onde algumas das Unidades B\u00e1sicas de Sa\u00fade e a Policl\u00ednica Regional estar\u00e3o abertas. O objetivo \u00e9 imunizar contra a Gripe os grupos que ainda n\u00e3o alcan\u00e7aram a meta de 90% de vacina\u00e7\u00e3o (Gestantes, crian\u00e7as e adultos de 55 a 59 anos).<\/p>\n<p style=\"font-weight: 400;\">&nbsp;<div id=\"metaslider-id-17652\" style=\"max-width: 1000px;\" class=\"ml-slider-3-110-0 metaslider metaslider-nivo metaslider-17652 ml-slider ms-theme-outline\" role=\"region\" aria-label=\"Texto\" data-height=\"200\" data-width=\"1000\">\n    <div id=\"metaslider_container_17652\">\n        <div class='slider-wrapper theme-default'><div class='ribbon'><\/div><div id='metaslider_17652' class='nivoSlider'><\/div><\/div>\n        \n    <\/div>\n<\/div><\/p>\n<p style=\"font-weight: 400;\">Na oportunidade tamb\u00e9m haver\u00e1 intensifica\u00e7\u00e3o da vacina Triviral que protege contra as doen\u00e7as Sarampo, Caxumba e Rub\u00e9ola, para o grupo priorit\u00e1rio, que s\u00e3o adultos entre 20 a 49 anos.<\/p>\n<p style=\"font-weight: 400;\">Fica o alerta para quem pertence a um desses grupos e ainda n\u00e3o foi imunizado. Para receber as doses da vacina basta comparecer a um dos locais de vacina\u00e7\u00e3o com o cart\u00e3o de vacina e documentos.<\/p>\n<p><strong>Assessoria de comunica\u00e7\u00e3o Prefeitura de Ub\u00e1<\/strong><\/p>\n<p><a href=\"https:\/\/www.instagram.com\/portalubanews\/?hl=pt-br\" target=\"_blank\" rel=\"noopener\"><img loading=\"lazy\" decoding=\"async\" class=\"aligncenter wp-image-15594 \" src=\"https:\/\/ubanews.com\/site\/wp-content\/uploads\/2020\/03\/Instagram.jpg\" alt=\"\" width=\"280\" height=\"160\" srcset=\"https:\/\/ubanews.com\/site\/wp-content\/uploads\/2020\/03\/Instagram.jpg 1200w, https:\/\/ubanews.com\/site\/wp-content\/uploads\/2020\/03\/Instagram-300x171.jpg 300w, https:\/\/ubanews.com\/site\/wp-content\/uploads\/2020\/03\/Instagram-768x438.jpg 768w, https:\/\/ubanews.com\/site\/wp-content\/uploads\/2020\/03\/Instagram-1024x585.jpg 1024w\" sizes=\"auto, (max-width: 280px) 100vw, 280px\" \/><\/a><\/p>\n<p><a href=\"https:\/\/ubanews.com\/site\/wp-content\/uploads\/2020\/07\/WhatsApp-Image-2020-07-31-at-09.13.01.jpeg\"><img loading=\"lazy\" decoding=\"async\" class=\"aligncenter size-full wp-image-17759\" src=\"https:\/\/ubanews.com\/site\/wp-content\/uploads\/2020\/07\/WhatsApp-Image-2020-07-31-at-09.13.01.jpeg\" alt=\"\" width=\"1280\" height=\"1273\" srcset=\"https:\/\/ubanews.com\/site\/wp-content\/uploads\/2020\/07\/WhatsApp-Image-2020-07-31-at-09.13.01.jpeg 1280w, https:\/\/ubanews.com\/site\/wp-content\/uploads\/2020\/07\/WhatsApp-Image-2020-07-31-at-09.13.01-150x150.jpeg 150w, https:\/\/ubanews.com\/site\/wp-content\/uploads\/2020\/07\/WhatsApp-Image-2020-07-31-at-09.13.01-300x298.jpeg 300w, https:\/\/ubanews.com\/site\/wp-content\/uploads\/2020\/07\/WhatsApp-Image-2020-07-31-at-09.13.01-768x764.jpeg 768w, https:\/\/ubanews.com\/site\/wp-content\/uploads\/2020\/07\/WhatsApp-Image-2020-07-31-at-09.13.01-1024x1018.jpeg 1024w\" sizes=\"auto, (max-width: 1280px) 100vw, 1280px\" \/><\/a><\/p>\n<p>&nbsp;<\/p>\n","protected":false},"excerpt":{"rendered":"<p>A Secretaria de Sa\u00fade, atrav\u00e9s do setor de Imuniza\u00e7\u00e3o, realizar\u00e1<\/p>\n","protected":false},"author":2,"featured_media":17760,"comment_status":"open","ping_status":"open","sticky":false,"template":"","format":"standard","meta":{"footnotes":""},"categories":[15],"tags":[],"class_list":["post-17758","post","type-post","status-publish","format-standard","has-post-thumbnail","hentry","category-prefeitura-municipal"],"_links":{"self":[{"href":"https:\/\/ubanews.com\/site\/wp-json\/wp\/v2\/posts\/17758","targetHints":{"allow":["GET"]}}],"collection":[{"href":"https:\/\/ubanews.com\/site\/wp-json\/wp\/v2\/posts"}],"about":[{"href":"https:\/\/ubanews.com\/site\/wp-json\/wp\/v2\/types\/post"}],"author":[{"embeddable":true,"href":"https:\/\/ubanews.com\/site\/wp-json\/wp\/v2\/users\/2"}],"replies":[{"embeddable":true,"href":"https:\/\/ubanews.com\/site\/wp-json\/wp\/v2\/comments?post=17758"}],"version-history":[{"count":0,"href":"https:\/\/ubanews.com\/site\/wp-json\/wp\/v2\/posts\/17758\/revisions"}],"wp:featuredmedia":[{"embeddable":true,"href":"https:\/\/ubanews.com\/site\/wp-json\/wp\/v2\/media\/17760"}],"wp:attachment":[{"href":"https:\/\/ubanews.com\/site\/wp-json\/wp\/v2\/media?parent=17758"}],"wp:term":[{"taxonomy":"category","embeddable":true,"href":"https:\/\/ubanews.com\/site\/wp-json\/wp\/v2\/categories?post=17758"},{"taxonomy":"post_tag","embeddable":true,"href":"https:\/\/ubanews.com\/site\/wp-json\/wp\/v2\/tags?post=17758"}],"curies":[{"name":"wp","href":"https:\/\/api.w.org\/{rel}","templated":true}]}}