{"id":17755,"date":"2020-07-30T10:48:11","date_gmt":"2020-07-30T13:48:11","guid":{"rendered":"http:\/\/ubanews.com\/site\/?p=17755"},"modified":"2020-07-30T10:48:11","modified_gmt":"2020-07-30T13:48:11","slug":"nota-de-esclarecimento-do-21o-bpm","status":"publish","type":"post","link":"https:\/\/ubanews.com\/site\/2020\/07\/30\/nota-de-esclarecimento-do-21o-bpm\/","title":{"rendered":"NOTA DE ESCLARECIMENTO DO 21\u00ba BPM"},"content":{"rendered":"<p>Em virtude de uma nota veiculada informando que a partir da pr\u00f3xima segunda-feira, 03 de Agosto, a fiscaliza\u00e7\u00e3o sobre o uso obrigat\u00f3rio de m\u00e1scaras em estabelecimentos comerciais e vias p\u00fablicas na cidade de Ub\u00e1 ser\u00e1 realizada pela Pol\u00edcia Militar de Ub\u00e1, inclusive com a aplica\u00e7\u00e3o de multas, o Comando do 21\u00ba BPM vem a p\u00fablico esclarecer que houve solicita\u00e7\u00e3o de apoio policial por parte da Prefeitura Municipal de Ub\u00e1.<\/p>\n<p>Esse apoio visa garantir o poder de fiscaliza\u00e7\u00e3o dos fiscais de postura para que as ordens do Decreto Municipal possam ser cumpridas.<\/p>\n<p>Assim, caber\u00e1 \u00e0 Pol\u00edcia Militar apoiar o \u00f3rg\u00e3o municipal no exerc\u00edcio de seu poder de pol\u00edcia administrativa, fazendo valer as ordens de restri\u00e7\u00f5es existentes.<\/p>\n<p><strong>O 21\u00ba BPM REAFIRMA:<\/strong><\/p>\n<p>PRECISAMOS DA AJUDA DE TODOS, SAIA DE CASA SOMENTE EM CASO DE NECESSIDADE, CUIDE DOS FAMILIARES QUE EST\u00c3O NO GRUPO DE RISCO, SE TIVER QUE SAIR, UTILIZE M\u00c1SCARA DE PROTE\u00c7\u00c3O, E EVITE AGLOMERA\u00c7\u00d5ES.<\/p>\n<p>POL\u00cdCIA MILITAR DE MINAS GERAIS, NOSSA PROFISS\u00c3O SUA VIDA.<\/p>\n<p><strong>ASSESSORIA DE COMUNICA\u00c7\u00c3O ORGANIZACIONAL<\/strong><br \/>\n<strong>Vig\u00e9simo Primeiro Batalh\u00e3o de Pol\u00edcia Militar<\/strong><\/p>\n<p>&nbsp;<\/p>\n","protected":false},"excerpt":{"rendered":"<p>Em virtude de uma nota veiculada informando que a partir<\/p>\n","protected":false},"author":2,"featured_media":4459,"comment_status":"open","ping_status":"open","sticky":false,"template":"","format":"standard","meta":{"footnotes":""},"categories":[13],"tags":[],"class_list":["post-17755","post","type-post","status-publish","format-standard","has-post-thumbnail","hentry","category-sintese-das-ocorrencias"],"_links":{"self":[{"href":"https:\/\/ubanews.com\/site\/wp-json\/wp\/v2\/posts\/17755","targetHints":{"allow":["GET"]}}],"collection":[{"href":"https:\/\/ubanews.com\/site\/wp-json\/wp\/v2\/posts"}],"about":[{"href":"https:\/\/ubanews.com\/site\/wp-json\/wp\/v2\/types\/post"}],"author":[{"embeddable":true,"href":"https:\/\/ubanews.com\/site\/wp-json\/wp\/v2\/users\/2"}],"replies":[{"embeddable":true,"href":"https:\/\/ubanews.com\/site\/wp-json\/wp\/v2\/comments?post=17755"}],"version-history":[{"count":0,"href":"https:\/\/ubanews.com\/site\/wp-json\/wp\/v2\/posts\/17755\/revisions"}],"wp:featuredmedia":[{"embeddable":true,"href":"https:\/\/ubanews.com\/site\/wp-json\/wp\/v2\/media\/4459"}],"wp:attachment":[{"href":"https:\/\/ubanews.com\/site\/wp-json\/wp\/v2\/media?parent=17755"}],"wp:term":[{"taxonomy":"category","embeddable":true,"href":"https:\/\/ubanews.com\/site\/wp-json\/wp\/v2\/categories?post=17755"},{"taxonomy":"post_tag","embeddable":true,"href":"https:\/\/ubanews.com\/site\/wp-json\/wp\/v2\/tags?post=17755"}],"curies":[{"name":"wp","href":"https:\/\/api.w.org\/{rel}","templated":true}]}}