{"id":17741,"date":"2020-07-27T15:42:03","date_gmt":"2020-07-27T18:42:03","guid":{"rendered":"http:\/\/ubanews.com\/site\/?p=17741"},"modified":"2020-07-27T15:49:23","modified_gmt":"2020-07-27T18:49:23","slug":"novo-decreto-restringe-bares-e-restaurantes-e-altera-funcionamento-de-outros-setores","status":"publish","type":"post","link":"https:\/\/ubanews.com\/site\/2020\/07\/27\/novo-decreto-restringe-bares-e-restaurantes-e-altera-funcionamento-de-outros-setores\/","title":{"rendered":"Novo decreto restringe bares e restaurantes e altera funcionamento de outros setores"},"content":{"rendered":"<p>Publicado na manh\u00e3 desta segunda-feira (27) o Decreto Municipal 6.426\/2020, alterando regras para funcionamento de alguns setores como bares e restaurantes, dentre outras medidas. Em pronunciamento realizado na noite deste domingo (26), o prefeito Edson Teixeira Filho j\u00e1 havia anunciado algumas das mudan\u00e7as.&nbsp;<br \/>\nCom o novo decreto, o funcionamento de minimercados, mercearias, a\u00e7ougues e quitandas fica proibido aos domingos. J\u00e1 as padarias podem funcionar aos domingos, por\u00e9m apenas at\u00e9 \u00e0s 13h. O consumo neste local fica proibido.&nbsp;<br \/>\nBares, lanchonetes e restaurantes retornam para funcionamento apenas por delivery, de 7h \u00e0s 22h, sendo proibido consumo no local.&nbsp;<br \/>\nCasas lot\u00e9ricas s\u00f3 poder\u00e3o abrir aos s\u00e1bados em data que haja expediente presencial na Caixa Econ\u00f4mica Federal.&nbsp;<\/p>\n<p>As auto escolas poder\u00e3o funcionar de 8h \u00e0s 20h de segunda a sexta, por\u00e9m n\u00e3o podem mais abrir aos s\u00e1bados.&nbsp;<\/p>\n<div id=\"metaslider-id-17652\" style=\"max-width: 1000px;\" class=\"ml-slider-3-110-0 metaslider metaslider-nivo metaslider-17652 ml-slider ms-theme-outline\" role=\"region\" aria-label=\"Texto\" data-height=\"200\" data-width=\"1000\">\n    <div id=\"metaslider_container_17652\">\n        <div class='slider-wrapper theme-default'><div class='ribbon'><\/div><div id='metaslider_17652' class='nivoSlider'><\/div><\/div>\n        \n    <\/div>\n<\/div>\n<p>O decreto tamb\u00e9m prorroga, at\u00e9 30 de setembro, o prazo para suspens\u00e3o de toda atividade ou evento que importe em aglomera\u00e7\u00e3o de pessoas.&nbsp;<br \/>\n&#8220;Vamos iniciar nesta semana a distribui\u00e7\u00e3o de cerca de 200 multas, aplicadas a estabelecimentos que se recusaram a cumprir as determina\u00e7\u00f5es do poder p\u00fablico municipal e estadual em rela\u00e7\u00e3o \u00e0 pandemia. N\u00e3o \u00e9 o que queremos, mas \u00e9 a medida legal adequada \u00e0 situa\u00e7\u00e3o&#8221;, adiantou o prefeito. &#8220;Temos muitos profissionais de sa\u00fade infectados, e nossa contamina\u00e7\u00e3o continua subindo. As pessoas precisam ser mais conscientes, precisam colaborar e entender a gravidade da situa\u00e7\u00e3o. Usar m\u00e1scara e praticar o distanciamento s\u00e3o as \u00fanicas medidas eficazes contra o avan\u00e7o dessa doen\u00e7a&#8221;, lembrou o prefeito.<\/p>\n<p>Clique aqui para baixar o <a href=\"https:\/\/ubanews.com\/site\/wp-content\/uploads\/2020\/07\/decreto-27.07.pdf\">decreto 27.07<\/a><\/p>\n","protected":false},"excerpt":{"rendered":"<p>Publicado na manh\u00e3 desta segunda-feira (27) o Decreto Municipal 6.426\/2020,<\/p>\n","protected":false},"author":2,"featured_media":16993,"comment_status":"open","ping_status":"open","sticky":false,"template":"","format":"standard","meta":{"footnotes":""},"categories":[1],"tags":[],"class_list":["post-17741","post","type-post","status-publish","format-standard","has-post-thumbnail","hentry","category-sem-categoria"],"_links":{"self":[{"href":"https:\/\/ubanews.com\/site\/wp-json\/wp\/v2\/posts\/17741","targetHints":{"allow":["GET"]}}],"collection":[{"href":"https:\/\/ubanews.com\/site\/wp-json\/wp\/v2\/posts"}],"about":[{"href":"https:\/\/ubanews.com\/site\/wp-json\/wp\/v2\/types\/post"}],"author":[{"embeddable":true,"href":"https:\/\/ubanews.com\/site\/wp-json\/wp\/v2\/users\/2"}],"replies":[{"embeddable":true,"href":"https:\/\/ubanews.com\/site\/wp-json\/wp\/v2\/comments?post=17741"}],"version-history":[{"count":0,"href":"https:\/\/ubanews.com\/site\/wp-json\/wp\/v2\/posts\/17741\/revisions"}],"wp:featuredmedia":[{"embeddable":true,"href":"https:\/\/ubanews.com\/site\/wp-json\/wp\/v2\/media\/16993"}],"wp:attachment":[{"href":"https:\/\/ubanews.com\/site\/wp-json\/wp\/v2\/media?parent=17741"}],"wp:term":[{"taxonomy":"category","embeddable":true,"href":"https:\/\/ubanews.com\/site\/wp-json\/wp\/v2\/categories?post=17741"},{"taxonomy":"post_tag","embeddable":true,"href":"https:\/\/ubanews.com\/site\/wp-json\/wp\/v2\/tags?post=17741"}],"curies":[{"name":"wp","href":"https:\/\/api.w.org\/{rel}","templated":true}]}}