{"id":17701,"date":"2020-07-22T10:54:30","date_gmt":"2020-07-22T13:54:30","guid":{"rendered":"http:\/\/ubanews.com\/site\/?p=17701"},"modified":"2020-07-22T10:54:30","modified_gmt":"2020-07-22T13:54:30","slug":"policia-militar-recupera-motocicleta-roubada-e-prende-autores-no-residencial-rosa-de-toledo","status":"publish","type":"post","link":"https:\/\/ubanews.com\/site\/2020\/07\/22\/policia-militar-recupera-motocicleta-roubada-e-prende-autores-no-residencial-rosa-de-toledo\/","title":{"rendered":"POL\u00cdCIA MILITAR RECUPERA MOTOCICLETA ROUBADA E PRENDE AUTORES NO RESIDENCIAL ROSA DE TOLEDO"},"content":{"rendered":"<p>A Pol\u00edcia Militar foi acionada por uma v\u00edtima, que relatou que dois indiv\u00edduos o abordaram e o amea\u00e7ou com algo por debaixo da camisa, aparentando ser uma arma de fogo, subtraindo sua motocicleta e evadiram sentido ao bairro Santa Edwiges.<\/p>\n<div id=\"metaslider-id-17652\" style=\"max-width: 1000px;\" class=\"ml-slider-3-110-0 metaslider metaslider-nivo metaslider-17652 ml-slider ms-theme-outline\" role=\"region\" aria-label=\"Texto\" data-height=\"200\" data-width=\"1000\">\n    <div id=\"metaslider_container_17652\">\n        <div class='slider-wrapper theme-default'><div class='ribbon'><\/div><div id='metaslider_17652' class='nivoSlider'><\/div><\/div>\n        \n    <\/div>\n<\/div>\n<p>Ao ser verificado imagens do sistema de monitoramento \u201cOlho Vivo\u201d, o indiv\u00edduo suspeito foi identificado.<\/p>\n<p>Durante o rastreamento, os militares deslocaram at\u00e9 a resid\u00eancia do suspeito, tendo este se apresentado.<\/p>\n<p>Durante o desenrolar da verbaliza\u00e7\u00e3o ao realizar buscas no local a motocicleta foi localizada e o autor informou quem era o coautor que tamb\u00e9m foi localizado e preso.<\/p>\n<p>Os autores dois homens um de 18 e o outro de 20 anos, foram presos e conduzidos para a Delegacia de Pol\u00edcia Judici\u00e1ria.<\/p>\n<p><strong>ASSESSORIA DE COMUNICA\u00c7\u00c3O ORGANIZACIONAL<\/strong><br \/>\n<strong>Vig\u00e9simo Primeiro Batalh\u00e3o de Pol\u00edcia Militar<\/strong><\/p>\n<p style=\"text-align: center;\"><strong><a href=\"https:\/\/chat.whatsapp.com\/KofmRIuK3lXL5c8H4TQEfd\" target=\"_blank\" rel=\"noopener\">Clique aqui para ser membro do Grupo de Whatsapp<\/a><\/strong><\/p>\n","protected":false},"excerpt":{"rendered":"<p>A Pol\u00edcia Militar foi acionada por uma v\u00edtima, que relatou<\/p>\n","protected":false},"author":2,"featured_media":3403,"comment_status":"open","ping_status":"open","sticky":false,"template":"","format":"standard","meta":{"footnotes":""},"categories":[13],"tags":[],"class_list":["post-17701","post","type-post","status-publish","format-standard","has-post-thumbnail","hentry","category-sintese-das-ocorrencias"],"_links":{"self":[{"href":"https:\/\/ubanews.com\/site\/wp-json\/wp\/v2\/posts\/17701","targetHints":{"allow":["GET"]}}],"collection":[{"href":"https:\/\/ubanews.com\/site\/wp-json\/wp\/v2\/posts"}],"about":[{"href":"https:\/\/ubanews.com\/site\/wp-json\/wp\/v2\/types\/post"}],"author":[{"embeddable":true,"href":"https:\/\/ubanews.com\/site\/wp-json\/wp\/v2\/users\/2"}],"replies":[{"embeddable":true,"href":"https:\/\/ubanews.com\/site\/wp-json\/wp\/v2\/comments?post=17701"}],"version-history":[{"count":0,"href":"https:\/\/ubanews.com\/site\/wp-json\/wp\/v2\/posts\/17701\/revisions"}],"wp:featuredmedia":[{"embeddable":true,"href":"https:\/\/ubanews.com\/site\/wp-json\/wp\/v2\/media\/3403"}],"wp:attachment":[{"href":"https:\/\/ubanews.com\/site\/wp-json\/wp\/v2\/media?parent=17701"}],"wp:term":[{"taxonomy":"category","embeddable":true,"href":"https:\/\/ubanews.com\/site\/wp-json\/wp\/v2\/categories?post=17701"},{"taxonomy":"post_tag","embeddable":true,"href":"https:\/\/ubanews.com\/site\/wp-json\/wp\/v2\/tags?post=17701"}],"curies":[{"name":"wp","href":"https:\/\/api.w.org\/{rel}","templated":true}]}}