{"id":17684,"date":"2020-07-21T10:21:14","date_gmt":"2020-07-21T13:21:14","guid":{"rendered":"http:\/\/ubanews.com\/site\/?p=17684"},"modified":"2020-07-21T10:21:14","modified_gmt":"2020-07-21T13:21:14","slug":"menor-e-apreendido-com-drogas-apos-tentar-esconder-debaixo-de-carreta-em-uba","status":"publish","type":"post","link":"https:\/\/ubanews.com\/site\/2020\/07\/21\/menor-e-apreendido-com-drogas-apos-tentar-esconder-debaixo-de-carreta-em-uba\/","title":{"rendered":"MENOR \u00c9 APREENDIDO COM DROGAS, AP\u00d3S TENTAR ESCONDER DEBAIXO DE CARRETA EM UB\u00c1"},"content":{"rendered":"<p>Durante patrulhamento na R. Ant\u00f4nio Carlos do Amaral, bairro Ant\u00f4nio Maranh\u00e3o, policiais militares visualizaram um indiv\u00edduo saindo debaixo de uma carreta que estava estacionada, e ao fazer a verifica\u00e7\u00e3o &nbsp;debaixo da carreta , foi encontrada uma sacola pl\u00e1stica contendo 19 pinos pl\u00e1sticos com subst\u00e2ncias semelhante a coca\u00edna e duas buchas semelhantes a maconha.<\/p>\n<div id=\"metaslider-id-17652\" style=\"max-width: 1000px;\" class=\"ml-slider-3-110-0 metaslider metaslider-nivo metaslider-17652 ml-slider ms-theme-outline\" role=\"region\" aria-label=\"Texto\" data-height=\"200\" data-width=\"1000\">\n    <div id=\"metaslider_container_17652\">\n        <div class='slider-wrapper theme-default'><div class='ribbon'><\/div><div id='metaslider_17652' class='nivoSlider'><\/div><\/div>\n        \n    <\/div>\n<\/div>\n<p>O indiv\u00edduo que \u00e9 menor de idade, foi apreendido e conduzido \u00e0 Delegacia de Pol\u00edcia Judici\u00e1ria, juntamente com as drogas apreendidas para demais provid\u00eancias.<\/p>\n<p><strong>ASSESSORIA DE COMUNICA\u00c7\u00c3O ORGANIZACIONAL<\/strong><br \/>\n<strong>Vig\u00e9simo Primeiro Batalh\u00e3o de Pol\u00edcia Militar<\/strong><\/p>\n<p style=\"text-align: center;\"><strong><a href=\"https:\/\/chat.whatsapp.com\/KofmRIuK3lXL5c8H4TQEfd\" target=\"_blank\" rel=\"noopener\">Clique aqui para ser membro do Grupo de Whatsapp<\/a><\/strong><\/p>\n","protected":false},"excerpt":{"rendered":"<p>Durante patrulhamento na R. Ant\u00f4nio Carlos do Amaral, bairro Ant\u00f4nio<\/p>\n","protected":false},"author":2,"featured_media":17685,"comment_status":"open","ping_status":"open","sticky":false,"template":"","format":"standard","meta":{"footnotes":""},"categories":[13],"tags":[],"class_list":["post-17684","post","type-post","status-publish","format-standard","has-post-thumbnail","hentry","category-sintese-das-ocorrencias"],"_links":{"self":[{"href":"https:\/\/ubanews.com\/site\/wp-json\/wp\/v2\/posts\/17684","targetHints":{"allow":["GET"]}}],"collection":[{"href":"https:\/\/ubanews.com\/site\/wp-json\/wp\/v2\/posts"}],"about":[{"href":"https:\/\/ubanews.com\/site\/wp-json\/wp\/v2\/types\/post"}],"author":[{"embeddable":true,"href":"https:\/\/ubanews.com\/site\/wp-json\/wp\/v2\/users\/2"}],"replies":[{"embeddable":true,"href":"https:\/\/ubanews.com\/site\/wp-json\/wp\/v2\/comments?post=17684"}],"version-history":[{"count":0,"href":"https:\/\/ubanews.com\/site\/wp-json\/wp\/v2\/posts\/17684\/revisions"}],"wp:featuredmedia":[{"embeddable":true,"href":"https:\/\/ubanews.com\/site\/wp-json\/wp\/v2\/media\/17685"}],"wp:attachment":[{"href":"https:\/\/ubanews.com\/site\/wp-json\/wp\/v2\/media?parent=17684"}],"wp:term":[{"taxonomy":"category","embeddable":true,"href":"https:\/\/ubanews.com\/site\/wp-json\/wp\/v2\/categories?post=17684"},{"taxonomy":"post_tag","embeddable":true,"href":"https:\/\/ubanews.com\/site\/wp-json\/wp\/v2\/tags?post=17684"}],"curies":[{"name":"wp","href":"https:\/\/api.w.org\/{rel}","templated":true}]}}