{"id":17584,"date":"2020-07-08T10:18:28","date_gmt":"2020-07-08T13:18:28","guid":{"rendered":"http:\/\/ubanews.com\/site\/?p=17584"},"modified":"2020-07-09T10:58:19","modified_gmt":"2020-07-09T13:58:19","slug":"policia-militar-apreende-drogas-no-bairro-tanquinho","status":"publish","type":"post","link":"https:\/\/ubanews.com\/site\/2020\/07\/08\/policia-militar-apreende-drogas-no-bairro-tanquinho\/","title":{"rendered":"POL\u00cdCIA MILITAR APREENDE DROGAS NO BAIRRO TANQUINHO"},"content":{"rendered":"<p>A Pol\u00edcia Militar dando continuidade ao combate ao tr\u00e1fico de drogas, desencadeou uma opera\u00e7\u00e3o policial. Dois autores ao perceberem a aproxima\u00e7\u00e3o da viatura, um dos indiv\u00edduos pulou o muro da garagem da constru\u00e7\u00e3o, com algo nas m\u00e3os e ao ser abordado foram localizados uma por\u00e7\u00e3o maior de subst\u00e2ncia semelhante a coca\u00edna, sete microtubos de cor roxa, com a mesma subst\u00e2ncia, cinco pedras de subst\u00e2ncia semelhante ao crack, uma bucha de subst\u00e2ncia an\u00e1loga a maconha, dezessete microtubos de cor roxa com subst\u00e2ncias semelhante a coca\u00edna, vinte uma pedras de subst\u00e2ncia semelhante a crack, uma certa quantia em dinheiro e um&nbsp; caderno com anota\u00e7\u00f5es.<\/p>\n<p><span class=\"text_exposed_show\"><a href=\"https:\/\/wa.me\/553284044208\" target=\"_blank\" rel=\"noopener\"><img loading=\"lazy\" decoding=\"async\" class=\"aligncenter wp-image-17405 size-full\" src=\"https:\/\/ubanews.com\/site\/wp-content\/uploads\/2020\/06\/Anuncie-1.png\" alt=\"\" width=\"800\" height=\"100\" srcset=\"https:\/\/ubanews.com\/site\/wp-content\/uploads\/2020\/06\/Anuncie-1.png 800w, https:\/\/ubanews.com\/site\/wp-content\/uploads\/2020\/06\/Anuncie-1-300x38.png 300w, https:\/\/ubanews.com\/site\/wp-content\/uploads\/2020\/06\/Anuncie-1-768x96.png 768w\" sizes=\"auto, (max-width: 800px) 100vw, 800px\" \/><\/a><\/span><\/p>\n<p>Com o outro autor, foram encontradas uma por\u00e7\u00e3o semelhante a maconha e uma certa quantia em dinheiro.<\/p>\n<p>Diante ao exposto, os autores dois homens um de 19 anos, e o outro de 38 anos, foram presos e conduzidos a Delegacia Pol\u00edcia Judici\u00e1ria, bem como os materiais apreendidos.<\/p>\n<p><strong>ASSESSORIA DE COMUNICA\u00c7\u00c3O ORGANIZACIONAL<\/strong><br \/>\n<strong>Vig\u00e9simo Primeiro Batalh\u00e3o de Pol\u00edcia Militar<\/strong><\/p>\n<p style=\"text-align: center;\"><strong><a href=\"https:\/\/chat.whatsapp.com\/KofmRIuK3lXL5c8H4TQEfd\" target=\"_blank\" rel=\"noopener\">Clique aqui para ser membro do Grupo de Whatsapp<\/a><\/strong><\/p>\n<p style=\"text-align: center;\"><iframe loading=\"lazy\" src=\"https:\/\/www.youtube.com\/embed\/oygEDTS5ZK8\" width=\"560\" height=\"315\" frameborder=\"0\" allowfullscreen=\"allowfullscreen\"><\/iframe>&nbsp;<\/p>\n","protected":false},"excerpt":{"rendered":"<p>A Pol\u00edcia Militar dando continuidade ao combate ao tr\u00e1fico de<\/p>\n","protected":false},"author":2,"featured_media":17585,"comment_status":"open","ping_status":"open","sticky":false,"template":"","format":"standard","meta":{"footnotes":""},"categories":[13],"tags":[],"class_list":["post-17584","post","type-post","status-publish","format-standard","has-post-thumbnail","hentry","category-sintese-das-ocorrencias"],"_links":{"self":[{"href":"https:\/\/ubanews.com\/site\/wp-json\/wp\/v2\/posts\/17584","targetHints":{"allow":["GET"]}}],"collection":[{"href":"https:\/\/ubanews.com\/site\/wp-json\/wp\/v2\/posts"}],"about":[{"href":"https:\/\/ubanews.com\/site\/wp-json\/wp\/v2\/types\/post"}],"author":[{"embeddable":true,"href":"https:\/\/ubanews.com\/site\/wp-json\/wp\/v2\/users\/2"}],"replies":[{"embeddable":true,"href":"https:\/\/ubanews.com\/site\/wp-json\/wp\/v2\/comments?post=17584"}],"version-history":[{"count":0,"href":"https:\/\/ubanews.com\/site\/wp-json\/wp\/v2\/posts\/17584\/revisions"}],"wp:featuredmedia":[{"embeddable":true,"href":"https:\/\/ubanews.com\/site\/wp-json\/wp\/v2\/media\/17585"}],"wp:attachment":[{"href":"https:\/\/ubanews.com\/site\/wp-json\/wp\/v2\/media?parent=17584"}],"wp:term":[{"taxonomy":"category","embeddable":true,"href":"https:\/\/ubanews.com\/site\/wp-json\/wp\/v2\/categories?post=17584"},{"taxonomy":"post_tag","embeddable":true,"href":"https:\/\/ubanews.com\/site\/wp-json\/wp\/v2\/tags?post=17584"}],"curies":[{"name":"wp","href":"https:\/\/api.w.org\/{rel}","templated":true}]}}