{"id":17535,"date":"2020-07-06T11:00:28","date_gmt":"2020-07-06T14:00:28","guid":{"rendered":"http:\/\/ubanews.com\/site\/?p=17535"},"modified":"2020-07-07T10:07:14","modified_gmt":"2020-07-07T13:07:14","slug":"policia-militar-realiza-operacao-policial-em-local-com-aglomeracao-de-pessoas","status":"publish","type":"post","link":"https:\/\/ubanews.com\/site\/2020\/07\/06\/policia-militar-realiza-operacao-policial-em-local-com-aglomeracao-de-pessoas\/","title":{"rendered":"POL\u00cdCIA MILITAR REALIZA OPERA\u00c7\u00c3O POLICIAL EM LOCAL COM AGLOMERA\u00c7\u00c3O DE PESSOAS"},"content":{"rendered":"<p>A Pol\u00edcia Militar desencadeou nesta data uma Opera\u00e7\u00e3o Policial , cujo objetivo inicial da opera\u00e7\u00e3o foi realizar a fiscaliza\u00e7\u00e3o de ve\u00edculos estacionados ou circulando no local em desacordo com o c\u00f3digo de tr\u00e2nsito brasileiro, de pessoas que estavam soltando pipas com uso de linhas cortantes, as quais aglomeradas e sem o uso de m\u00e1scaras de prote\u00e7\u00e3o, descumpriam o decreto municipal.<\/p>\n<p>No local, um homem de 19 anos, foi preso por estar de posse de um rev\u00f3lver calibre.38, com seis muni\u00e7\u00f5es intactas. Realizadas fiscaliza\u00e7\u00f5es de ve\u00edculos que foram removidos e confeccionadas notifica\u00e7\u00f5es de tr\u00e2nsito.<\/p>\n<p>Provid\u00eancias registradas referentes \u00e0 fiscaliza\u00e7\u00e3o do uso de linhas cortantes.<\/p>\n<p><span class=\"text_exposed_show\"><a href=\"https:\/\/wa.me\/553284044208\" target=\"_blank\" rel=\"noopener\"><img loading=\"lazy\" decoding=\"async\" class=\"aligncenter wp-image-17405 size-full\" src=\"https:\/\/ubanews.com\/site\/wp-content\/uploads\/2020\/06\/Anuncie-1.png\" alt=\"\" width=\"800\" height=\"100\" srcset=\"https:\/\/ubanews.com\/site\/wp-content\/uploads\/2020\/06\/Anuncie-1.png 800w, https:\/\/ubanews.com\/site\/wp-content\/uploads\/2020\/06\/Anuncie-1-300x38.png 300w, https:\/\/ubanews.com\/site\/wp-content\/uploads\/2020\/06\/Anuncie-1-768x96.png 768w\" sizes=\"auto, (max-width: 800px) 100vw, 800px\" \/><\/a><\/span><\/p>\n<p>Ainda, durante a a\u00e7\u00e3o, a Pol\u00edcia Militar orientou as pessoas quanto a import\u00e2ncia da ado\u00e7\u00e3o das medidas de prote\u00e7\u00e3o como distanciamento social e uso obrigat\u00f3rio de m\u00e1scaras de prote\u00e7\u00e3o para se evitar a contamina\u00e7\u00e3o por COVID-19.<\/p>\n<p>A Pol\u00edcia Militar alerta tamb\u00e9m, quanto \u00e0 proibi\u00e7\u00e3o do uso de pipas com linhas cortantes em \u00e1reas p\u00fablicas e comuns, que por for\u00e7a do Decreto estadual N\u00ba 43.585 e a Lei estadual N\u00ba 14.349 pode gerar ao infrator uma multa de at\u00e9 R$1.500 reais.<\/p>\n<p><strong>ASSESSORIA DE COMUNICA\u00c7\u00c3O ORGANIZACIONAL<\/strong><br \/>\n<strong>Vig\u00e9simo Primeiro Batalh\u00e3o de Pol\u00edcia Militar<\/strong><\/p>\n<p style=\"text-align: center;\"><strong><a href=\"https:\/\/chat.whatsapp.com\/KofmRIuK3lXL5c8H4TQEfd\" target=\"_blank\" rel=\"noopener\">Clique aqui para ser membro do Grupo de Whatsapp<\/a><\/strong><\/p>\n<p>&nbsp;<\/p>\n","protected":false},"excerpt":{"rendered":"<p>A Pol\u00edcia Militar desencadeou nesta data uma Opera\u00e7\u00e3o Policial ,<\/p>\n","protected":false},"author":2,"featured_media":11679,"comment_status":"open","ping_status":"open","sticky":false,"template":"","format":"standard","meta":{"footnotes":""},"categories":[13],"tags":[],"class_list":["post-17535","post","type-post","status-publish","format-standard","has-post-thumbnail","hentry","category-sintese-das-ocorrencias"],"_links":{"self":[{"href":"https:\/\/ubanews.com\/site\/wp-json\/wp\/v2\/posts\/17535","targetHints":{"allow":["GET"]}}],"collection":[{"href":"https:\/\/ubanews.com\/site\/wp-json\/wp\/v2\/posts"}],"about":[{"href":"https:\/\/ubanews.com\/site\/wp-json\/wp\/v2\/types\/post"}],"author":[{"embeddable":true,"href":"https:\/\/ubanews.com\/site\/wp-json\/wp\/v2\/users\/2"}],"replies":[{"embeddable":true,"href":"https:\/\/ubanews.com\/site\/wp-json\/wp\/v2\/comments?post=17535"}],"version-history":[{"count":0,"href":"https:\/\/ubanews.com\/site\/wp-json\/wp\/v2\/posts\/17535\/revisions"}],"wp:featuredmedia":[{"embeddable":true,"href":"https:\/\/ubanews.com\/site\/wp-json\/wp\/v2\/media\/11679"}],"wp:attachment":[{"href":"https:\/\/ubanews.com\/site\/wp-json\/wp\/v2\/media?parent=17535"}],"wp:term":[{"taxonomy":"category","embeddable":true,"href":"https:\/\/ubanews.com\/site\/wp-json\/wp\/v2\/categories?post=17535"},{"taxonomy":"post_tag","embeddable":true,"href":"https:\/\/ubanews.com\/site\/wp-json\/wp\/v2\/tags?post=17535"}],"curies":[{"name":"wp","href":"https:\/\/api.w.org\/{rel}","templated":true}]}}