{"id":17501,"date":"2020-07-02T19:34:58","date_gmt":"2020-07-02T22:34:58","guid":{"rendered":"http:\/\/ubanews.com\/site\/?p=17501"},"modified":"2020-07-02T19:34:58","modified_gmt":"2020-07-02T22:34:58","slug":"medico-sanitarista-pede-respeito-a-covid-19","status":"publish","type":"post","link":"https:\/\/ubanews.com\/site\/2020\/07\/02\/medico-sanitarista-pede-respeito-a-covid-19\/","title":{"rendered":"M\u00c9DICO SANITARISTA PEDE RESPEITO \u00c0 COVID-19"},"content":{"rendered":"<p>O conceituado m\u00e9dico sanitarista Doutor Ricardo Furtado de Carvalho foi enf\u00e1tico ao se referir ao novo coronav\u00edrus, \u00e0 COVID-19. \u201c\u00c9 preciso respeitar o inimigo invis\u00edvel\u201d. Disparou o nosso entrevistado.<\/p>\n<p><a href=\"https:\/\/wa.me\/553284044208\" target=\"_blank\" rel=\"noopener\"><img loading=\"lazy\" decoding=\"async\" class=\"aligncenter wp-image-17405 size-full\" src=\"https:\/\/ubanews.com\/site\/wp-content\/uploads\/2020\/06\/Anuncie-1.png\" alt=\"\" width=\"800\" height=\"100\" srcset=\"https:\/\/ubanews.com\/site\/wp-content\/uploads\/2020\/06\/Anuncie-1.png 800w, https:\/\/ubanews.com\/site\/wp-content\/uploads\/2020\/06\/Anuncie-1-300x38.png 300w, https:\/\/ubanews.com\/site\/wp-content\/uploads\/2020\/06\/Anuncie-1-768x96.png 768w\" sizes=\"auto, (max-width: 800px) 100vw, 800px\" \/><\/a><\/p>\n<p>Dr. Ricardo fez uma viagem ao passado para explicar esse fen\u00f4meno que est\u00e1 acontecendo. Sobretudo, com o comportamento humano. Ele concorda que s\u00e3o informa\u00e7\u00f5es em demasia. \u201cVoc\u00ea pode dizer para o sujeito ficar em casa e usar m\u00e1scara, por\u00e9m n\u00e3o tem a necessidade de aterrorizar o cidad\u00e3o, fale com naturalidade, mas sem exageros\u201d. Contrariando alguns pelo Brasil e pelo mundo afora, Dr. Ricardo tudo vai voltar como era antes. Ele n\u00e3o acredita em grandes mudan\u00e7as. O nosso entrevistado citou alguns casos de desobedi\u00eancia como a It\u00e1lia e os Estados Unidos, por exemplo, para explicar esse fen\u00f4meno. Ele elogiou a maneira com os gestores municipais v\u00eam condindo \u00e0 pandemia, mas sugeriu que os infectados assintom\u00e1ticos e ou em fase de recupera\u00e7\u00e3o fossem para a Casa de Ora\u00e7\u00e3o, local cedido pela Igreja Cat\u00f3lica para o \u00f3rg\u00e3o p\u00fablico durante \u00e0 pandemia, para evitar uma contamina\u00e7\u00e3o em massa: \u201c\u00e9 apenas uma sugest\u00e3o, pois eu respeito cada um prefeito (a), secret\u00e1rio (a) que trabalha no enfrentamento ao v\u00edrus\u201d. Concluiu.<\/p>\n<p>Dr. Ricardo Furtado de Carvalho acredita que a dor maior \u00e9 ver as imagens de tantos mortos, e n\u00e3o a quantidade dos mortos. Segundo ele, remota a 120 mil anos essa cerim\u00f4nia que n\u00f3s realizamos hoje ao sepultar nossos entes queridos. Se hoje enterramos os mortos \u00e0s vezes sem nos despedir deles. Segundo ele, isso sim est\u00e1 contrariando a humanidade.<\/p>\n<p>Confira a entrevista na \u00edntegra concedida ao Portal Ub\u00e1 News! &nbsp;<\/p>\n<p style=\"text-align: center;\"><iframe loading=\"lazy\" src=\"https:\/\/www.youtube.com\/embed\/u0eY0XmldYs\" width=\"560\" height=\"315\" frameborder=\"0\" allowfullscreen=\"allowfullscreen\"><\/iframe>&nbsp;<\/p>\n<p><strong><a href=\"https:\/\/chat.whatsapp.com\/KofmRIuK3lXL5c8H4TQEfd\" target=\"_blank\" rel=\"noopener\">Clique aqui para ser membro do Grupo de Whatsapp<\/a><\/strong><\/p>\n","protected":false},"excerpt":{"rendered":"<p>O conceituado m\u00e9dico sanitarista Doutor Ricardo Furtado de Carvalho foi<\/p>\n","protected":false},"author":2,"featured_media":17502,"comment_status":"open","ping_status":"open","sticky":false,"template":"","format":"standard","meta":{"footnotes":""},"categories":[1],"tags":[],"class_list":["post-17501","post","type-post","status-publish","format-standard","has-post-thumbnail","hentry","category-sem-categoria"],"_links":{"self":[{"href":"https:\/\/ubanews.com\/site\/wp-json\/wp\/v2\/posts\/17501","targetHints":{"allow":["GET"]}}],"collection":[{"href":"https:\/\/ubanews.com\/site\/wp-json\/wp\/v2\/posts"}],"about":[{"href":"https:\/\/ubanews.com\/site\/wp-json\/wp\/v2\/types\/post"}],"author":[{"embeddable":true,"href":"https:\/\/ubanews.com\/site\/wp-json\/wp\/v2\/users\/2"}],"replies":[{"embeddable":true,"href":"https:\/\/ubanews.com\/site\/wp-json\/wp\/v2\/comments?post=17501"}],"version-history":[{"count":0,"href":"https:\/\/ubanews.com\/site\/wp-json\/wp\/v2\/posts\/17501\/revisions"}],"wp:featuredmedia":[{"embeddable":true,"href":"https:\/\/ubanews.com\/site\/wp-json\/wp\/v2\/media\/17502"}],"wp:attachment":[{"href":"https:\/\/ubanews.com\/site\/wp-json\/wp\/v2\/media?parent=17501"}],"wp:term":[{"taxonomy":"category","embeddable":true,"href":"https:\/\/ubanews.com\/site\/wp-json\/wp\/v2\/categories?post=17501"},{"taxonomy":"post_tag","embeddable":true,"href":"https:\/\/ubanews.com\/site\/wp-json\/wp\/v2\/tags?post=17501"}],"curies":[{"name":"wp","href":"https:\/\/api.w.org\/{rel}","templated":true}]}}