{"id":17465,"date":"2020-06-30T07:30:17","date_gmt":"2020-06-30T10:30:17","guid":{"rendered":"http:\/\/ubanews.com\/site\/?p=17465"},"modified":"2020-06-28T12:58:44","modified_gmt":"2020-06-28T15:58:44","slug":"o-dia-da-midia-social-e-celebrado-em-30-de-junho","status":"publish","type":"post","link":"https:\/\/ubanews.com\/site\/2020\/06\/30\/o-dia-da-midia-social-e-celebrado-em-30-de-junho\/","title":{"rendered":"O\u00a0Dia da M\u00eddia Social\u00a0\u00e9 celebrado em\u00a030 de junho."},"content":{"rendered":"<div class=\"col-xs-12 col-sm-8 holiday-detail-box\">&nbsp;<\/div>\n<div class=\"col-sm-8 list-holiday-box\">\n<div class=\"next-holiday-box\"><span style=\"font-size: 1.0625rem;\">O&nbsp;<\/span><em style=\"font-size: 1.0625rem;\">Social Media Day<\/em><span style=\"font-size: 1.0625rem;\">&nbsp;\u00e9 uma homenagem ao&nbsp;<\/span><strong style=\"font-size: 1.0625rem;\">impacto e revolu\u00e7\u00e3o<\/strong><span style=\"font-size: 1.0625rem;\">&nbsp;que as m\u00eddias sociais provocaram (e provocam) nas sociedades contempor\u00e2neas.<\/span><\/div>\n<div id=\"sg-social-share-content\" class=\"holiday-content\">\n<p>Al\u00e9m de mudar totalmente os meios de comunica\u00e7\u00e3o, as m\u00eddias sociais proporcionaram a capacidade de&nbsp;<strong>intera\u00e7\u00e3o direta<\/strong>&nbsp;entre os produtores das informa\u00e7\u00f5es e a audi\u00eancia, ou seja, o p\u00fablico em massa.<\/p>\n<p>Gra\u00e7as ao surgimento da m\u00eddia social, as produ\u00e7\u00f5es e divulga\u00e7\u00f5es de conte\u00fados deixaram de se concentrar exclusivamente nas m\u00e3os das&nbsp;<strong>grandes emissoras<\/strong>&nbsp;e ve\u00edculos de comunica\u00e7\u00e3o em massa.<\/p>\n<p>No entanto, tamb\u00e9m surge o&nbsp;<strong>perigo<\/strong>&nbsp;das falsas not\u00edcias (<em>fake news<\/em>) que s\u00e3o produzidas por pessoas mal-intencionadas. Igualmente existem aqueles que criam perfis fict\u00edcios a fim de enganar terceiros e cometer crimes.<\/p>\n<p>A ideia de criar esta data surgiu a partir de uma iniciativa do site&nbsp;<em>Mashable<\/em>, em 2010, que convidou a todas as pessoas que utilizavam constantemente as m\u00eddias sociais a&nbsp;<strong>refletirem<\/strong>&nbsp;sobre as importantes mudan\u00e7as que proporcionaram a vida das pessoas.<\/p>\n<p>Em 2015, a Organiza\u00e7\u00e3o das Na\u00e7\u00f5es Unidas (ONU) festejou oficialmente pela primeira vez o&nbsp;<strong>Dia da M\u00eddia Social<\/strong>.<\/p>\n<p>Atualmente, esta data \u00e9 comemorada em mais de 90 pa\u00edses, atrav\u00e9s de uma&nbsp;<strong>s\u00e9rie de atividades<\/strong>, como palestras e debates abertos ao p\u00fablico em geral. Da mesma forma, os usu\u00e1rios das redes sociais podem participar de todas as regi\u00f5es do planeta atrav\u00e9s da&nbsp;<em>hashtag&nbsp;<\/em>#SMDay.<\/p>\n<h2>Frases sobre M\u00eddia Social<\/h2>\n<ul>\n<li><em>Social media \u00e9 sobre pessoas. N\u00e3o sobre sua empresa<\/em>. Matt Goulart<\/li>\n<li><em>\u00c9 um di\u00e1logo, n\u00e3o um mon\u00f3logo. Social media \u00e9 mais como um telefone do que como uma televis\u00e3o<\/em>. Amy Jo Martin<\/li>\n<li><em>As m\u00eddias sociais s\u00e3o sobre sociologia e psicologia mais do que tecnologia<\/em>. Brian Solis<\/li>\n<li><em>As m\u00eddias sociais n\u00e3o transformam seus neg\u00f3cios durante a noite. Pode levar meses para ver qualquer crescimento real ou resultados mensur\u00e1veis. Mas isso n\u00e3o significa que n\u00e3o esteja funcionando. Isso s\u00f3 leva tempo<\/em>. Jenn Herman.<\/li>\n<\/ul>\n<p><strong>Fonte:<\/strong>&nbsp;<a href=\"https:\/\/www.calendarr.com\/brasil\/dia-da-midia-social\/\" target=\"_blank\" rel=\"noopener\">Calendarr<\/a><\/p>\n<\/div>\n<\/div>\n","protected":false},"excerpt":{"rendered":"<p>&nbsp; O&nbsp;Social Media Day&nbsp;\u00e9 uma homenagem ao&nbsp;impacto e revolu\u00e7\u00e3o&nbsp;que as<\/p>\n","protected":false},"author":2,"featured_media":17466,"comment_status":"open","ping_status":"open","sticky":false,"template":"","format":"standard","meta":{"footnotes":""},"categories":[1],"tags":[],"class_list":["post-17465","post","type-post","status-publish","format-standard","has-post-thumbnail","hentry","category-sem-categoria"],"_links":{"self":[{"href":"https:\/\/ubanews.com\/site\/wp-json\/wp\/v2\/posts\/17465","targetHints":{"allow":["GET"]}}],"collection":[{"href":"https:\/\/ubanews.com\/site\/wp-json\/wp\/v2\/posts"}],"about":[{"href":"https:\/\/ubanews.com\/site\/wp-json\/wp\/v2\/types\/post"}],"author":[{"embeddable":true,"href":"https:\/\/ubanews.com\/site\/wp-json\/wp\/v2\/users\/2"}],"replies":[{"embeddable":true,"href":"https:\/\/ubanews.com\/site\/wp-json\/wp\/v2\/comments?post=17465"}],"version-history":[{"count":0,"href":"https:\/\/ubanews.com\/site\/wp-json\/wp\/v2\/posts\/17465\/revisions"}],"wp:featuredmedia":[{"embeddable":true,"href":"https:\/\/ubanews.com\/site\/wp-json\/wp\/v2\/media\/17466"}],"wp:attachment":[{"href":"https:\/\/ubanews.com\/site\/wp-json\/wp\/v2\/media?parent=17465"}],"wp:term":[{"taxonomy":"category","embeddable":true,"href":"https:\/\/ubanews.com\/site\/wp-json\/wp\/v2\/categories?post=17465"},{"taxonomy":"post_tag","embeddable":true,"href":"https:\/\/ubanews.com\/site\/wp-json\/wp\/v2\/tags?post=17465"}],"curies":[{"name":"wp","href":"https:\/\/api.w.org\/{rel}","templated":true}]}}