{"id":17413,"date":"2020-06-21T14:20:47","date_gmt":"2020-06-21T17:20:47","guid":{"rendered":"http:\/\/ubanews.com\/site\/?p=17413"},"modified":"2020-06-25T09:32:35","modified_gmt":"2020-06-25T12:32:35","slug":"sobe-para-115-casos-confirmados-de-covid-19-em-uba","status":"publish","type":"post","link":"https:\/\/ubanews.com\/site\/2020\/06\/21\/sobe-para-115-casos-confirmados-de-covid-19-em-uba\/","title":{"rendered":"SOBE PARA 115 CASOS CONFIRMADOS DE COVID-19 EM UB\u00c1"},"content":{"rendered":"<p><strong>&#8211; Total de casos confirmados: 115<\/strong><br \/>\n(Soma dos casos confirmados de COVID-19 em pacientes residentes em Ub\u00e1)<\/p>\n<p><strong>&#8211; Casos confirmados em acompanhamento: 34<\/strong><br \/>\n(casos confirmados de COVID-19 cuja condi\u00e7\u00e3o cl\u00ednica permanece sendo acompanhada)<\/p>\n<p><strong>&#8211; Casos recuperados: 77<\/strong><br \/>\n(casos confirmados de COVID-19 que receberam alta hospitalar e\/ou cumpriram isolamento domiciliar de 14 dias sem intercorr\u00eancias.)<\/p>\n<p><strong>&nbsp;&#8211; \u00d3bitos confirmados: 04<\/strong><\/p>\n<p><a href=\"https:\/\/wa.me\/553284044208\" target=\"_blank\" rel=\"noopener\"><img loading=\"lazy\" decoding=\"async\" class=\"aligncenter wp-image-17405 size-full\" src=\"https:\/\/ubanews.com\/site\/wp-content\/uploads\/2020\/06\/Anuncie-1.png\" alt=\"\" width=\"800\" height=\"100\" srcset=\"https:\/\/ubanews.com\/site\/wp-content\/uploads\/2020\/06\/Anuncie-1.png 800w, https:\/\/ubanews.com\/site\/wp-content\/uploads\/2020\/06\/Anuncie-1-300x38.png 300w, https:\/\/ubanews.com\/site\/wp-content\/uploads\/2020\/06\/Anuncie-1-768x96.png 768w\" sizes=\"auto, (max-width: 800px) 100vw, 800px\" \/><\/a><\/p>\n<p><strong>&#8211; \u00d3bitos suspeitos\/investigados: 0<\/strong><br \/>\n(soma dos casos de pacientes com suspeita de COVID-19 que vieram a \u00f3bito, cujo resultado do exame ainda \u00e9 aguardado.)<\/p>\n<p><strong>&#8211; Casos Notificados: 888<\/strong><br \/>\n(total de casos analisados, dentre monitorados, confirmados e descartados desde 15\/03\/20)<\/p>\n<p><strong>&#8211; Casos em monitoramento por s\u00edndrome gripal: 431<\/strong><br \/>\n(casos de pacientes monitorados com s\u00edndrome gripais que n\u00e3o se enquadram para coleta do teste)<\/p>\n<p>&nbsp;<strong>&#8211; Casos em investiga\u00e7\u00e3o: 7<\/strong><br \/>\n(casos suspeitos de pacientes aguardando resultado do teste.)<\/p>\n<p><strong>&nbsp;&#8211; Pacientes internados em leito cl\u00ednico: 1<\/strong><br \/>\n(pacientes com caso suspeito ou confirmado de COVID-19 que encontram-se internados em leito cl\u00ednico de isolamento.)<\/p>\n<p><strong>&nbsp;&#8211; Pacientes internados em leito de UTI: 4<\/strong><br \/>\n(pacientes com caso suspeito ou confirmado de COVID-19 que encontram-se internados em leito de UTI.)<\/p>\n<p><strong>Sobre as novas confirma\u00e7\u00f5es:<\/strong>&nbsp;&nbsp;<br \/>\n115\u00b0 caso: Paciente do sexo masculino, faixa et\u00e1ria de 65 a 70 anos de idade.<\/p>\n<p><strong>Assessoria de Comunica\u00e7a<\/strong><\/p>\n","protected":false},"excerpt":{"rendered":"<p>&#8211; Total de casos confirmados: 115 (Soma dos casos confirmados<\/p>\n","protected":false},"author":2,"featured_media":17355,"comment_status":"open","ping_status":"open","sticky":false,"template":"","format":"standard","meta":{"footnotes":""},"categories":[1],"tags":[],"class_list":["post-17413","post","type-post","status-publish","format-standard","has-post-thumbnail","hentry","category-sem-categoria"],"_links":{"self":[{"href":"https:\/\/ubanews.com\/site\/wp-json\/wp\/v2\/posts\/17413","targetHints":{"allow":["GET"]}}],"collection":[{"href":"https:\/\/ubanews.com\/site\/wp-json\/wp\/v2\/posts"}],"about":[{"href":"https:\/\/ubanews.com\/site\/wp-json\/wp\/v2\/types\/post"}],"author":[{"embeddable":true,"href":"https:\/\/ubanews.com\/site\/wp-json\/wp\/v2\/users\/2"}],"replies":[{"embeddable":true,"href":"https:\/\/ubanews.com\/site\/wp-json\/wp\/v2\/comments?post=17413"}],"version-history":[{"count":0,"href":"https:\/\/ubanews.com\/site\/wp-json\/wp\/v2\/posts\/17413\/revisions"}],"wp:featuredmedia":[{"embeddable":true,"href":"https:\/\/ubanews.com\/site\/wp-json\/wp\/v2\/media\/17355"}],"wp:attachment":[{"href":"https:\/\/ubanews.com\/site\/wp-json\/wp\/v2\/media?parent=17413"}],"wp:term":[{"taxonomy":"category","embeddable":true,"href":"https:\/\/ubanews.com\/site\/wp-json\/wp\/v2\/categories?post=17413"},{"taxonomy":"post_tag","embeddable":true,"href":"https:\/\/ubanews.com\/site\/wp-json\/wp\/v2\/tags?post=17413"}],"curies":[{"name":"wp","href":"https:\/\/api.w.org\/{rel}","templated":true}]}}