{"id":17394,"date":"2020-06-22T12:06:24","date_gmt":"2020-06-22T15:06:24","guid":{"rendered":"http:\/\/ubanews.com\/site\/?p=17394"},"modified":"2020-06-22T12:06:24","modified_gmt":"2020-06-22T15:06:24","slug":"policia-militar-apreende-drogas-na-cidade-de-uba-e-visconde-do-rio-branco","status":"publish","type":"post","link":"https:\/\/ubanews.com\/site\/2020\/06\/22\/policia-militar-apreende-drogas-na-cidade-de-uba-e-visconde-do-rio-branco\/","title":{"rendered":"POL\u00cdCIA MILITAR APREENDE DROGAS NA CIDADE DE UB\u00c1 E VISCONDE DO RIO BRANCO"},"content":{"rendered":"<p>A Pol\u00edcia Militar durante patrulhamento na Rua Cecil\u00eda Pedtron\u00edlia Moreira, bairro Vila Moreira, Ub\u00e1, e ao receber den\u00fancias an\u00f4nimas neste domingo (21), por volta de 22h, que dois indiv\u00edduos estariam no local traficando drogas e que os autores guardavam as drogas nas proximidades.<\/p>\n<p>Ao ser realizada abordagem aos indiv\u00edduos e buscas no local foram localizados os seguintes materiais il\u00edcitos: 03 pinos com substancia an\u00e1loga a coca\u00edna, 04 buchas de subst\u00e2ncia an\u00e1loga \u00e0 maconha e 5 pedras an\u00e1loga a crack que foram apreendidos.<\/p>\n<p>Diante dos fatos os autores, dois homens, um de 20 anos e o outro menor de idade. Foram presos\/apreendidos e encaminhados \u00e0 Delegacia de Pol\u00edcia Judici\u00e1ria.<\/p>\n<p>Na cidade de Visconde do Rio Branco, Rua Oscar Salermo, bairro Dulcilia Carone, neste domingo (21), por volta de 16h, a Pol\u00edcia Militar durante patrulhamento ap\u00f3s den\u00fancias de tr\u00e1fico de drogas, ao abordar um indiv\u00edduo, localizou 10 pedras de crack; 03 papelotes de coca\u00edna; 01 tablete de maconha; uma quantia em dinheiro e um aparelho celular.<\/p>\n<p>O autor, um homem de 19 anos, foi preso e conduzido \u00e0 Delegacia de Pol\u00edcia Judici\u00e1ria, juntamente com os materiais il\u00edcitos apreendidos.<\/p>\n<p><strong>ASSESSORIA DE COMUNICA\u00c7\u00c3O ORGANIZACIONAL<\/strong><br \/>\n<strong>Vig\u00e9simo Primeiro Batalh\u00e3o de Pol\u00edcia Militar<\/strong><\/p>\n<p style=\"text-align: center;\"><strong><a href=\"https:\/\/chat.whatsapp.com\/KofmRIuK3lXL5c8H4TQEfd\" target=\"_blank\" rel=\"noopener\">Clique aqui para ser membro do Grupo de Whatsapp<\/a><\/strong><\/p>\n","protected":false},"excerpt":{"rendered":"<p>A Pol\u00edcia Militar durante patrulhamento na Rua Cecil\u00eda Pedtron\u00edlia Moreira,<\/p>\n","protected":false},"author":2,"featured_media":11679,"comment_status":"open","ping_status":"open","sticky":false,"template":"","format":"standard","meta":{"footnotes":""},"categories":[13],"tags":[],"class_list":["post-17394","post","type-post","status-publish","format-standard","has-post-thumbnail","hentry","category-sintese-das-ocorrencias"],"_links":{"self":[{"href":"https:\/\/ubanews.com\/site\/wp-json\/wp\/v2\/posts\/17394","targetHints":{"allow":["GET"]}}],"collection":[{"href":"https:\/\/ubanews.com\/site\/wp-json\/wp\/v2\/posts"}],"about":[{"href":"https:\/\/ubanews.com\/site\/wp-json\/wp\/v2\/types\/post"}],"author":[{"embeddable":true,"href":"https:\/\/ubanews.com\/site\/wp-json\/wp\/v2\/users\/2"}],"replies":[{"embeddable":true,"href":"https:\/\/ubanews.com\/site\/wp-json\/wp\/v2\/comments?post=17394"}],"version-history":[{"count":0,"href":"https:\/\/ubanews.com\/site\/wp-json\/wp\/v2\/posts\/17394\/revisions"}],"wp:featuredmedia":[{"embeddable":true,"href":"https:\/\/ubanews.com\/site\/wp-json\/wp\/v2\/media\/11679"}],"wp:attachment":[{"href":"https:\/\/ubanews.com\/site\/wp-json\/wp\/v2\/media?parent=17394"}],"wp:term":[{"taxonomy":"category","embeddable":true,"href":"https:\/\/ubanews.com\/site\/wp-json\/wp\/v2\/categories?post=17394"},{"taxonomy":"post_tag","embeddable":true,"href":"https:\/\/ubanews.com\/site\/wp-json\/wp\/v2\/tags?post=17394"}],"curies":[{"name":"wp","href":"https:\/\/api.w.org\/{rel}","templated":true}]}}