{"id":17330,"date":"2020-06-16T10:44:14","date_gmt":"2020-06-16T13:44:14","guid":{"rendered":"http:\/\/ubanews.com\/site\/?p=17330"},"modified":"2020-06-16T10:44:14","modified_gmt":"2020-06-16T13:44:14","slug":"policia-militar-encontra-drogas-no-bairro-da-luz","status":"publish","type":"post","link":"https:\/\/ubanews.com\/site\/2020\/06\/16\/policia-militar-encontra-drogas-no-bairro-da-luz\/","title":{"rendered":"POL\u00cdCIA MILITAR ENCONTRA DROGAS NO BAIRRO DA LUZ"},"content":{"rendered":"<p>Na segunda-feira (15), por volta de 18h, a Pol\u00edcia Militar durante patrulhamento na Rua Virg\u00edlio Maia Neves, bairro da Luz, quando avistou dois indiv\u00edduos em atitude suspeita em via p\u00fablica.<\/p>\n<p>Os indiv\u00edduos ao perceberem que seriam abordados empreenderam fuga, por\u00e9m um deles, que \u00e9 menor de idade, foi abordado, o outro indiv\u00edduo, que evadiu, abandonou 03 tabletes de tamanho consider\u00e1vel de subst\u00e2ncia an\u00e1loga \u00e0 coca\u00edna e 02 buchas de subst\u00e2ncia an\u00e1loga \u00e0 maconha.<\/p>\n<p>O indiv\u00edduo foi apreendido e conduzido \u00e0 Delegacia de Pol\u00edcia Judici\u00e1ria, juntamente com as subst\u00e2ncias il\u00edcitas encontradas.<\/p>\n<p><strong>ASSESSORIA DE COMUNICA\u00c7\u00c3O ORGANIZACIONAL<\/strong><br \/>\n<strong>Vig\u00e9simo Primeiro Batalh\u00e3o de Pol\u00edcia Militar<\/strong><\/p>\n<p style=\"text-align: center;\"><strong><a href=\"https:\/\/chat.whatsapp.com\/KofmRIuK3lXL5c8H4TQEfd\" target=\"_blank\" rel=\"noopener\">Clique aqui para ser membro do Grupo de Whatsapp<\/a><\/strong><\/p>\n","protected":false},"excerpt":{"rendered":"<p>Na segunda-feira (15), por volta de 18h, a Pol\u00edcia Militar<\/p>\n","protected":false},"author":2,"featured_media":17331,"comment_status":"open","ping_status":"open","sticky":false,"template":"","format":"standard","meta":{"footnotes":""},"categories":[13],"tags":[],"class_list":["post-17330","post","type-post","status-publish","format-standard","has-post-thumbnail","hentry","category-sintese-das-ocorrencias"],"_links":{"self":[{"href":"https:\/\/ubanews.com\/site\/wp-json\/wp\/v2\/posts\/17330","targetHints":{"allow":["GET"]}}],"collection":[{"href":"https:\/\/ubanews.com\/site\/wp-json\/wp\/v2\/posts"}],"about":[{"href":"https:\/\/ubanews.com\/site\/wp-json\/wp\/v2\/types\/post"}],"author":[{"embeddable":true,"href":"https:\/\/ubanews.com\/site\/wp-json\/wp\/v2\/users\/2"}],"replies":[{"embeddable":true,"href":"https:\/\/ubanews.com\/site\/wp-json\/wp\/v2\/comments?post=17330"}],"version-history":[{"count":0,"href":"https:\/\/ubanews.com\/site\/wp-json\/wp\/v2\/posts\/17330\/revisions"}],"wp:featuredmedia":[{"embeddable":true,"href":"https:\/\/ubanews.com\/site\/wp-json\/wp\/v2\/media\/17331"}],"wp:attachment":[{"href":"https:\/\/ubanews.com\/site\/wp-json\/wp\/v2\/media?parent=17330"}],"wp:term":[{"taxonomy":"category","embeddable":true,"href":"https:\/\/ubanews.com\/site\/wp-json\/wp\/v2\/categories?post=17330"},{"taxonomy":"post_tag","embeddable":true,"href":"https:\/\/ubanews.com\/site\/wp-json\/wp\/v2\/tags?post=17330"}],"curies":[{"name":"wp","href":"https:\/\/api.w.org\/{rel}","templated":true}]}}