{"id":16770,"date":"2021-05-09T08:30:32","date_gmt":"2021-05-09T11:30:32","guid":{"rendered":"http:\/\/ubanews.com\/site\/?p=16770"},"modified":"2021-05-09T17:57:05","modified_gmt":"2021-05-09T20:57:05","slug":"16770dedicacao","status":"publish","type":"post","link":"https:\/\/ubanews.com\/site\/2021\/05\/09\/16770dedicacao\/","title":{"rendered":"O Dia das M\u00e3es \u00e9 um dia para celebrar e agradecer a todas as m\u00e3es pela dedica\u00e7\u00e3o"},"content":{"rendered":"<p>O&nbsp;<strong>Dia das M\u00e3es<\/strong>&nbsp;\u00e9 uma data m\u00f3vel, ou seja, o dia a ser comemorado depende do ano, mas no Brasil \u00e9 sempre no&nbsp;<strong>segundo domingo do m\u00eas de Maio<\/strong>. Em v\u00e1rios pa\u00edses \u00e9 comemorado em outras datas, que v\u00e3o desde mar\u00e7o at\u00e9 dezembro.<\/p>\n<p>O Dia das M\u00e3es \u00e9 um dia para celebrar e agradecer a todas as m\u00e3es pela dedica\u00e7\u00e3o, amor e carinho que d\u00e3o aos seus filhos diariamente.<\/p>\n<p>\u00c9 comum no Dia das M\u00e3es os filhos fazerem surpresas \u00e0s suas m\u00e3es, dando presentes ou organizando atividades que demonstrem toda a admira\u00e7\u00e3o que sentem por ela.<\/p>\n<div id=\"metaslider-id-17652\" style=\"max-width: 1000px;\" class=\"ml-slider-3-106-0 metaslider metaslider-nivo metaslider-17652 ml-slider ms-theme-outline\" role=\"region\" aria-label=\"Texto\" data-height=\"200\" data-width=\"1000\">\n    <div id=\"metaslider_container_17652\">\n        <div class='slider-wrapper theme-default'><div class='ribbon'><\/div><div id='metaslider_17652' class='nivoSlider'><\/div><\/div>\n        \n    <\/div>\n<\/div>\n<h2>Origem do Dia das M\u00e3es<\/h2>\n<h3>Dia das M\u00e3es na Antiguidade<\/h3>\n<p>A comemora\u00e7\u00e3o mais antiga do Dias das M\u00e3es tem origem na Gr\u00e9cia antiga, onde a entrada da primavera era comemorada por Reia, a M\u00e3e dos deuses. A tradi\u00e7\u00e3o de homenagem \u00e0s m\u00e3es continuou com as festas em honra de Cibele, tamb\u00e9m chamada&nbsp;<em>Magna Mater<\/em>&nbsp;(Grande M\u00e3e).<\/p>\n<h3>Dia das M\u00e3es na Inglaterra &#8211; S\u00e9culo XVII<\/h3>\n<p>Depois de cristianizado, o Imp\u00e9rio Romano continuou celebrando o Dia das M\u00e3es, mas no 4\u00ba domingo da Quaresma, em honra da virgem Maria, e da igreja-M\u00e3e. Mas foi s\u00f3 no s\u00e9culo XVII, na Inglaterra, que as pessoas come\u00e7aram a voltar para suas igrejas-m\u00e3e no 4\u00ba domingo da Quaresma. Passou a ser conhecido na Inglaterra como &#8220;Domingo das M\u00e3es&#8221;.<\/p>\n<p>O Dia das M\u00e3es se tornou um dia importante para os criados, que passaram a ter folga nesse dia para visitarem as suas igrejas-m\u00e3e com suas m\u00e3es e restante da fam\u00edlia. Os feriados ainda n\u00e3o tinham sido inventados, por isso o Dia das M\u00e3es era para essas pessoas a \u00fanica oportunidade de terem uma folga para estarem com a fam\u00edlia.<\/p>\n<h3>Dia das M\u00e3es nos Estados Unidos &#8211; S\u00e9culo XX<\/h3>\n<p>No S\u00e9culo XX, uma jovem americana chamada Anna Jarvis, perdeu sua m\u00e3e e entrou em depress\u00e3o. Preocupadas com ela, suas amigas resolveram dar uma festa, para perpetuar a mem\u00f3ria da m\u00e3e de Anna e ao mesmo tempo tentar anim\u00e1-la. Anna quis que a homenagem fosse estendida a todas as m\u00e3es, independente de estarem vivas ou mortas, e em pouco tempo a comemora\u00e7\u00e3o se propagou por todo os Estados Unidos.<\/p>\n<p>Em 1914, a data foi oficializada pelo presidente Woodrow Wilson, e passou a ser comemorada no dia 9 de maio. Aos poucos a homenagem foi se espalhando para outros pa\u00edses.<\/p>\n<h3>Dia das M\u00e3es no Brasil<\/h3>\n<p>No Brasil, o primeiro Dia das M\u00e3es foi promovido pela Associa\u00e7\u00e3o Crist\u00e3 de Mo\u00e7os de Porto Alegre, no dia 12 de maio de 1918. Mas foi s\u00f3 em 1932 que o presidente Get\u00falio Vargas oficializou o segundo domingo de maio como Dia das M\u00e3es no pa\u00eds.<\/p>\n<p>Em 1947, a data do Dia das M\u00e3es passou a ser inclu\u00edda no calend\u00e1rio oficial da Igreja Cat\u00f3lica no Brasil.<\/p>\n<p>Quer fazer uma surpresa para a sua m\u00e3e? A gente d\u00e1 a dica:&nbsp;<a href=\"https:\/\/www.calendarr.com\/brasil\/dia-das-maes-maneiras-de-deixar-sua-mae-super-feliz\/\">Maneiras de deixar sua m\u00e3e super feliz<\/a>.<\/p>\n<h2>Dia das M\u00e3es nos pr\u00f3ximos anos<\/h2>\n<p>Como dito, o&nbsp;<strong>Dia das M\u00e3es no Brasil<\/strong>&nbsp;\u00e9 comemorado anualmente no segundo domingo de maio, por este motivo, esta data \u00e9 m\u00f3vel, sendo modificada todos os anos. Confira quando cair\u00e1 o Dia das M\u00e3es nos pr\u00f3ximos anos:<\/p>\n<ul>\n<li><strong>Dia das M\u00e3es 2022<\/strong>&nbsp;&#8211; 8 de maio de 2022<\/li>\n<li><strong>Dia das M\u00e3es 2023<\/strong>&nbsp;&#8211; 14 de maio de 2023<\/li>\n<li><strong>Dia das M\u00e3es 2024<\/strong>&nbsp;&#8211; 12 de maio de 2024<\/li>\n<\/ul>\n<ul>\n<li><em>&#8220;M\u00e3e \u00e9 pilar seguro, colo de amor incondicional, sorriso e palavra que acalmam, que orientam. Para todas as m\u00e3es, que na Terra representam o maravilhoso milagre da cria\u00e7\u00e3o; que geram com o seu ventre e amam com o cora\u00e7\u00e3o; um bom dia na data que por excel\u00eancia as celebra: o Dia das M\u00e3es!&#8221;<\/em><\/li>\n<li><em>&#8220;O amor que sinto por voc\u00ea \u00e9 capaz de mudar o mundo, minha m\u00e3e! N\u00e3o existe nome para o sentimento que me une a voc\u00ea. Amor \u00e9 pouco para definir o que sinto pela pessoa mais importante de minha vida: voc\u00ea. O orgulho que tenho em voc\u00ea \u00e9 do tamanho do mar onde todo mundo se refresca. Nunca conheci algu\u00e9m t\u00e3o guerreiro e t\u00e3o batalhador como voc\u00ea. Nem em filme ou seriado. Voc\u00ea \u00e9 a hero\u00edna de minha vida.&#8221;<\/em><\/li>\n<\/ul>\n<p>Se voc\u00ea quiser mais ideias de frases e mensagens para dedicar \u00e0 sua m\u00e3e, voc\u00ea pode visitar o&nbsp;<a href=\"https:\/\/www.mundodasmensagens.com\/mensagens-dia-maes\/\" rel=\"nofollow\">Mundo das Mensagens<\/a>.<\/p>\n<h2>Frases para o Dia das M\u00e3es<\/h2>\n<ul>\n<li><em>M\u00e3e, obrigado por ser o meu exemplo. Obrigado pela sua for\u00e7a, paci\u00eancia e dedica\u00e7\u00e3o. Obrigado por me alimentar, me criar, e me amar. Voc\u00ea \u00e9 a melhor m\u00e3e do mundo!<\/em><\/li>\n<li><em>M\u00e3e n\u00e3o se escolhe. Mas se eu pudesse escolher, escolheria voc\u00ea de qualquer jeito! Te amo!<\/em><\/li>\n<li><em>Oi m\u00e3e. Voc\u00ea sabe que eu n\u00e3o tenho muito jeito com as palavras, por isso eu roubei essa frase da internet mesmo. Tenho o maior orgulho em ser seu filho\/a! Te amo!<\/em><\/li>\n<li><em>Nunca vou conseguir te agradecer por tudo que voc\u00ea fez e continua fazendo por mim! Te amo de mont\u00e3o e quero que todo mundo saiba! Feliz Dia das M\u00e3es!<\/em><\/li>\n<\/ul>\n<h2>Poesia para o Dia das M\u00e3es<\/h2>\n<h3>Para Sempre &#8211; Carlos Drummond de Andrade<\/h3>\n<p><em>Por que Deus permite<br \/>\nque as m\u00e3es v\u00e3o-se embora?<br \/>\nM\u00e3e n\u00e3o tem limite,<br \/>\n\u00e9 tempo sem hora,<br \/>\nluz que n\u00e3o apaga<br \/>\nquando sopra o vento<br \/>\ne chuva desaba,<br \/>\nveludo escondido<br \/>\nna pele enrugada,<br \/>\n\u00e1gua pura, ar puro,<br \/>\npuro pensamento.<\/em><\/p>\n<p>Morrer acontece<br \/>\ncom o que \u00e9 breve e passa<br \/>\nsem deixar vest\u00edgio.<br \/>\nM\u00e3e, na sua gra\u00e7a,<br \/>\n\u00e9 eternidade.<br \/>\nPor que Deus se lembra<br \/>\n&#8211; mist\u00e9rio profundo &#8211;<br \/>\nde tir\u00e1-la um dia?<br \/>\nFosse eu Rei do Mundo,<br \/>\nbaixava uma lei:<br \/>\nM\u00e3e n\u00e3o morre nunca,<br \/>\nm\u00e3e ficar\u00e1 sempre<br \/>\njunto de seu filho<br \/>\ne ele, velho embora,<br \/>\nser\u00e1 pequenino<br \/>\nfeito gr\u00e3o de milho.<\/p>\n<h3>Presente a mam\u00e3e &#8211; Marcos G. Aguiar<\/h3>\n<p><em>\u00c0s m\u00e3es de todo planeta<br \/>\nOfere\u00e7o o brilho de um cometa<br \/>\nPara tal beleza comparar<br \/>\nSem jamais pestanejar<br \/>\nPor Deus aben\u00e7oada<br \/>\nPor Maria imaculada<br \/>\nDe seu ventre surge a vida<br \/>\nM\u00e3e tu \u00e9s consagrada.<\/em><\/p>\n<h2>Ideias de Presentes para o Dia das M\u00e3es<\/h2>\n<h3>Para m\u00e3es que adoram cozinhar<\/h3>\n<ul>\n<li>Caixa com cupcakes;<\/li>\n<li>Aula de sushi;<\/li>\n<li>Cesta de produtos gourmet;<\/li>\n<li>Livro de culin\u00e1ria;<\/li>\n<li>Chocolate;<\/li>\n<li>Brunch.<\/li>\n<\/ul>\n<h3>Para m\u00e3es que adoram moda<\/h3>\n<ul>\n<li>Perfumes;<\/li>\n<li>J\u00f3ias;<\/li>\n<li>Bolsas;<\/li>\n<li>Maquiagens;<\/li>\n<li>\u00c1lbum de fotografias;<\/li>\n<li>Sapatos;<\/li>\n<li>Sess\u00e3o fotogr\u00e1fica com os\/as filhos(as).<\/li>\n<\/ul>\n<h3>Para m\u00e3es que adoram viajar<\/h3>\n<ul>\n<li>Livros;<\/li>\n<li>Passeio de barco;<\/li>\n<li>Massagem num SPA;<\/li>\n<li>Bilhetes para o teatro, cinema ou show musical.<\/li>\n<\/ul>\n<h3>Para m\u00e3es que adoram tecnologia<\/h3>\n<ul>\n<li>iPhone;<\/li>\n<li>iPad;<\/li>\n<li>iPod;<\/li>\n<li>Kindle;<\/li>\n<li>Google Glass;<\/li>\n<\/ul>\n<h3>Para as m\u00e3es se emocionarem<\/h3>\n<ul>\n<li>Uma moldura com uma foto antiga sua e dela, que ela j\u00e1 n\u00e3o v\u00ea faz tempo;<\/li>\n<li>Um CD com as m\u00fasicas preferidas dela;<\/li>\n<li>Uma lista com as coisas que ela fala toda hora;<\/li>\n<li>Um desenho feito por voc\u00ea;<\/li>\n<li>Uma pequena viagem a um lugar que relembre a inf\u00e2ncia dela.<\/li>\n<\/ul>\n<h2>Ideias de Atividades para o Dia das M\u00e3es<\/h2>\n<ul>\n<li>Fa\u00e7a o almo\u00e7o para ela;<\/li>\n<li>Leve ao cinema para ver o filme que ela quiser;<\/li>\n<li>Leve para dan\u00e7ar;<\/li>\n<li>V\u00e1 com ela na loja ou restaurante que ela adora.<\/li>\n<\/ul>\n<p>N\u00e3o importa o tipo de atividade que voc\u00ea esteja planejando, o principal \u00e9 voc\u00eas aproveitarem esta data juntos!<\/p>\n<p><strong>FONTE: www.calendarr.com\/brasil\/<\/strong><\/p>\n<div style=\"width: 840px;\" class=\"wp-video\"><video class=\"wp-video-shortcode\" id=\"video-16770-1\" width=\"840\" height=\"473\" autoplay preload=\"auto\" controls=\"controls\"><source type=\"video\/mp4\" src=\"https:\/\/ubanews.com\/site\/wp-content\/uploads\/2020\/12\/01020002.00_00_53_25.mp4?_=1\" \/><a href=\"https:\/\/ubanews.com\/site\/wp-content\/uploads\/2020\/12\/01020002.00_00_53_25.mp4\">https:\/\/ubanews.com\/site\/wp-content\/uploads\/2020\/12\/01020002.00_00_53_25.mp4<\/a><\/video><\/div>\n","protected":false},"excerpt":{"rendered":"<p>O&nbsp;Dia das M\u00e3es&nbsp;\u00e9 uma data m\u00f3vel, ou seja, o dia<\/p>\n","protected":false},"author":2,"featured_media":16771,"comment_status":"open","ping_status":"open","sticky":false,"template":"","format":"standard","meta":{"footnotes":""},"categories":[1],"tags":[],"class_list":["post-16770","post","type-post","status-publish","format-standard","has-post-thumbnail","hentry","category-sem-categoria"],"yoast_head":"<!-- This site is optimized with the Yoast SEO plugin v27.2 - https:\/\/yoast.com\/product\/yoast-seo-wordpress\/ -->\n<title>O Dia das M\u00e3es \u00e9 um dia para celebrar e agradecer a todas as m\u00e3es pela dedica\u00e7\u00e3o - Ub\u00e1 News<\/title>\n<meta name=\"robots\" content=\"index, follow, max-snippet:-1, max-image-preview:large, max-video-preview:-1\" \/>\n<link rel=\"canonical\" href=\"https:\/\/ubanews.com\/site\/2021\/05\/09\/16770dedicacao\/\" \/>\n<meta property=\"og:locale\" content=\"pt_BR\" \/>\n<meta property=\"og:type\" content=\"article\" \/>\n<meta property=\"og:title\" content=\"O Dia das M\u00e3es \u00e9 um dia para celebrar e agradecer a todas as m\u00e3es pela dedica\u00e7\u00e3o - Ub\u00e1 News\" \/>\n<meta property=\"og:description\" content=\"O&nbsp;Dia das M\u00e3es&nbsp;\u00e9 uma data m\u00f3vel, ou seja, o dia\" \/>\n<meta property=\"og:url\" content=\"https:\/\/ubanews.com\/site\/2021\/05\/09\/16770dedicacao\/\" \/>\n<meta property=\"og:site_name\" content=\"Ub\u00e1 News\" \/>\n<meta property=\"article:publisher\" content=\"https:\/\/www.facebook.com\/Ub%c3%a1News-Carlos-Roberto-Sodr%c3%a9-418778301977370\" \/>\n<meta property=\"article:author\" content=\"https:\/\/www.facebook.com\/carosroberto.sodre.5\/\" \/>\n<meta property=\"article:published_time\" content=\"2021-05-09T11:30:32+00:00\" \/>\n<meta property=\"article:modified_time\" content=\"2021-05-09T20:57:05+00:00\" \/>\n<meta property=\"og:image\" content=\"https:\/\/ubanews.com\/site\/wp-content\/uploads\/2020\/05\/M\u00e3e.jpg\" \/>\n\t<meta property=\"og:image:width\" content=\"1000\" \/>\n\t<meta property=\"og:image:height\" content=\"500\" \/>\n\t<meta property=\"og:image:type\" content=\"image\/jpeg\" \/>\n<meta name=\"author\" content=\"Sodr\u00e9\" \/>\n<meta name=\"twitter:card\" content=\"summary_large_image\" \/>\n<meta name=\"twitter:label1\" content=\"Escrito por\" \/>\n\t<meta name=\"twitter:data1\" content=\"Sodr\u00e9\" \/>\n\t<meta name=\"twitter:label2\" content=\"Est. tempo de leitura\" \/>\n\t<meta name=\"twitter:data2\" content=\"6 minutos\" \/>\n<script type=\"application\/ld+json\" class=\"yoast-schema-graph\">{\"@context\":\"https:\/\/schema.org\",\"@graph\":[{\"@type\":\"Article\",\"@id\":\"https:\/\/ubanews.com\/site\/2021\/05\/09\/16770dedicacao\/#article\",\"isPartOf\":{\"@id\":\"https:\/\/ubanews.com\/site\/2021\/05\/09\/16770dedicacao\/\"},\"author\":{\"name\":\"Sodr\u00e9\",\"@id\":\"https:\/\/ubanews.com\/site\/#\/schema\/person\/d90c9e47252fbb63dcc969fe4c8b9d10\"},\"headline\":\"O Dia das M\u00e3es \u00e9 um dia para celebrar e agradecer a todas as m\u00e3es pela dedica\u00e7\u00e3o\",\"datePublished\":\"2021-05-09T11:30:32+00:00\",\"dateModified\":\"2021-05-09T20:57:05+00:00\",\"mainEntityOfPage\":{\"@id\":\"https:\/\/ubanews.com\/site\/2021\/05\/09\/16770dedicacao\/\"},\"wordCount\":1315,\"commentCount\":0,\"publisher\":{\"@id\":\"https:\/\/ubanews.com\/site\/#organization\"},\"image\":{\"@id\":\"https:\/\/ubanews.com\/site\/2021\/05\/09\/16770dedicacao\/#primaryimage\"},\"thumbnailUrl\":\"https:\/\/ubanews.com\/site\/wp-content\/uploads\/2020\/05\/M\u00e3e.jpg\",\"articleSection\":[\"Geral\"],\"inLanguage\":\"pt-BR\",\"potentialAction\":[{\"@type\":\"CommentAction\",\"name\":\"Comment\",\"target\":[\"https:\/\/ubanews.com\/site\/2021\/05\/09\/16770dedicacao\/#respond\"]}]},{\"@type\":\"WebPage\",\"@id\":\"https:\/\/ubanews.com\/site\/2021\/05\/09\/16770dedicacao\/\",\"url\":\"https:\/\/ubanews.com\/site\/2021\/05\/09\/16770dedicacao\/\",\"name\":\"O Dia das M\u00e3es \u00e9 um dia para celebrar e agradecer a todas as m\u00e3es pela dedica\u00e7\u00e3o - Ub\u00e1 News\",\"isPartOf\":{\"@id\":\"https:\/\/ubanews.com\/site\/#website\"},\"primaryImageOfPage\":{\"@id\":\"https:\/\/ubanews.com\/site\/2021\/05\/09\/16770dedicacao\/#primaryimage\"},\"image\":{\"@id\":\"https:\/\/ubanews.com\/site\/2021\/05\/09\/16770dedicacao\/#primaryimage\"},\"thumbnailUrl\":\"https:\/\/ubanews.com\/site\/wp-content\/uploads\/2020\/05\/M\u00e3e.jpg\",\"datePublished\":\"2021-05-09T11:30:32+00:00\",\"dateModified\":\"2021-05-09T20:57:05+00:00\",\"breadcrumb\":{\"@id\":\"https:\/\/ubanews.com\/site\/2021\/05\/09\/16770dedicacao\/#breadcrumb\"},\"inLanguage\":\"pt-BR\",\"potentialAction\":[{\"@type\":\"ReadAction\",\"target\":[\"https:\/\/ubanews.com\/site\/2021\/05\/09\/16770dedicacao\/\"]}]},{\"@type\":\"ImageObject\",\"inLanguage\":\"pt-BR\",\"@id\":\"https:\/\/ubanews.com\/site\/2021\/05\/09\/16770dedicacao\/#primaryimage\",\"url\":\"https:\/\/ubanews.com\/site\/wp-content\/uploads\/2020\/05\/M\u00e3e.jpg\",\"contentUrl\":\"https:\/\/ubanews.com\/site\/wp-content\/uploads\/2020\/05\/M\u00e3e.jpg\",\"width\":1000,\"height\":500},{\"@type\":\"BreadcrumbList\",\"@id\":\"https:\/\/ubanews.com\/site\/2021\/05\/09\/16770dedicacao\/#breadcrumb\",\"itemListElement\":[{\"@type\":\"ListItem\",\"position\":1,\"name\":\"Home\",\"item\":\"https:\/\/ubanews.com\/site\/\"},{\"@type\":\"ListItem\",\"position\":2,\"name\":\"O Dia das M\u00e3es \u00e9 um dia para celebrar e agradecer a todas as m\u00e3es pela dedica\u00e7\u00e3o\"}]},{\"@type\":\"WebSite\",\"@id\":\"https:\/\/ubanews.com\/site\/#website\",\"url\":\"https:\/\/ubanews.com\/site\/\",\"name\":\"Ub\u00e1 News\",\"description\":\"\",\"publisher\":{\"@id\":\"https:\/\/ubanews.com\/site\/#organization\"},\"potentialAction\":[{\"@type\":\"SearchAction\",\"target\":{\"@type\":\"EntryPoint\",\"urlTemplate\":\"https:\/\/ubanews.com\/site\/?s={search_term_string}\"},\"query-input\":{\"@type\":\"PropertyValueSpecification\",\"valueRequired\":true,\"valueName\":\"search_term_string\"}}],\"inLanguage\":\"pt-BR\"},{\"@type\":\"Organization\",\"@id\":\"https:\/\/ubanews.com\/site\/#organization\",\"name\":\"Ub\u00e1 News\",\"url\":\"https:\/\/ubanews.com\/site\/\",\"logo\":{\"@type\":\"ImageObject\",\"inLanguage\":\"pt-BR\",\"@id\":\"https:\/\/ubanews.com\/site\/#\/schema\/logo\/image\/\",\"url\":\"https:\/\/ubanews.com\/site\/wp-content\/uploads\/2018\/01\/logoubanews.png\",\"contentUrl\":\"https:\/\/ubanews.com\/site\/wp-content\/uploads\/2018\/01\/logoubanews.png\",\"width\":261,\"height\":99,\"caption\":\"Ub\u00e1 News\"},\"image\":{\"@id\":\"https:\/\/ubanews.com\/site\/#\/schema\/logo\/image\/\"},\"sameAs\":[\"https:\/\/www.facebook.com\/Ub\u00e1News-Carlos-Roberto-Sodr\u00e9-418778301977370\"]},{\"@type\":\"Person\",\"@id\":\"https:\/\/ubanews.com\/site\/#\/schema\/person\/d90c9e47252fbb63dcc969fe4c8b9d10\",\"name\":\"Sodr\u00e9\",\"image\":{\"@type\":\"ImageObject\",\"inLanguage\":\"pt-BR\",\"@id\":\"https:\/\/secure.gravatar.com\/avatar\/5ba2793f0590b9dbfad3fdec4ee714485b3eef211c9b32ee53d414060454a56c?s=96&d=mm&r=g\",\"url\":\"https:\/\/secure.gravatar.com\/avatar\/5ba2793f0590b9dbfad3fdec4ee714485b3eef211c9b32ee53d414060454a56c?s=96&d=mm&r=g\",\"contentUrl\":\"https:\/\/secure.gravatar.com\/avatar\/5ba2793f0590b9dbfad3fdec4ee714485b3eef211c9b32ee53d414060454a56c?s=96&d=mm&r=g\",\"caption\":\"Sodr\u00e9\"},\"sameAs\":[\"https:\/\/www.facebook.com\/carosroberto.sodre.5\/\"],\"url\":\"https:\/\/ubanews.com\/site\/author\/felipe\/\"}]}<\/script>\n<!-- \/ Yoast SEO plugin. -->","yoast_head_json":{"title":"O Dia das M\u00e3es \u00e9 um dia para celebrar e agradecer a todas as m\u00e3es pela dedica\u00e7\u00e3o - Ub\u00e1 News","robots":{"index":"index","follow":"follow","max-snippet":"max-snippet:-1","max-image-preview":"max-image-preview:large","max-video-preview":"max-video-preview:-1"},"canonical":"https:\/\/ubanews.com\/site\/2021\/05\/09\/16770dedicacao\/","og_locale":"pt_BR","og_type":"article","og_title":"O Dia das M\u00e3es \u00e9 um dia para celebrar e agradecer a todas as m\u00e3es pela dedica\u00e7\u00e3o - Ub\u00e1 News","og_description":"O&nbsp;Dia das M\u00e3es&nbsp;\u00e9 uma data m\u00f3vel, ou seja, o dia","og_url":"https:\/\/ubanews.com\/site\/2021\/05\/09\/16770dedicacao\/","og_site_name":"Ub\u00e1 News","article_publisher":"https:\/\/www.facebook.com\/Ub%c3%a1News-Carlos-Roberto-Sodr%c3%a9-418778301977370","article_author":"https:\/\/www.facebook.com\/carosroberto.sodre.5\/","article_published_time":"2021-05-09T11:30:32+00:00","article_modified_time":"2021-05-09T20:57:05+00:00","og_image":[{"width":1000,"height":500,"url":"https:\/\/ubanews.com\/site\/wp-content\/uploads\/2020\/05\/M\u00e3e.jpg","type":"image\/jpeg"}],"author":"Sodr\u00e9","twitter_card":"summary_large_image","twitter_misc":{"Escrito por":"Sodr\u00e9","Est. tempo de leitura":"6 minutos"},"schema":{"@context":"https:\/\/schema.org","@graph":[{"@type":"Article","@id":"https:\/\/ubanews.com\/site\/2021\/05\/09\/16770dedicacao\/#article","isPartOf":{"@id":"https:\/\/ubanews.com\/site\/2021\/05\/09\/16770dedicacao\/"},"author":{"name":"Sodr\u00e9","@id":"https:\/\/ubanews.com\/site\/#\/schema\/person\/d90c9e47252fbb63dcc969fe4c8b9d10"},"headline":"O Dia das M\u00e3es \u00e9 um dia para celebrar e agradecer a todas as m\u00e3es pela dedica\u00e7\u00e3o","datePublished":"2021-05-09T11:30:32+00:00","dateModified":"2021-05-09T20:57:05+00:00","mainEntityOfPage":{"@id":"https:\/\/ubanews.com\/site\/2021\/05\/09\/16770dedicacao\/"},"wordCount":1315,"commentCount":0,"publisher":{"@id":"https:\/\/ubanews.com\/site\/#organization"},"image":{"@id":"https:\/\/ubanews.com\/site\/2021\/05\/09\/16770dedicacao\/#primaryimage"},"thumbnailUrl":"https:\/\/ubanews.com\/site\/wp-content\/uploads\/2020\/05\/M\u00e3e.jpg","articleSection":["Geral"],"inLanguage":"pt-BR","potentialAction":[{"@type":"CommentAction","name":"Comment","target":["https:\/\/ubanews.com\/site\/2021\/05\/09\/16770dedicacao\/#respond"]}]},{"@type":"WebPage","@id":"https:\/\/ubanews.com\/site\/2021\/05\/09\/16770dedicacao\/","url":"https:\/\/ubanews.com\/site\/2021\/05\/09\/16770dedicacao\/","name":"O Dia das M\u00e3es \u00e9 um dia para celebrar e agradecer a todas as m\u00e3es pela dedica\u00e7\u00e3o - Ub\u00e1 News","isPartOf":{"@id":"https:\/\/ubanews.com\/site\/#website"},"primaryImageOfPage":{"@id":"https:\/\/ubanews.com\/site\/2021\/05\/09\/16770dedicacao\/#primaryimage"},"image":{"@id":"https:\/\/ubanews.com\/site\/2021\/05\/09\/16770dedicacao\/#primaryimage"},"thumbnailUrl":"https:\/\/ubanews.com\/site\/wp-content\/uploads\/2020\/05\/M\u00e3e.jpg","datePublished":"2021-05-09T11:30:32+00:00","dateModified":"2021-05-09T20:57:05+00:00","breadcrumb":{"@id":"https:\/\/ubanews.com\/site\/2021\/05\/09\/16770dedicacao\/#breadcrumb"},"inLanguage":"pt-BR","potentialAction":[{"@type":"ReadAction","target":["https:\/\/ubanews.com\/site\/2021\/05\/09\/16770dedicacao\/"]}]},{"@type":"ImageObject","inLanguage":"pt-BR","@id":"https:\/\/ubanews.com\/site\/2021\/05\/09\/16770dedicacao\/#primaryimage","url":"https:\/\/ubanews.com\/site\/wp-content\/uploads\/2020\/05\/M\u00e3e.jpg","contentUrl":"https:\/\/ubanews.com\/site\/wp-content\/uploads\/2020\/05\/M\u00e3e.jpg","width":1000,"height":500},{"@type":"BreadcrumbList","@id":"https:\/\/ubanews.com\/site\/2021\/05\/09\/16770dedicacao\/#breadcrumb","itemListElement":[{"@type":"ListItem","position":1,"name":"Home","item":"https:\/\/ubanews.com\/site\/"},{"@type":"ListItem","position":2,"name":"O Dia das M\u00e3es \u00e9 um dia para celebrar e agradecer a todas as m\u00e3es pela dedica\u00e7\u00e3o"}]},{"@type":"WebSite","@id":"https:\/\/ubanews.com\/site\/#website","url":"https:\/\/ubanews.com\/site\/","name":"Ub\u00e1 News","description":"","publisher":{"@id":"https:\/\/ubanews.com\/site\/#organization"},"potentialAction":[{"@type":"SearchAction","target":{"@type":"EntryPoint","urlTemplate":"https:\/\/ubanews.com\/site\/?s={search_term_string}"},"query-input":{"@type":"PropertyValueSpecification","valueRequired":true,"valueName":"search_term_string"}}],"inLanguage":"pt-BR"},{"@type":"Organization","@id":"https:\/\/ubanews.com\/site\/#organization","name":"Ub\u00e1 News","url":"https:\/\/ubanews.com\/site\/","logo":{"@type":"ImageObject","inLanguage":"pt-BR","@id":"https:\/\/ubanews.com\/site\/#\/schema\/logo\/image\/","url":"https:\/\/ubanews.com\/site\/wp-content\/uploads\/2018\/01\/logoubanews.png","contentUrl":"https:\/\/ubanews.com\/site\/wp-content\/uploads\/2018\/01\/logoubanews.png","width":261,"height":99,"caption":"Ub\u00e1 News"},"image":{"@id":"https:\/\/ubanews.com\/site\/#\/schema\/logo\/image\/"},"sameAs":["https:\/\/www.facebook.com\/Ub\u00e1News-Carlos-Roberto-Sodr\u00e9-418778301977370"]},{"@type":"Person","@id":"https:\/\/ubanews.com\/site\/#\/schema\/person\/d90c9e47252fbb63dcc969fe4c8b9d10","name":"Sodr\u00e9","image":{"@type":"ImageObject","inLanguage":"pt-BR","@id":"https:\/\/secure.gravatar.com\/avatar\/5ba2793f0590b9dbfad3fdec4ee714485b3eef211c9b32ee53d414060454a56c?s=96&d=mm&r=g","url":"https:\/\/secure.gravatar.com\/avatar\/5ba2793f0590b9dbfad3fdec4ee714485b3eef211c9b32ee53d414060454a56c?s=96&d=mm&r=g","contentUrl":"https:\/\/secure.gravatar.com\/avatar\/5ba2793f0590b9dbfad3fdec4ee714485b3eef211c9b32ee53d414060454a56c?s=96&d=mm&r=g","caption":"Sodr\u00e9"},"sameAs":["https:\/\/www.facebook.com\/carosroberto.sodre.5\/"],"url":"https:\/\/ubanews.com\/site\/author\/felipe\/"}]}},"_links":{"self":[{"href":"https:\/\/ubanews.com\/site\/wp-json\/wp\/v2\/posts\/16770","targetHints":{"allow":["GET"]}}],"collection":[{"href":"https:\/\/ubanews.com\/site\/wp-json\/wp\/v2\/posts"}],"about":[{"href":"https:\/\/ubanews.com\/site\/wp-json\/wp\/v2\/types\/post"}],"author":[{"embeddable":true,"href":"https:\/\/ubanews.com\/site\/wp-json\/wp\/v2\/users\/2"}],"replies":[{"embeddable":true,"href":"https:\/\/ubanews.com\/site\/wp-json\/wp\/v2\/comments?post=16770"}],"version-history":[{"count":0,"href":"https:\/\/ubanews.com\/site\/wp-json\/wp\/v2\/posts\/16770\/revisions"}],"wp:featuredmedia":[{"embeddable":true,"href":"https:\/\/ubanews.com\/site\/wp-json\/wp\/v2\/media\/16771"}],"wp:attachment":[{"href":"https:\/\/ubanews.com\/site\/wp-json\/wp\/v2\/media?parent=16770"}],"wp:term":[{"taxonomy":"category","embeddable":true,"href":"https:\/\/ubanews.com\/site\/wp-json\/wp\/v2\/categories?post=16770"},{"taxonomy":"post_tag","embeddable":true,"href":"https:\/\/ubanews.com\/site\/wp-json\/wp\/v2\/tags?post=16770"}],"curies":[{"name":"wp","href":"https:\/\/api.w.org\/{rel}","templated":true}]}}