{"id":16484,"date":"2020-04-22T10:23:06","date_gmt":"2020-04-22T13:23:06","guid":{"rendered":"http:\/\/ubanews.com\/site\/?p=16484"},"modified":"2020-04-22T10:23:06","modified_gmt":"2020-04-22T13:23:06","slug":"atraves-de-rastreamento-de-celular-roubado-policia-militar-se-depara-com-trafico-de-drogas","status":"publish","type":"post","link":"https:\/\/ubanews.com\/site\/2020\/04\/22\/atraves-de-rastreamento-de-celular-roubado-policia-militar-se-depara-com-trafico-de-drogas\/","title":{"rendered":"ATRAV\u00c9S DE RASTREAMENTO DE CELULAR ROUBADO, POL\u00cdCIA MILITAR SE DEPARA COM TR\u00c1FICO DE DROGAS"},"content":{"rendered":"<p>A Pol\u00edcia Militar foi acionada por uma v\u00edtima por volta de 14h e 44min do dia 17 de abril, este que relatou o seguinte fato: ter sido v\u00edtima de roubo na data de 16\/04\/2020, onde seu aparelho celular foi rastreado, acusado a localidade da Col\u00f4nia Padre Dami\u00e3o, na altura da rua Dr. Jo\u00e3o Barleta. Com a chegada da equipe policial um indiv\u00edduo evadiu.<\/p>\n<p><a href=\"https:\/\/www.youtube.com\/channel\/UCm0EcguUF8_FXRnrYtA_1qg?view_as=subscriber\" target=\"_blank\" rel=\"noopener\"><img loading=\"lazy\" decoding=\"async\" class=\"alignnone wp-image-8297 size-full\" src=\"https:\/\/ubanews.com\/site\/wp-content\/uploads\/2018\/10\/inscreva-se-no-You-Tube.jpg\" alt=\"\" width=\"800\" height=\"100\" srcset=\"https:\/\/ubanews.com\/site\/wp-content\/uploads\/2018\/10\/inscreva-se-no-You-Tube.jpg 800w, https:\/\/ubanews.com\/site\/wp-content\/uploads\/2018\/10\/inscreva-se-no-You-Tube-300x38.jpg 300w, https:\/\/ubanews.com\/site\/wp-content\/uploads\/2018\/10\/inscreva-se-no-You-Tube-768x96.jpg 768w\" sizes=\"auto, (max-width: 800px) 100vw, 800px\" \/><\/a><\/p>\n<p>Um autor, um homem de 23 anos, foi abordado com um pote vermelho, contendo no seu interior por\u00e7\u00f5es de substancias an\u00e1logas \u00e0 coca\u00edna e crack, sendo 29 pedras e 21 pinos, e uma certa quantia em dinheiro. Na resid\u00eancia tamb\u00e9m foram abordadas mais duas mulheres uma de 27 anos e a outra de 28 anos. Na resid\u00eancia tamb\u00e9m foram localizados um sistema de c\u00e2meras (04 c\u00e2meras) e um aparelho DVDR, utilizado para sincroniza\u00e7\u00e3o e grava\u00e7\u00e3o das c\u00e2meras. Tamb\u00e9m foram localizados dois celulares. Os autores foram presos e conduzidos at\u00e9 a Delegacia de Pol\u00edcia Judici\u00e1ria local, juntamente com os materiais apreendidos. Rastreamentos prosseguem objetivando prender o autor que evadiu e que j\u00e1 foi identificado.<\/p>\n<p><strong>ASSESSORIA DE COMUNICA\u00c7\u00c3O ORGANIZACIONAL<\/strong><br \/>\n<strong>Vig\u00e9simo Primeiro Batalh\u00e3o de Pol\u00edcia Militar<\/strong><\/p>\n<p><a href=\"https:\/\/www.instagram.com\/portalubanews\/?hl=pt-br\" target=\"_blank\" rel=\"noopener\"><img loading=\"lazy\" decoding=\"async\" class=\"aligncenter wp-image-15594 \" src=\"https:\/\/ubanews.com\/site\/wp-content\/uploads\/2020\/03\/Instagram.jpg\" alt=\"\" width=\"280\" height=\"160\" srcset=\"https:\/\/ubanews.com\/site\/wp-content\/uploads\/2020\/03\/Instagram.jpg 1200w, https:\/\/ubanews.com\/site\/wp-content\/uploads\/2020\/03\/Instagram-300x171.jpg 300w, https:\/\/ubanews.com\/site\/wp-content\/uploads\/2020\/03\/Instagram-768x438.jpg 768w, https:\/\/ubanews.com\/site\/wp-content\/uploads\/2020\/03\/Instagram-1024x585.jpg 1024w\" sizes=\"auto, (max-width: 280px) 100vw, 280px\" \/><\/a><\/p>\n","protected":false},"excerpt":{"rendered":"<p>A Pol\u00edcia Militar foi acionada por uma v\u00edtima por volta<\/p>\n","protected":false},"author":2,"featured_media":11679,"comment_status":"open","ping_status":"open","sticky":false,"template":"","format":"standard","meta":{"footnotes":""},"categories":[13],"tags":[],"class_list":["post-16484","post","type-post","status-publish","format-standard","has-post-thumbnail","hentry","category-sintese-das-ocorrencias"],"_links":{"self":[{"href":"https:\/\/ubanews.com\/site\/wp-json\/wp\/v2\/posts\/16484","targetHints":{"allow":["GET"]}}],"collection":[{"href":"https:\/\/ubanews.com\/site\/wp-json\/wp\/v2\/posts"}],"about":[{"href":"https:\/\/ubanews.com\/site\/wp-json\/wp\/v2\/types\/post"}],"author":[{"embeddable":true,"href":"https:\/\/ubanews.com\/site\/wp-json\/wp\/v2\/users\/2"}],"replies":[{"embeddable":true,"href":"https:\/\/ubanews.com\/site\/wp-json\/wp\/v2\/comments?post=16484"}],"version-history":[{"count":0,"href":"https:\/\/ubanews.com\/site\/wp-json\/wp\/v2\/posts\/16484\/revisions"}],"wp:featuredmedia":[{"embeddable":true,"href":"https:\/\/ubanews.com\/site\/wp-json\/wp\/v2\/media\/11679"}],"wp:attachment":[{"href":"https:\/\/ubanews.com\/site\/wp-json\/wp\/v2\/media?parent=16484"}],"wp:term":[{"taxonomy":"category","embeddable":true,"href":"https:\/\/ubanews.com\/site\/wp-json\/wp\/v2\/categories?post=16484"},{"taxonomy":"post_tag","embeddable":true,"href":"https:\/\/ubanews.com\/site\/wp-json\/wp\/v2\/tags?post=16484"}],"curies":[{"name":"wp","href":"https:\/\/api.w.org\/{rel}","templated":true}]}}