{"id":16481,"date":"2020-04-21T10:00:35","date_gmt":"2020-04-21T13:00:35","guid":{"rendered":"http:\/\/ubanews.com\/site\/?p=16481"},"modified":"2020-04-22T09:49:08","modified_gmt":"2020-04-22T12:49:08","slug":"o-aniversario-de-brasilia-e-comemorado-anualmente-em-21-de-abril","status":"publish","type":"post","link":"https:\/\/ubanews.com\/site\/2020\/04\/21\/o-aniversario-de-brasilia-e-comemorado-anualmente-em-21-de-abril\/","title":{"rendered":"O\u00a0Anivers\u00e1rio de Bras\u00edlia\u00a0\u00e9 comemorado anualmente em\u00a021 de abril"},"content":{"rendered":"<p>O&nbsp;<strong>Anivers\u00e1rio de Bras\u00edlia<\/strong>&nbsp;\u00e9 comemorado anualmente em&nbsp;<strong>21 de abril<\/strong>. A data \u00e9 considerada&nbsp;<strong>feriado na cidade<\/strong>.<\/p>\n<p>Bras\u00edlia \u00e9 a&nbsp;<strong>capital do Brasil<\/strong>, uma cidade que foi planejada, projetada e constru\u00edda com o prop\u00f3sito de ser a sede do governo brasileiro.<\/p>\n<p>A cidade de Bras\u00edlia est\u00e1 localizada no Distrito Federal, e \u00e9 conhecida como uma das mais importantes cria\u00e7\u00f5es do arquiteto&nbsp;<strong>Oscar Niemeyer<\/strong>, em parceria com o urbanista L\u00facio Costa.<\/p>\n<p>O \u201cPlano Piloto\u201d, como foi apelidado o projeto urban\u00edstico da cidade, come\u00e7ou a ser criado em 1956, e custou ao todo cerca de 1 bilh\u00e3o de d\u00f3lares.<\/p>\n<p>Bras\u00edlia foi inaugurada em&nbsp;<strong>21 de abril de 1960<\/strong>, pelo ent\u00e3o presidente Juscelino Kubitschek, passando a ser a terceira capital do Brasil, ap\u00f3s Salvador e o Rio de Janeiro.<\/p>\n<p>Uma particularidade da cidade de Bras\u00edlia \u00e9 o seu formato similar ao de um avi\u00e3o, quando vista de cima.<\/p>\n<p>Gra\u00e7as ao seu estilo urban\u00edstico, a cidade \u00e9 considerada Patrim\u00f4nio Mundial pela UNESCO (Organiza\u00e7\u00e3o das Na\u00e7\u00f5es Unidas para a Educa\u00e7\u00e3o, a Ci\u00eancia e a Cultura) desde 7 de dezembro de 1987.<\/p>\n<p>Como parte das comemora\u00e7\u00f5es do anivers\u00e1rio da capital federal, os brasilienses disp\u00f5em de v\u00e1rias atividades especiais, como exposi\u00e7\u00f5es, interven\u00e7\u00f5es urbanas, mostras de cinema e document\u00e1rios, shows e demais espet\u00e1culos culturais.<\/p>\n<p><a href=\"https:\/\/www.youtube.com\/channel\/UCm0EcguUF8_FXRnrYtA_1qg?view_as=subscriber\" target=\"_blank\" rel=\"noopener\"><img loading=\"lazy\" decoding=\"async\" class=\"alignnone wp-image-8297 size-full\" src=\"https:\/\/ubanews.com\/site\/wp-content\/uploads\/2018\/10\/inscreva-se-no-You-Tube.jpg\" alt=\"\" width=\"800\" height=\"100\" srcset=\"https:\/\/ubanews.com\/site\/wp-content\/uploads\/2018\/10\/inscreva-se-no-You-Tube.jpg 800w, https:\/\/ubanews.com\/site\/wp-content\/uploads\/2018\/10\/inscreva-se-no-You-Tube-300x38.jpg 300w, https:\/\/ubanews.com\/site\/wp-content\/uploads\/2018\/10\/inscreva-se-no-You-Tube-768x96.jpg 768w\" sizes=\"auto, (max-width: 800px) 100vw, 800px\" \/><\/a><\/p>\n<h2>Hist\u00f3ria<\/h2>\n<p>A ideia de transferir a capital para o interior do pa\u00eds existia desde o tempo da Independ\u00eancia e era defendida por pol\u00edticos como&nbsp;<strong>Jos\u00e9 Bonif\u00e1cio<\/strong>. No entanto, o projeto nunca se concretizou.<\/p>\n<p>Com o golpe republicano, em&nbsp;<strong>15 de novembro de 1889<\/strong>, o empreendimento vem novamente \u00e0 tona e em 1892 houve expedi\u00e7\u00f5es para marcar o lugar da futura capital. Na d\u00e9cada de 20 se colocaria a pedra fundamental, onde atualmente se encontra a cidade de Platina.<\/p>\n<p>Entretanto, com as crises econ\u00f4micas e o&nbsp;<strong>governo Vargas<\/strong>, a ideia foi novamente sepultada.<\/p>\n<p>Durante a campanha para a presid\u00eancia, JK \u00e9 lembrado por um menino de que a lei acerca da transfer\u00eancia da capital para o interior ainda n\u00e3o havia sido cumprida. Assim, o pol\u00edtico mineiro faz disso uma das suas plataformas de governo.<\/p>\n<p>Com o crescimento desordenado no Rio de Janeiro e o poder de press\u00e3o da popula\u00e7\u00e3o, os pol\u00edticos estariam mais resguardados em Bras\u00edlia.<\/p>\n<p>A constru\u00e7\u00e3o da nova capital consumiu os quatro anos de governo JK e no dia da sua inaugura\u00e7\u00e3o ainda havia a ser feito.<\/p>\n<p>Mesmo assim, Bras\u00edlia mant\u00e9m sua vitalidade e concentra um tra\u00e7ado urbano arrojado e original.<a href=\"https:\/\/www.instagram.com\/portalubanews\/?hl=pt-br\" target=\"_blank\" rel=\"noopener\"><img loading=\"lazy\" decoding=\"async\" class=\"aligncenter wp-image-15594 \" src=\"https:\/\/ubanews.com\/site\/wp-content\/uploads\/2020\/03\/Instagram.jpg\" alt=\"\" width=\"280\" height=\"160\" srcset=\"https:\/\/ubanews.com\/site\/wp-content\/uploads\/2020\/03\/Instagram.jpg 1200w, https:\/\/ubanews.com\/site\/wp-content\/uploads\/2020\/03\/Instagram-300x171.jpg 300w, https:\/\/ubanews.com\/site\/wp-content\/uploads\/2020\/03\/Instagram-768x438.jpg 768w, https:\/\/ubanews.com\/site\/wp-content\/uploads\/2020\/03\/Instagram-1024x585.jpg 1024w\" sizes=\"auto, (max-width: 280px) 100vw, 280px\" \/><\/a><\/p>\n<p><strong>FONTE: <a href=\"https:\/\/www.calendarr.com\/brasil\/datas-comemorativas-2020\/\" target=\"_blank\" rel=\"noopener\">CALENDAR<\/a><\/strong><\/p>\n","protected":false},"excerpt":{"rendered":"<p>O&nbsp;Anivers\u00e1rio de Bras\u00edlia&nbsp;\u00e9 comemorado anualmente em&nbsp;21 de abril. A data<\/p>\n","protected":false},"author":2,"featured_media":16482,"comment_status":"open","ping_status":"open","sticky":false,"template":"","format":"standard","meta":{"footnotes":""},"categories":[1],"tags":[],"class_list":["post-16481","post","type-post","status-publish","format-standard","has-post-thumbnail","hentry","category-sem-categoria"],"_links":{"self":[{"href":"https:\/\/ubanews.com\/site\/wp-json\/wp\/v2\/posts\/16481","targetHints":{"allow":["GET"]}}],"collection":[{"href":"https:\/\/ubanews.com\/site\/wp-json\/wp\/v2\/posts"}],"about":[{"href":"https:\/\/ubanews.com\/site\/wp-json\/wp\/v2\/types\/post"}],"author":[{"embeddable":true,"href":"https:\/\/ubanews.com\/site\/wp-json\/wp\/v2\/users\/2"}],"replies":[{"embeddable":true,"href":"https:\/\/ubanews.com\/site\/wp-json\/wp\/v2\/comments?post=16481"}],"version-history":[{"count":0,"href":"https:\/\/ubanews.com\/site\/wp-json\/wp\/v2\/posts\/16481\/revisions"}],"wp:featuredmedia":[{"embeddable":true,"href":"https:\/\/ubanews.com\/site\/wp-json\/wp\/v2\/media\/16482"}],"wp:attachment":[{"href":"https:\/\/ubanews.com\/site\/wp-json\/wp\/v2\/media?parent=16481"}],"wp:term":[{"taxonomy":"category","embeddable":true,"href":"https:\/\/ubanews.com\/site\/wp-json\/wp\/v2\/categories?post=16481"},{"taxonomy":"post_tag","embeddable":true,"href":"https:\/\/ubanews.com\/site\/wp-json\/wp\/v2\/tags?post=16481"}],"curies":[{"name":"wp","href":"https:\/\/api.w.org\/{rel}","templated":true}]}}