{"id":15957,"date":"2020-04-05T12:07:00","date_gmt":"2020-04-05T15:07:00","guid":{"rendered":"http:\/\/ubanews.com\/site\/?p=15957"},"modified":"2020-04-05T12:07:00","modified_gmt":"2020-04-05T15:07:00","slug":"uba-tem-seu-primeiro-resultado-positivo-de-covid-19","status":"publish","type":"post","link":"https:\/\/ubanews.com\/site\/2020\/04\/05\/uba-tem-seu-primeiro-resultado-positivo-de-covid-19\/","title":{"rendered":"UB\u00c1 TEM SEU PRIMEIRO RESULTADO POSITIVO DE COVID-19"},"content":{"rendered":"<p style=\"font-weight: 400;\"><strong>Comunicado oficial 22 \/ COVID-19<\/strong><\/p>\n<p style=\"font-weight: 400;\">Em raz\u00e3o da Pandemia de COVID-19, causada pelo novo coronavirus, a Prefeitura de Ub\u00e1 atualiza as informa\u00e7\u00f5es para a imprensa e a sociedade em rela\u00e7\u00e3o \u00e0s medidas tomadas e ao quadro da doen\u00e7a na cidade at\u00e9 o presente momento.<\/p>\n<p style=\"font-weight: 400;\">Hoje, dia 5 de abril, Ub\u00e1 recebeu o primeiro resultado positivo de&nbsp;COVID-19. Dessa maneira, Ub\u00e1 possui um<strong>&nbsp;(01) caso confirmado.&nbsp;<\/strong><br \/>\nVinte e quatro (24) pacientes que apresentavam sintomas que se enquadram nos protocolos da SES foram testados e aguardam resultado do exame.&nbsp;<\/p>\n<p style=\"font-weight: 400;\">Sessenta e nove (69) pacientes com sintomas gripais que n\u00e3o se enquadram para coleta do teste est\u00e3o sendo monitorados.<\/p>\n<p style=\"font-weight: 400;\">Vinte (20) pacientes testados j\u00e1 receberam resultado negativo para COVID-19.&nbsp;<\/p>\n<p style=\"font-weight: 400;\">O n\u00famero de casos notificados\/analisados, desde 15 de mar\u00e7o, \u00e9 de cento e catorze (114).&nbsp;<\/p>\n<p style=\"font-weight: 400;\"><strong>Sobre o caso confirmado, a Secretaria de Sa\u00fade esclarece que:<\/strong><\/p>\n<p style=\"font-weight: 400;\">Trata-se de paciente do sexo feminino, faixa et\u00e1ria de 30 a 35 anos, profissional da sa\u00fade.&nbsp;Teve contato com pessoa proveniente do Rio de Janeiro, que testou positivo para a doen\u00e7a. Ao apresentar&nbsp;os primeiros sintomas, e pelo hist\u00f3rico de contato com um caso positivo, a paciente&nbsp;fez a coleta de material no dia 23 de mar\u00e7o. Manteve-se em isolamento domiciliar por 16 dias. Hoje, est\u00e1 bem e n\u00e3o apresenta mais sintomas.&nbsp;<\/p>\n<p style=\"font-weight: 400;\"><em><strong>Importante esclarecer que:<\/strong><\/em><\/p>\n<p style=\"font-weight: 400;\"><em>Os teste r\u00e1pidos para COVID-19 para os munic\u00edpios ser\u00e3o fornecidos pelo Minist\u00e9rio da Sa\u00fade.&nbsp;<br \/>\n<\/em><\/p>\n<p style=\"font-weight: 400;\"><em>Os exames coletados na cidade s\u00e3o analisados pela FUNED, laborat\u00f3rio refer\u00eancia do Estado de Minas Gerais para COVID-19. A partir do momento em que o material coletado \u00e9 recebido em Belo Horizonte, o prazo m\u00e9dio de divulga\u00e7\u00e3o de resultado varia de 7 a 10 dias. Um ve\u00edculo da Secretaria de Sa\u00fade de Ub\u00e1 transporta diariamente os dados para o laborat\u00f3rio. Destaca-se ainda que devido ao grande volume de exames, a prioridade de resultados est\u00e1 sendo dada para profissionais de sa\u00fade sintom\u00e1ticos e pacientes internados.&nbsp;<\/em><\/p>\n<p><strong>Interna\u00e7\u00f5es<\/strong><\/p>\n<p>Ub\u00e1 possui duas pessoas internadas com&nbsp;suspeita de COVID-19.&nbsp;<\/p>\n<p>1) paciente do sexo masculino, idoso, 70 anos, acamado, isolado, com quadro est\u00e1vel.&nbsp;<br \/>\n2) paciente do sexo feminino, faixa et\u00e1ria 46 a 50 anos, integrante de grupo de risco, quadro leve, est\u00e1vel.&nbsp;<\/p>\n<p style=\"font-weight: 400;\"><strong>A\u00e7\u00f5es preventivas<\/strong><\/p>\n<p style=\"font-weight: 400;\">A Prefeitura permanece realizando o servi\u00e7o de sanitiza\u00e7\u00e3o em diversos locais da cidade, tanto atrav\u00e9s da a\u00e7\u00e3o dos funcion\u00e1rios em locais espec\u00edficos, quanto de um trator com pulverizador para as ruas.&nbsp;<\/p>\n<p style=\"font-weight: 400;\">As barreiras sanit\u00e1rias est\u00e3o sendo realizadas e foram refor\u00e7adas, tendo como objetivo a\u00e7\u00f5es educativas e informativas. Al\u00e9m disso, foi criado o PIT STOP &#8220;Fora COVID&#8221;, que atua atrav\u00e9s de panfletagem na Av. Beira-Rio, pr\u00f3ximo a ponte Major Fusaro. Destaca-se que os servidores que atuam nesses servi\u00e7os utilizam equipamentos de prote\u00e7\u00e3o individual, como luvas e m\u00e1scaras, visando proteger a pr\u00f3pria sa\u00fade e da popula\u00e7\u00e3o abordada.&nbsp;<\/p>\n<p style=\"font-weight: 400;\">A Secretaria de Desenvolvimento Social\/Banco de Alimentos, em conjunto com a Secretaria de Educa\u00e7\u00e3o, fez um levantamento das fam\u00edlias em vulnerabilidade social (em especial &nbsp;aquelas que ficar\u00e3o com maior risco de inseguran\u00e7a alimentar devido \u00e0 suspens\u00e3o das aulas) para distribui\u00e7\u00e3o de cestas b\u00e1sicas. A distribui\u00e7\u00e3o continua sendo realizada.&nbsp;<\/p>\n<p style=\"font-weight: 400;\"><strong>A\u00e7\u00e3o do Procon visa coibir abusos no com\u00e9rcio<\/strong><\/p>\n<p style=\"font-weight: 400;\">Fiscais do Procon e de Posturas permanecem em atividade com a\u00e7\u00f5es educativas, visando orientar setores do com\u00e9rcio como farm\u00e1cias, supermercados e lanchonetes acerca de pr\u00e1ticas abusivas e tamb\u00e9m quanto \u00e0 ado\u00e7\u00e3o das medidas de higiene previstas nos decretos municipais. Den\u00fancias s\u00e3o recebidas pelo email:&nbsp;<a href=\"mailto:atendimentoprocon@uba.mg.gov.br\">atendimentoprocon@uba.mg.gov.br<\/a>&nbsp;<\/p>\n<p style=\"font-weight: 400;\"><strong>Fiscaliza\u00e7\u00e3o<\/strong><\/p>\n<p style=\"font-weight: 400;\">&#8211; Unidade Integrada de Fiscaliza\u00e7\u00e3o recebe den\u00fancias atrav\u00e9s do portal&nbsp;<a href=\"http:\/\/www.uba.mg.gov.br\/ouvidoria\" data-saferedirecturl=\"https:\/\/www.google.com\/url?q=http:\/\/www.uba.mg.gov.br\/ouvidoria&amp;source=gmail&amp;ust=1586185119199000&amp;usg=AFQjCNGpvWRGaMO-lCiS_KrpaeiCZsKdQQ\" target=\"_blank\" rel=\"noopener\">http:\/\/www.uba.mg.gov.br\/ouvidoria<\/a>.<\/p>\n<p style=\"font-weight: 400;\"><strong><em>Orienta\u00e7\u00f5es \u00e0 comunidade<\/em><\/strong>:&nbsp;&nbsp;<\/p>\n<p style=\"font-weight: 400;\">Fa\u00e7am distanciamento social, atrav\u00e9s de isolamento domiciliar. Aten\u00e7\u00e3o redobrada aos pacientes do grupo de risco<\/p>\n<p style=\"font-weight: 400;\">Para quem chega de viagem, considerando a transmiss\u00e3o comunit\u00e1ria em todo pa\u00eds, \u00e9 solicitado comunicar a&nbsp;Secretaria de Sa\u00fade, atrav\u00e9s do Setor de Epidemiologia, para monitoramento e orienta\u00e7\u00f5es. O contato dever\u00e1 ser feito atrav\u00e9s dos telefones 3301-6505 \/&nbsp;3301-6503 \/ 3301- 6506, de segunda a sexta, de 8h \u00e0s 17h.&nbsp;<strong>Aos finais de semana, o contato dever\u00e1 ser feito pelo whatsapp atrav\u00e9s do n\u00famero 3301-6503 (somente mensagem, n\u00e3o atende liga\u00e7\u00e3o).&nbsp;<\/strong><\/p>\n<p style=\"font-weight: 400;\">&#8211; Se estiver apresentando algum sintoma: permane\u00e7a em isolamento domiciliar por 14 dias.&nbsp;<\/p>\n<p style=\"font-weight: 400;\">&#8211; Caso n\u00e3o apresente nenhum sintoma: permane\u00e7a em isolamento domiciliar por 7 dias.&nbsp;<\/p>\n<p style=\"font-weight: 400;\">A Prefeitura segue orienta\u00e7\u00e3o do Minist\u00e9rio da Sa\u00fade e recomenda que s\u00f3 procure atendimento quem apresentar sintomas como&nbsp;<strong>febre ou sinal\/sintoma respirat\u00f3rio<\/strong>. Nestes casos, orienta-se o paciente a procurar as Unidades B\u00e1sicas de Sa\u00fade do Munic\u00edpio (segunda a sexta, de 7h \u00e0s&nbsp;16h). \u00c0 noite e aos finais de semana, pacientes com os sintomas relatados acima devem procurar o Pronto Atendimento Municipal do Hospital S\u00e3o Vicente de Paulo, que possui local adequado para atendimento e recebeu refor\u00e7o de m\u00e9dico e equipe t\u00e9cnica de retaguarda.&nbsp;<\/p>\n<p style=\"font-weight: 400;\"><strong>Diversos servi\u00e7os da Prefeitura tiveram seu atendimento ao p\u00fablico suspenso. No site&nbsp;<a href=\"http:\/\/uba.mg.gov.br\/\" data-saferedirecturl=\"https:\/\/www.google.com\/url?q=http:\/\/uba.mg.gov.br\/&amp;source=gmail&amp;ust=1586185119200000&amp;usg=AFQjCNF-3csRYSP-Exa__sDWL77iSDXx0g\" target=\"_blank\" rel=\"noopener\">uba.mg.gov.br<\/a>, a imprensa e os cidad\u00e3os podem&nbsp;acessar um link com perguntas e respostas sobre o COVID-19 em Ub\u00e1, al\u00e9m do funcionamento dos \u00f3rg\u00e3os p\u00fablicos e a rela\u00e7\u00e3o de todos os decretos e comunicados publicados at\u00e9 o momento.&nbsp;<\/strong><\/p>\n<p style=\"font-weight: 400;\"><em>Novas atualiza\u00e7\u00f5es ser\u00e3o repassadas amanh\u00e3&nbsp;(06\/04)&nbsp;\u00e0s 11h30, ou a qualquer momento em caso de atualiza\u00e7\u00f5es importantes.&nbsp;Reiteramos que o canal para informa\u00e7\u00f5es \u00e0 imprensa ser\u00e1 \u00fanica e exclusivamente atrav\u00e9s da Assessoria de Comunica\u00e7\u00e3o da Prefeitura, e contamos com a compreens\u00e3o de todos.<\/em>&nbsp;<\/p>\n<p><strong>ASSESSORIA DE COMUNICA\u00c7\u00c3O PREFEITURA MUNICIPAL DE UB\u00c1<\/strong><\/p>\n<p><a href=\"https:\/\/ubanews.com\/site\/wp-content\/uploads\/2020\/04\/covid-05.04.jpeg\"><img loading=\"lazy\" decoding=\"async\" class=\"aligncenter size-full wp-image-15958\" src=\"https:\/\/ubanews.com\/site\/wp-content\/uploads\/2020\/04\/covid-05.04.jpeg\" alt=\"\" width=\"1191\" height=\"1280\" srcset=\"https:\/\/ubanews.com\/site\/wp-content\/uploads\/2020\/04\/covid-05.04.jpeg 1191w, https:\/\/ubanews.com\/site\/wp-content\/uploads\/2020\/04\/covid-05.04-279x300.jpeg 279w, https:\/\/ubanews.com\/site\/wp-content\/uploads\/2020\/04\/covid-05.04-768x825.jpeg 768w, https:\/\/ubanews.com\/site\/wp-content\/uploads\/2020\/04\/covid-05.04-953x1024.jpeg 953w\" sizes=\"auto, (max-width: 1191px) 100vw, 1191px\" \/><\/a><\/p>\n","protected":false},"excerpt":{"rendered":"<p>Comunicado oficial 22 \/ COVID-19 Em raz\u00e3o da Pandemia de<\/p>\n","protected":false},"author":2,"featured_media":15959,"comment_status":"open","ping_status":"open","sticky":false,"template":"","format":"standard","meta":{"footnotes":""},"categories":[15],"tags":[],"class_list":["post-15957","post","type-post","status-publish","format-standard","has-post-thumbnail","hentry","category-prefeitura-municipal"],"_links":{"self":[{"href":"https:\/\/ubanews.com\/site\/wp-json\/wp\/v2\/posts\/15957","targetHints":{"allow":["GET"]}}],"collection":[{"href":"https:\/\/ubanews.com\/site\/wp-json\/wp\/v2\/posts"}],"about":[{"href":"https:\/\/ubanews.com\/site\/wp-json\/wp\/v2\/types\/post"}],"author":[{"embeddable":true,"href":"https:\/\/ubanews.com\/site\/wp-json\/wp\/v2\/users\/2"}],"replies":[{"embeddable":true,"href":"https:\/\/ubanews.com\/site\/wp-json\/wp\/v2\/comments?post=15957"}],"version-history":[{"count":0,"href":"https:\/\/ubanews.com\/site\/wp-json\/wp\/v2\/posts\/15957\/revisions"}],"wp:featuredmedia":[{"embeddable":true,"href":"https:\/\/ubanews.com\/site\/wp-json\/wp\/v2\/media\/15959"}],"wp:attachment":[{"href":"https:\/\/ubanews.com\/site\/wp-json\/wp\/v2\/media?parent=15957"}],"wp:term":[{"taxonomy":"category","embeddable":true,"href":"https:\/\/ubanews.com\/site\/wp-json\/wp\/v2\/categories?post=15957"},{"taxonomy":"post_tag","embeddable":true,"href":"https:\/\/ubanews.com\/site\/wp-json\/wp\/v2\/tags?post=15957"}],"curies":[{"name":"wp","href":"https:\/\/api.w.org\/{rel}","templated":true}]}}