{"id":15356,"date":"2020-03-02T11:08:56","date_gmt":"2020-03-02T14:08:56","guid":{"rendered":"http:\/\/ubanews.com\/site\/?p=15356"},"modified":"2020-03-02T11:08:56","modified_gmt":"2020-03-02T14:08:56","slug":"homem-de-30-anos-foi-preso-e-conduzido-para-delegacia-de-uba-juntamente-com-substancias-ilicitas","status":"publish","type":"post","link":"https:\/\/ubanews.com\/site\/2020\/03\/02\/homem-de-30-anos-foi-preso-e-conduzido-para-delegacia-de-uba-juntamente-com-substancias-ilicitas\/","title":{"rendered":"HOMEM DE 30 ANOS FOI PRESO E CONDUZIDO PARA DELEGACIA DE UB\u00c1 JUNTAMENTE COM SUBST\u00c2NCIAS IL\u00cdCITAS"},"content":{"rendered":"<p>Policiais Militares durante patrulhamento na Rua Geraldo Campos, S\u00e3o Domingos, por volta das 16h e 21min do dia 28 de fevereiro, visualizaram um indiv\u00edduo que ao avistar a viatura, demonstrou certa inquieta\u00e7\u00e3o e nervosismo.<\/p>\n<p>Ap\u00f3s abordagem e busca pessoal, a equipe localizou no bolso do abordado uma pedra grande de uma subst\u00e2ncia an\u00e1loga ao crack e uma pequena bucha de uma subst\u00e2ncia an\u00e1loga \u00e0 maconha.<img loading=\"lazy\" decoding=\"async\" class=\"aligncenter size-full wp-image-15016\" src=\"https:\/\/ubanews.com\/site\/wp-content\/uploads\/2020\/02\/Hidroel\u00e9trica.jpg\" alt=\"\" width=\"3333\" height=\"417\" srcset=\"https:\/\/ubanews.com\/site\/wp-content\/uploads\/2020\/02\/Hidroel\u00e9trica.jpg 3333w, https:\/\/ubanews.com\/site\/wp-content\/uploads\/2020\/02\/Hidroel\u00e9trica-300x38.jpg 300w, https:\/\/ubanews.com\/site\/wp-content\/uploads\/2020\/02\/Hidroel\u00e9trica-768x96.jpg 768w, https:\/\/ubanews.com\/site\/wp-content\/uploads\/2020\/02\/Hidroel\u00e9trica-1024x128.jpg 1024w\" sizes=\"auto, (max-width: 3333px) 100vw, 3333px\" \/><\/p>\n<p>O autor, um homem de 30 anos foi preso e conduzido para a Delegacia de Pol\u00edcia, juntamente com os materiais que seguiram apreendidos.<\/p>\n<p><span style=\"font-family: 'Arial','sans-serif';\"><span style=\"font-size: large;\"><b>ASSESSORIA DE COMUNICA\u00c7\u00c3O ORGANIZACIONAL<\/b><\/span><i><b><br \/>\n<\/b><\/i><\/span><\/p>\n<p><span style=\"font-family: 'Arial','sans-serif';\"><i>Vig\u00e9simo Primeiro Batalh\u00e3o de Pol\u00edcia Militar<\/i><\/span><\/p>\n<p><a href=\"https:\/\/www.youtube.com\/channel\/UCm0EcguUF8_FXRnrYtA_1qg?view_as=subscriber\" target=\"_blank\" rel=\"noopener\"><img loading=\"lazy\" decoding=\"async\" class=\"alignnone wp-image-8297 size-full\" src=\"https:\/\/ubanews.com\/site\/wp-content\/uploads\/2018\/10\/inscreva-se-no-You-Tube.jpg\" alt=\"\" width=\"800\" height=\"100\" srcset=\"https:\/\/ubanews.com\/site\/wp-content\/uploads\/2018\/10\/inscreva-se-no-You-Tube.jpg 800w, https:\/\/ubanews.com\/site\/wp-content\/uploads\/2018\/10\/inscreva-se-no-You-Tube-300x38.jpg 300w, https:\/\/ubanews.com\/site\/wp-content\/uploads\/2018\/10\/inscreva-se-no-You-Tube-768x96.jpg 768w\" sizes=\"auto, (max-width: 800px) 100vw, 800px\" \/><\/a><\/p>\n<p><strong><span style=\"color: #ff0000;\"><a style=\"color: #ff0000;\" href=\"https:\/\/www.instagram.com\/portalubanews\/?hl=pt-br\" target=\"_blank\" rel=\"noopener\">Clique aqui<\/a><\/span><\/strong> para seguir-nos no Instagram e ser notificado sempre quando tiver uma nova not\u00edcia.<\/p>\n","protected":false},"excerpt":{"rendered":"<p>Policiais Militares durante patrulhamento na Rua Geraldo Campos, S\u00e3o Domingos,<\/p>\n","protected":false},"author":2,"featured_media":11190,"comment_status":"open","ping_status":"open","sticky":false,"template":"","format":"standard","meta":{"footnotes":""},"categories":[13],"tags":[],"class_list":["post-15356","post","type-post","status-publish","format-standard","has-post-thumbnail","hentry","category-sintese-das-ocorrencias"],"_links":{"self":[{"href":"https:\/\/ubanews.com\/site\/wp-json\/wp\/v2\/posts\/15356","targetHints":{"allow":["GET"]}}],"collection":[{"href":"https:\/\/ubanews.com\/site\/wp-json\/wp\/v2\/posts"}],"about":[{"href":"https:\/\/ubanews.com\/site\/wp-json\/wp\/v2\/types\/post"}],"author":[{"embeddable":true,"href":"https:\/\/ubanews.com\/site\/wp-json\/wp\/v2\/users\/2"}],"replies":[{"embeddable":true,"href":"https:\/\/ubanews.com\/site\/wp-json\/wp\/v2\/comments?post=15356"}],"version-history":[{"count":0,"href":"https:\/\/ubanews.com\/site\/wp-json\/wp\/v2\/posts\/15356\/revisions"}],"wp:featuredmedia":[{"embeddable":true,"href":"https:\/\/ubanews.com\/site\/wp-json\/wp\/v2\/media\/11190"}],"wp:attachment":[{"href":"https:\/\/ubanews.com\/site\/wp-json\/wp\/v2\/media?parent=15356"}],"wp:term":[{"taxonomy":"category","embeddable":true,"href":"https:\/\/ubanews.com\/site\/wp-json\/wp\/v2\/categories?post=15356"},{"taxonomy":"post_tag","embeddable":true,"href":"https:\/\/ubanews.com\/site\/wp-json\/wp\/v2\/tags?post=15356"}],"curies":[{"name":"wp","href":"https:\/\/api.w.org\/{rel}","templated":true}]}}