{"id":15224,"date":"2020-02-22T20:56:37","date_gmt":"2020-02-22T23:56:37","guid":{"rendered":"http:\/\/ubanews.com\/site\/?p=15224"},"modified":"2020-02-24T15:14:18","modified_gmt":"2020-02-24T18:14:18","slug":"nem-a-chuva-atrapalhou-a-alegria-do-bloco-das-piranhas","status":"publish","type":"post","link":"https:\/\/ubanews.com\/site\/2020\/02\/22\/nem-a-chuva-atrapalhou-a-alegria-do-bloco-das-piranhas\/","title":{"rendered":"NEM A CHUVA ATRAPALHOU A ALEGRIA DO BLOCO DAS PIRANHAS"},"content":{"rendered":"<p>O Bloco Carnavalesco Caricato fundado em fevereiro de 1972 (Bloco das Piranhas), todos os anos faz abertura oficial no s\u00e1bado de carnaval. A festa \u00e9 aberta ao p\u00fablico no munic\u00edpio de Ub\u00e1\/MG e para os convidados, que seguem pela rua principal da Comunidade do Bairro S\u00e3o Domingos, desfilando nesta \u00fanica data. Este ano foi acompanhada pela banda Ziriguidum (Ub\u00e1) e num segundo ambiente observamos a Banda de Sopro 22 de Maio, criada pelo imortal Valoz David, com m\u00fasicas para matar a saudade, com marchinhas dos carnavais de todos os tempos.<\/p>\n<p><img loading=\"lazy\" decoding=\"async\" class=\"aligncenter size-full wp-image-15016\" src=\"https:\/\/ubanews.com\/site\/wp-content\/uploads\/2020\/02\/Hidroel\u00e9trica.jpg\" alt=\"\" width=\"3333\" height=\"417\" srcset=\"https:\/\/ubanews.com\/site\/wp-content\/uploads\/2020\/02\/Hidroel\u00e9trica.jpg 3333w, https:\/\/ubanews.com\/site\/wp-content\/uploads\/2020\/02\/Hidroel\u00e9trica-300x38.jpg 300w, https:\/\/ubanews.com\/site\/wp-content\/uploads\/2020\/02\/Hidroel\u00e9trica-768x96.jpg 768w, https:\/\/ubanews.com\/site\/wp-content\/uploads\/2020\/02\/Hidroel\u00e9trica-1024x128.jpg 1024w\" sizes=\"auto, (max-width: 3333px) 100vw, 3333px\" \/><\/p>\n<p>Apesar da chuva que caiu um pouco antes do in\u00edcio, a turma veio e participou. O Bloco das Piranhas trabalha para manter as tradi\u00e7\u00f5es do nosso carnaval, ajudando no resgate do mesmo!<\/p>\n<p>Cobertura do Portal Ub\u00e1 News!!!<\/p>\n<p style=\"text-align: center;\"><iframe loading=\"lazy\" src=\"https:\/\/www.youtube.com\/embed\/jYkluPgUlds\" width=\"560\" height=\"315\" frameborder=\"0\" allowfullscreen=\"allowfullscreen\"><\/iframe>&nbsp;<\/p>\n<p><a href=\"https:\/\/www.youtube.com\/channel\/UCm0EcguUF8_FXRnrYtA_1qg?view_as=subscriber\" target=\"_blank\" rel=\"noopener\"><img loading=\"lazy\" decoding=\"async\" class=\"alignnone wp-image-8297 size-full\" src=\"https:\/\/ubanews.com\/site\/wp-content\/uploads\/2018\/10\/inscreva-se-no-You-Tube.jpg\" alt=\"\" width=\"800\" height=\"100\" srcset=\"https:\/\/ubanews.com\/site\/wp-content\/uploads\/2018\/10\/inscreva-se-no-You-Tube.jpg 800w, https:\/\/ubanews.com\/site\/wp-content\/uploads\/2018\/10\/inscreva-se-no-You-Tube-300x38.jpg 300w, https:\/\/ubanews.com\/site\/wp-content\/uploads\/2018\/10\/inscreva-se-no-You-Tube-768x96.jpg 768w\" sizes=\"auto, (max-width: 800px) 100vw, 800px\" \/><\/a><\/p>\n<p><strong><span style=\"color: #ff0000;\"><a style=\"color: #ff0000;\" href=\"https:\/\/www.instagram.com\/portalubanews\/?hl=pt-br\" target=\"_blank\" rel=\"noopener\">Clique aqui<\/a><\/span><\/strong> para seguir-nos no Instagram e ser notificado sempre quando tiver uma nova not\u00edcia.<\/p>\n","protected":false},"excerpt":{"rendered":"<p>O Bloco Carnavalesco Caricato fundado em fevereiro de 1972 (Bloco<\/p>\n","protected":false},"author":2,"featured_media":15222,"comment_status":"open","ping_status":"open","sticky":false,"template":"","format":"standard","meta":{"footnotes":""},"categories":[1],"tags":[],"class_list":["post-15224","post","type-post","status-publish","format-standard","has-post-thumbnail","hentry","category-sem-categoria"],"_links":{"self":[{"href":"https:\/\/ubanews.com\/site\/wp-json\/wp\/v2\/posts\/15224","targetHints":{"allow":["GET"]}}],"collection":[{"href":"https:\/\/ubanews.com\/site\/wp-json\/wp\/v2\/posts"}],"about":[{"href":"https:\/\/ubanews.com\/site\/wp-json\/wp\/v2\/types\/post"}],"author":[{"embeddable":true,"href":"https:\/\/ubanews.com\/site\/wp-json\/wp\/v2\/users\/2"}],"replies":[{"embeddable":true,"href":"https:\/\/ubanews.com\/site\/wp-json\/wp\/v2\/comments?post=15224"}],"version-history":[{"count":0,"href":"https:\/\/ubanews.com\/site\/wp-json\/wp\/v2\/posts\/15224\/revisions"}],"wp:featuredmedia":[{"embeddable":true,"href":"https:\/\/ubanews.com\/site\/wp-json\/wp\/v2\/media\/15222"}],"wp:attachment":[{"href":"https:\/\/ubanews.com\/site\/wp-json\/wp\/v2\/media?parent=15224"}],"wp:term":[{"taxonomy":"category","embeddable":true,"href":"https:\/\/ubanews.com\/site\/wp-json\/wp\/v2\/categories?post=15224"},{"taxonomy":"post_tag","embeddable":true,"href":"https:\/\/ubanews.com\/site\/wp-json\/wp\/v2\/tags?post=15224"}],"curies":[{"name":"wp","href":"https:\/\/api.w.org\/{rel}","templated":true}]}}