{"id":15221,"date":"2020-02-22T22:00:48","date_gmt":"2020-02-23T01:00:48","guid":{"rendered":"http:\/\/ubanews.com\/site\/?p=15221"},"modified":"2020-02-22T20:53:32","modified_gmt":"2020-02-22T23:53:32","slug":"comecou-a-trigesima-segunda-edicao-do-rebanhao-de-carnaval","status":"publish","type":"post","link":"https:\/\/ubanews.com\/site\/2020\/02\/22\/comecou-a-trigesima-segunda-edicao-do-rebanhao-de-carnaval\/","title":{"rendered":"Come\u00e7ou a trig\u00e9sima segunda edi\u00e7\u00e3o do Rebanh\u00e3o de Carnaval"},"content":{"rendered":"<p>A Renova\u00e7\u00e3o Carism\u00e1tica Cat\u00f3lica de Ub\u00e1 promove de 22 a 25 de fevereiro a Trig\u00e9sima Segunda Edi\u00e7\u00e3o do Rebanh\u00e3o de Carnaval 2020 (Carnaval de Jesus). Pelo segundo consecutivo o evento est\u00e1 sendo realizado na Comunidade Sant\u00edssima Trindade, Rua Milton Bas\u00edlio, 120, Bairro Bom Pastor, Ub\u00e1\/MG.<\/p>\n<p><img loading=\"lazy\" decoding=\"async\" class=\"aligncenter size-full wp-image-15016\" src=\"https:\/\/ubanews.com\/site\/wp-content\/uploads\/2020\/02\/Hidroel\u00e9trica.jpg\" alt=\"\" width=\"3333\" height=\"417\" srcset=\"https:\/\/ubanews.com\/site\/wp-content\/uploads\/2020\/02\/Hidroel\u00e9trica.jpg 3333w, https:\/\/ubanews.com\/site\/wp-content\/uploads\/2020\/02\/Hidroel\u00e9trica-300x38.jpg 300w, https:\/\/ubanews.com\/site\/wp-content\/uploads\/2020\/02\/Hidroel\u00e9trica-768x96.jpg 768w, https:\/\/ubanews.com\/site\/wp-content\/uploads\/2020\/02\/Hidroel\u00e9trica-1024x128.jpg 1024w\" sizes=\"auto, (max-width: 3333px) 100vw, 3333px\" \/><\/p>\n<p>22\/02<\/p>\n<p>\u00c0s 19h Missa celebrada pelo Padre Ant\u00f4nio Firmino; logo ap\u00f3s Cristoteca;<\/p>\n<p>23\/24\/25 Missa todas as noites \u00e0s 18h. Presen\u00e7as dos Salvistas \u2013 Fraternidade jesus Salvador;<\/p>\n<p>Rebanhinho \u2013 crian\u00e7as a partir de 4 anos;<\/p>\n<p>Missa, anima\u00e7\u00e3o, prega\u00e7\u00e3o, show e adora\u00e7\u00e3o;<\/p>\n<p>Pra\u00e7a de Alimenta\u00e7\u00e3o.<\/p>\n<p>Uma realiza\u00e7\u00e3o Renova\u00e7\u00e3o Carism\u00e1tica Cat\u00f3lica de Ub\u00e1\/MG.<\/p>\n<p style=\"text-align: center;\"><iframe loading=\"lazy\" src=\"https:\/\/www.youtube.com\/embed\/fwvzwJJa8G8\" width=\"560\" height=\"315\" frameborder=\"0\" allowfullscreen=\"allowfullscreen\"><\/iframe>&nbsp;<\/p>\n<p><a href=\"https:\/\/www.youtube.com\/channel\/UCm0EcguUF8_FXRnrYtA_1qg?view_as=subscriber\" target=\"_blank\" rel=\"noopener\"><img loading=\"lazy\" decoding=\"async\" class=\"alignnone wp-image-8297 size-full\" src=\"https:\/\/ubanews.com\/site\/wp-content\/uploads\/2018\/10\/inscreva-se-no-You-Tube.jpg\" alt=\"\" width=\"800\" height=\"100\" srcset=\"https:\/\/ubanews.com\/site\/wp-content\/uploads\/2018\/10\/inscreva-se-no-You-Tube.jpg 800w, https:\/\/ubanews.com\/site\/wp-content\/uploads\/2018\/10\/inscreva-se-no-You-Tube-300x38.jpg 300w, https:\/\/ubanews.com\/site\/wp-content\/uploads\/2018\/10\/inscreva-se-no-You-Tube-768x96.jpg 768w\" sizes=\"auto, (max-width: 800px) 100vw, 800px\" \/><\/a><\/p>\n<p><strong><span style=\"color: #ff0000;\"><a style=\"color: #ff0000;\" href=\"https:\/\/www.instagram.com\/portalubanews\/?hl=pt-br\" target=\"_blank\" rel=\"noopener\">Clique aqui<\/a><\/span><\/strong> para seguir-nos no Instagram e ser notificado sempre quando tiver uma nova not\u00edcia.<\/p>\n","protected":false},"excerpt":{"rendered":"<p>A Renova\u00e7\u00e3o Carism\u00e1tica Cat\u00f3lica de Ub\u00e1 promove de 22 a<\/p>\n","protected":false},"author":2,"featured_media":15223,"comment_status":"open","ping_status":"open","sticky":false,"template":"","format":"standard","meta":{"footnotes":""},"categories":[1],"tags":[],"class_list":["post-15221","post","type-post","status-publish","format-standard","has-post-thumbnail","hentry","category-sem-categoria"],"_links":{"self":[{"href":"https:\/\/ubanews.com\/site\/wp-json\/wp\/v2\/posts\/15221","targetHints":{"allow":["GET"]}}],"collection":[{"href":"https:\/\/ubanews.com\/site\/wp-json\/wp\/v2\/posts"}],"about":[{"href":"https:\/\/ubanews.com\/site\/wp-json\/wp\/v2\/types\/post"}],"author":[{"embeddable":true,"href":"https:\/\/ubanews.com\/site\/wp-json\/wp\/v2\/users\/2"}],"replies":[{"embeddable":true,"href":"https:\/\/ubanews.com\/site\/wp-json\/wp\/v2\/comments?post=15221"}],"version-history":[{"count":0,"href":"https:\/\/ubanews.com\/site\/wp-json\/wp\/v2\/posts\/15221\/revisions"}],"wp:featuredmedia":[{"embeddable":true,"href":"https:\/\/ubanews.com\/site\/wp-json\/wp\/v2\/media\/15223"}],"wp:attachment":[{"href":"https:\/\/ubanews.com\/site\/wp-json\/wp\/v2\/media?parent=15221"}],"wp:term":[{"taxonomy":"category","embeddable":true,"href":"https:\/\/ubanews.com\/site\/wp-json\/wp\/v2\/categories?post=15221"},{"taxonomy":"post_tag","embeddable":true,"href":"https:\/\/ubanews.com\/site\/wp-json\/wp\/v2\/tags?post=15221"}],"curies":[{"name":"wp","href":"https:\/\/api.w.org\/{rel}","templated":true}]}}