{"id":15207,"date":"2020-02-22T10:00:20","date_gmt":"2020-02-22T13:00:20","guid":{"rendered":"http:\/\/ubanews.com\/site\/?p=15207"},"modified":"2020-02-22T06:39:23","modified_gmt":"2020-02-22T09:39:23","slug":"bloco-alvorada-abre-o-segundo-dia-de-desfile-em-uba","status":"publish","type":"post","link":"https:\/\/ubanews.com\/site\/2020\/02\/22\/bloco-alvorada-abre-o-segundo-dia-de-desfile-em-uba\/","title":{"rendered":"BLOCO ALVORADA ABRE O SEGUNDO DIA DE DESFILE EM UB\u00c1"},"content":{"rendered":"<p>A palavra saudade \u00e9 uma das mais proferidas durante o desfile do Bloco Alvorada. Desde a partida do mestre Sebasti\u00e3o Valoz David, criador de mais esse patrim\u00f4nio Cultural de nossa cidade. Ele criou o Bloco Alvorada e tantas outras maravilhas espalhadas por cada canto dessa Cidade Carinho. Assim foi mais um desfile na madrugada de s\u00e1bado de carnaval na terra de Ary Barroso.&nbsp;<\/p>\n<p><img loading=\"lazy\" decoding=\"async\" class=\"aligncenter size-full wp-image-15016\" src=\"https:\/\/ubanews.com\/site\/wp-content\/uploads\/2020\/02\/Hidroel\u00e9trica.jpg\" alt=\"\" width=\"3333\" height=\"417\" srcset=\"https:\/\/ubanews.com\/site\/wp-content\/uploads\/2020\/02\/Hidroel\u00e9trica.jpg 3333w, https:\/\/ubanews.com\/site\/wp-content\/uploads\/2020\/02\/Hidroel\u00e9trica-300x38.jpg 300w, https:\/\/ubanews.com\/site\/wp-content\/uploads\/2020\/02\/Hidroel\u00e9trica-768x96.jpg 768w, https:\/\/ubanews.com\/site\/wp-content\/uploads\/2020\/02\/Hidroel\u00e9trica-1024x128.jpg 1024w\" sizes=\"auto, (max-width: 3333px) 100vw, 3333px\" \/><\/p>\n<p>O desfile do Bloco Alvorada esse ano terminou muito mais cedo em rela\u00e7\u00e3o aos anos anteriores. A raz\u00e3o foi um pedido da Divis\u00e3o de Tr\u00e2nsito e a Prefeitura Municipal fizeram para que alterasse o percurso, reduzindo assim o tempo. \u00c0s 5h o desfile havia terminado.<\/p>\n<p>J\u00e1 no encerramento, duas folionas cismaram de estragar a festa dos milhares que acompanharam o desfile desde a concentra\u00e7\u00e3o \u00e0s 2h da madrugada. Contudo, a PM e os seguran\u00e7as interviram e a situa\u00e7\u00e3o foi contornada, terminando tudo em bom termo!<\/p>\n<p>No desfile do Bloco Alvorada o <strong>Portal Ub\u00e1 News<\/strong> tamb\u00e9m esteve l\u00e1.<\/p>\n<p style=\"text-align: center;\"><iframe loading=\"lazy\" src=\"https:\/\/www.youtube.com\/embed\/DkYYbL_1goI\" width=\"560\" height=\"315\" frameborder=\"0\" allowfullscreen=\"allowfullscreen\"><\/iframe>&nbsp;<\/p>\n<p><a href=\"https:\/\/www.youtube.com\/channel\/UCm0EcguUF8_FXRnrYtA_1qg?view_as=subscriber\" target=\"_blank\" rel=\"noopener\"><img loading=\"lazy\" decoding=\"async\" class=\"alignnone wp-image-8297 size-full\" src=\"https:\/\/ubanews.com\/site\/wp-content\/uploads\/2018\/10\/inscreva-se-no-You-Tube.jpg\" alt=\"\" width=\"800\" height=\"100\" srcset=\"https:\/\/ubanews.com\/site\/wp-content\/uploads\/2018\/10\/inscreva-se-no-You-Tube.jpg 800w, https:\/\/ubanews.com\/site\/wp-content\/uploads\/2018\/10\/inscreva-se-no-You-Tube-300x38.jpg 300w, https:\/\/ubanews.com\/site\/wp-content\/uploads\/2018\/10\/inscreva-se-no-You-Tube-768x96.jpg 768w\" sizes=\"auto, (max-width: 800px) 100vw, 800px\" \/><\/a><\/p>\n<p><strong><span style=\"color: #ff0000;\"><a style=\"color: #ff0000;\" href=\"https:\/\/www.instagram.com\/portalubanews\/?hl=pt-br\" target=\"_blank\" rel=\"noopener\">Clique aqui<\/a><\/span><\/strong> para seguir-nos no Instagram e ser notificado sempre quando tiver uma nova not\u00edcia.<\/p>\n","protected":false},"excerpt":{"rendered":"<p>A palavra saudade \u00e9 uma das mais proferidas durante o<\/p>\n","protected":false},"author":2,"featured_media":15208,"comment_status":"open","ping_status":"open","sticky":false,"template":"","format":"standard","meta":{"footnotes":""},"categories":[1],"tags":[],"class_list":["post-15207","post","type-post","status-publish","format-standard","has-post-thumbnail","hentry","category-sem-categoria"],"_links":{"self":[{"href":"https:\/\/ubanews.com\/site\/wp-json\/wp\/v2\/posts\/15207","targetHints":{"allow":["GET"]}}],"collection":[{"href":"https:\/\/ubanews.com\/site\/wp-json\/wp\/v2\/posts"}],"about":[{"href":"https:\/\/ubanews.com\/site\/wp-json\/wp\/v2\/types\/post"}],"author":[{"embeddable":true,"href":"https:\/\/ubanews.com\/site\/wp-json\/wp\/v2\/users\/2"}],"replies":[{"embeddable":true,"href":"https:\/\/ubanews.com\/site\/wp-json\/wp\/v2\/comments?post=15207"}],"version-history":[{"count":0,"href":"https:\/\/ubanews.com\/site\/wp-json\/wp\/v2\/posts\/15207\/revisions"}],"wp:featuredmedia":[{"embeddable":true,"href":"https:\/\/ubanews.com\/site\/wp-json\/wp\/v2\/media\/15208"}],"wp:attachment":[{"href":"https:\/\/ubanews.com\/site\/wp-json\/wp\/v2\/media?parent=15207"}],"wp:term":[{"taxonomy":"category","embeddable":true,"href":"https:\/\/ubanews.com\/site\/wp-json\/wp\/v2\/categories?post=15207"},{"taxonomy":"post_tag","embeddable":true,"href":"https:\/\/ubanews.com\/site\/wp-json\/wp\/v2\/tags?post=15207"}],"curies":[{"name":"wp","href":"https:\/\/api.w.org\/{rel}","templated":true}]}}