{"id":1439,"date":"2018-03-28T14:16:37","date_gmt":"2018-03-28T17:16:37","guid":{"rendered":"http:\/\/ubanews.com\/site\/?p=1439"},"modified":"2018-04-03T10:20:32","modified_gmt":"2018-04-03T13:20:32","slug":"em-sua-primeira-semana-santa-em-guidoval-padre-almir-convoca-os-fieis","status":"publish","type":"post","link":"https:\/\/ubanews.com\/site\/2018\/03\/28\/em-sua-primeira-semana-santa-em-guidoval-padre-almir-convoca-os-fieis\/","title":{"rendered":"Em sua primeira Semana Santa em Guidoval Padre Almir convoca os fieis."},"content":{"rendered":"<p>&nbsp; &nbsp; &nbsp; &nbsp; &nbsp; Quem acompanha a vida Sacerdotal do Padre Almir Pereira Lopes, desde o dia 04 de dezembro de 2017 \u00e0 frente da Par\u00f3quia de Senhora Sant\u2019ana, em Guidoval, pelas Redes Sociais ou frequenta \u00e0s suas celebra\u00e7\u00f5es, sabe que a programa\u00e7\u00e3o da Semana Santa acontece a todo vapor, tendo a participa\u00e7\u00e3o intensa dos paroquianos. Confira os detalhes e a entrevista exclusiva ao nosso canal.<\/p>\n<p>QUARTA-FEIRA SANTA \u2013 Dia 28 de mar\u00e7o<br \/>\nEvangelho do dia: Mateus 26,14-25<br \/>\n19h \u2013 CAMINHADA PENITENCIAL&#8230; Missa na Matriz com celebra\u00e7\u00e3o penitencial<\/p>\n<p>QUINTA-FEIRA SANTA \u2013 Dia 29 de mar\u00e7o<br \/>\nEvangelho do dia: Jo\u00e3o 13,1-15<br \/>\n9h \u2013 MISSA DA UNIDADE, na Catedral de S\u00e3o Sebasti\u00e3o em Leopoldina. Renova\u00e7\u00e3o das promessas sacerdotais e Ben\u00e7\u00e3o dos Santos \u00d3leos (Batismo, Crisma e Un\u00e7\u00e3o dos Enfermos). Um casal representar\u00e1 a Par\u00f3quia nesta celebra\u00e7\u00e3o e ir\u00e1 trazer os Santos \u00d3leos.&nbsp;<br \/>\n19h \u2013 Missa na matriz \u2013 Jesus institui o sacerd\u00f3cio, a Eucaristia e lava os p\u00e9s dos ap\u00f3stolos.&nbsp;<br \/>\nAO FINAL DA MISSA: Translada\u00e7\u00e3o do Sant\u00edssimo Sacramento, desnudamento do altar e adora\u00e7\u00e3o ao Sant\u00edssimo at\u00e9 \u00e0s 24h.<br \/>\nCoordena\u00e7\u00e3o \u2013 Ministros da Eucaristia e Coral Santa Cec\u00edlia<\/p>\n<p>SEXTA-FEIRA SANTA \u2013 Dia 30 de mar\u00e7o<br \/>\n(Dia de jejum, recolhimento e abstin\u00eancia de carne)<br \/>\nEvangelho do dia: Jo\u00e3o 18, 1-19, 42<br \/>\n15h \u2013 Na Matriz, CELEBRA\u00c7\u00c3O DA PAIX\u00c3O DO SENHOR: Liturgia da Palavra, Adora\u00e7\u00e3o do Cristo na cruz e Comunh\u00e3o Eucar\u00edstica. (15h \u00e9 o momento da morte de Cristo).&nbsp;<br \/>\nCoordena\u00e7\u00e3o \u2013 RCC, Pastoral da Crian\u00e7a e Coral S\u00e3o Vicente<br \/>\n18h \u2013 VIA SACRA NA RUA: Percorreremos algumas ruas, refletindo a Via Sacra e apresenta\u00e7\u00e3o dos quadros vivos e PROCISS\u00c3O DO ENTERRO.<br \/>\n(Tragam velas para a via sacra e prociss\u00e3o do enterro)<\/p>\n<p>S\u00c1BADO SANTO \u2013 Dia 31 de mar\u00e7o \u2013 MISSA DA VIG\u00cdLIA PASCAL<br \/>\nEvangelho do dia: Mateus 28, 1-10<br \/>\n20h \u2013 Ben\u00e7\u00e3o do fogo e prepara\u00e7\u00e3o do C\u00edrio Pascal em frente \u00e0 Igreja Matriz Sant\u2019Ana, seguindo em prociss\u00e3o para a Matriz. Liturgia da Palavra, Liturgia Batismal e Renova\u00e7\u00e3o das promessas do Batismo.&nbsp;<br \/>\nCoordena\u00e7\u00e3o \u2013 Leitores, Coroinhas, Ministros da Eucaristia, Pastoral do Batismo e corais.<br \/>\n(Tragam velas com prote\u00e7\u00e3o para n\u00e3o sujar a igreja)<\/p>\n<p>DOMINGO DE P\u00c1SCOA \u2013 Dia 1\u00ba de abril<br \/>\nEvangelho do dia: Jo\u00e3o 20,1-9&nbsp;<br \/>\n7h 30min \u2013 Missa na Capela Santo Ant\u00f4nio<br \/>\n9h \u2013 Missa na Matriz<br \/>\n18h 30min \u2013 PROCISS\u00c3O DO TRIUNFO &#8211; Caminhamos com o Sant\u00edssimo Sacramento e a imagem de Nossa Senhora saindo e Missa na Matriz.<\/p>\n<p>&nbsp;<iframe data-src=\"https:\/\/www.youtube.com\/embed\/oOiPTfTEvCY\" width=\"560\" height=\"315\" frameborder=\"0\" allowfullscreen=\"allowfullscreen\" src=\"data:image\/svg+xml;base64,PHN2ZyB3aWR0aD0iMSIgaGVpZ2h0PSIxIiB4bWxucz0iaHR0cDovL3d3dy53My5vcmcvMjAwMC9zdmciPjwvc3ZnPg==\" class=\"lazyload\" data-load-mode=\"1\"><\/iframe><\/p>\n","protected":false},"excerpt":{"rendered":"<p>&nbsp; &nbsp; &nbsp; &nbsp; &nbsp; Quem acompanha a vida Sacerdotal<\/p>\n","protected":false},"author":2,"featured_media":1440,"comment_status":"open","ping_status":"open","sticky":false,"template":"","format":"standard","meta":{"footnotes":""},"categories":[1],"tags":[],"class_list":["post-1439","post","type-post","status-publish","format-standard","has-post-thumbnail","hentry","category-sem-categoria"],"yoast_head":"<!-- This site is optimized with the Yoast SEO plugin v27.2 - https:\/\/yoast.com\/product\/yoast-seo-wordpress\/ -->\n<title>Em sua primeira Semana Santa em Guidoval Padre Almir convoca os fieis. - Ub\u00e1 News<\/title>\n<meta name=\"robots\" content=\"index, follow, max-snippet:-1, max-image-preview:large, max-video-preview:-1\" \/>\n<link rel=\"canonical\" href=\"https:\/\/ubanews.com\/site\/2018\/03\/28\/em-sua-primeira-semana-santa-em-guidoval-padre-almir-convoca-os-fieis\/\" \/>\n<meta property=\"og:locale\" content=\"pt_BR\" \/>\n<meta property=\"og:type\" content=\"article\" \/>\n<meta property=\"og:title\" content=\"Em sua primeira Semana Santa em Guidoval Padre Almir convoca os fieis. - Ub\u00e1 News\" \/>\n<meta property=\"og:description\" content=\"&nbsp; &nbsp; &nbsp; &nbsp; &nbsp; Quem acompanha a vida Sacerdotal\" \/>\n<meta property=\"og:url\" content=\"https:\/\/ubanews.com\/site\/2018\/03\/28\/em-sua-primeira-semana-santa-em-guidoval-padre-almir-convoca-os-fieis\/\" \/>\n<meta property=\"og:site_name\" content=\"Ub\u00e1 News\" \/>\n<meta property=\"article:publisher\" content=\"https:\/\/www.facebook.com\/Ub%c3%a1News-Carlos-Roberto-Sodr%c3%a9-418778301977370\" \/>\n<meta property=\"article:author\" content=\"https:\/\/www.facebook.com\/carosroberto.sodre.5\/\" \/>\n<meta property=\"article:published_time\" content=\"2018-03-28T17:16:37+00:00\" \/>\n<meta property=\"article:modified_time\" content=\"2018-04-03T13:20:32+00:00\" \/>\n<meta property=\"og:image\" content=\"https:\/\/ubanews.com\/site\/wp-content\/uploads\/2018\/03\/Sem-T\u00edtulo-1.jpg\" \/>\n\t<meta property=\"og:image:width\" content=\"1134\" \/>\n\t<meta property=\"og:image:height\" content=\"709\" \/>\n\t<meta property=\"og:image:type\" content=\"image\/jpeg\" \/>\n<meta name=\"author\" content=\"Sodr\u00e9\" \/>\n<meta name=\"twitter:card\" content=\"summary_large_image\" \/>\n<meta name=\"twitter:label1\" content=\"Escrito por\" \/>\n\t<meta name=\"twitter:data1\" content=\"Sodr\u00e9\" \/>\n\t<meta name=\"twitter:label2\" content=\"Est. tempo de leitura\" \/>\n\t<meta name=\"twitter:data2\" content=\"2 minutos\" \/>\n<script type=\"application\/ld+json\" class=\"yoast-schema-graph\">{\"@context\":\"https:\/\/schema.org\",\"@graph\":[{\"@type\":\"Article\",\"@id\":\"https:\/\/ubanews.com\/site\/2018\/03\/28\/em-sua-primeira-semana-santa-em-guidoval-padre-almir-convoca-os-fieis\/#article\",\"isPartOf\":{\"@id\":\"https:\/\/ubanews.com\/site\/2018\/03\/28\/em-sua-primeira-semana-santa-em-guidoval-padre-almir-convoca-os-fieis\/\"},\"author\":{\"name\":\"Sodr\u00e9\",\"@id\":\"https:\/\/ubanews.com\/site\/#\/schema\/person\/d90c9e47252fbb63dcc969fe4c8b9d10\"},\"headline\":\"Em sua primeira Semana Santa em Guidoval Padre Almir convoca os fieis.\",\"datePublished\":\"2018-03-28T17:16:37+00:00\",\"dateModified\":\"2018-04-03T13:20:32+00:00\",\"mainEntityOfPage\":{\"@id\":\"https:\/\/ubanews.com\/site\/2018\/03\/28\/em-sua-primeira-semana-santa-em-guidoval-padre-almir-convoca-os-fieis\/\"},\"wordCount\":441,\"commentCount\":0,\"publisher\":{\"@id\":\"https:\/\/ubanews.com\/site\/#organization\"},\"image\":{\"@id\":\"https:\/\/ubanews.com\/site\/2018\/03\/28\/em-sua-primeira-semana-santa-em-guidoval-padre-almir-convoca-os-fieis\/#primaryimage\"},\"thumbnailUrl\":\"https:\/\/ubanews.com\/site\/wp-content\/uploads\/2018\/03\/Sem-T\u00edtulo-1.jpg\",\"articleSection\":[\"Geral\"],\"inLanguage\":\"pt-BR\",\"potentialAction\":[{\"@type\":\"CommentAction\",\"name\":\"Comment\",\"target\":[\"https:\/\/ubanews.com\/site\/2018\/03\/28\/em-sua-primeira-semana-santa-em-guidoval-padre-almir-convoca-os-fieis\/#respond\"]}]},{\"@type\":\"WebPage\",\"@id\":\"https:\/\/ubanews.com\/site\/2018\/03\/28\/em-sua-primeira-semana-santa-em-guidoval-padre-almir-convoca-os-fieis\/\",\"url\":\"https:\/\/ubanews.com\/site\/2018\/03\/28\/em-sua-primeira-semana-santa-em-guidoval-padre-almir-convoca-os-fieis\/\",\"name\":\"Em sua primeira Semana Santa em Guidoval Padre Almir convoca os fieis. - Ub\u00e1 News\",\"isPartOf\":{\"@id\":\"https:\/\/ubanews.com\/site\/#website\"},\"primaryImageOfPage\":{\"@id\":\"https:\/\/ubanews.com\/site\/2018\/03\/28\/em-sua-primeira-semana-santa-em-guidoval-padre-almir-convoca-os-fieis\/#primaryimage\"},\"image\":{\"@id\":\"https:\/\/ubanews.com\/site\/2018\/03\/28\/em-sua-primeira-semana-santa-em-guidoval-padre-almir-convoca-os-fieis\/#primaryimage\"},\"thumbnailUrl\":\"https:\/\/ubanews.com\/site\/wp-content\/uploads\/2018\/03\/Sem-T\u00edtulo-1.jpg\",\"datePublished\":\"2018-03-28T17:16:37+00:00\",\"dateModified\":\"2018-04-03T13:20:32+00:00\",\"breadcrumb\":{\"@id\":\"https:\/\/ubanews.com\/site\/2018\/03\/28\/em-sua-primeira-semana-santa-em-guidoval-padre-almir-convoca-os-fieis\/#breadcrumb\"},\"inLanguage\":\"pt-BR\",\"potentialAction\":[{\"@type\":\"ReadAction\",\"target\":[\"https:\/\/ubanews.com\/site\/2018\/03\/28\/em-sua-primeira-semana-santa-em-guidoval-padre-almir-convoca-os-fieis\/\"]}]},{\"@type\":\"ImageObject\",\"inLanguage\":\"pt-BR\",\"@id\":\"https:\/\/ubanews.com\/site\/2018\/03\/28\/em-sua-primeira-semana-santa-em-guidoval-padre-almir-convoca-os-fieis\/#primaryimage\",\"url\":\"https:\/\/ubanews.com\/site\/wp-content\/uploads\/2018\/03\/Sem-T\u00edtulo-1.jpg\",\"contentUrl\":\"https:\/\/ubanews.com\/site\/wp-content\/uploads\/2018\/03\/Sem-T\u00edtulo-1.jpg\",\"width\":1134,\"height\":709},{\"@type\":\"BreadcrumbList\",\"@id\":\"https:\/\/ubanews.com\/site\/2018\/03\/28\/em-sua-primeira-semana-santa-em-guidoval-padre-almir-convoca-os-fieis\/#breadcrumb\",\"itemListElement\":[{\"@type\":\"ListItem\",\"position\":1,\"name\":\"Home\",\"item\":\"https:\/\/ubanews.com\/site\/\"},{\"@type\":\"ListItem\",\"position\":2,\"name\":\"Em sua primeira Semana Santa em Guidoval Padre Almir convoca os fieis.\"}]},{\"@type\":\"WebSite\",\"@id\":\"https:\/\/ubanews.com\/site\/#website\",\"url\":\"https:\/\/ubanews.com\/site\/\",\"name\":\"Ub\u00e1 News\",\"description\":\"\",\"publisher\":{\"@id\":\"https:\/\/ubanews.com\/site\/#organization\"},\"potentialAction\":[{\"@type\":\"SearchAction\",\"target\":{\"@type\":\"EntryPoint\",\"urlTemplate\":\"https:\/\/ubanews.com\/site\/?s={search_term_string}\"},\"query-input\":{\"@type\":\"PropertyValueSpecification\",\"valueRequired\":true,\"valueName\":\"search_term_string\"}}],\"inLanguage\":\"pt-BR\"},{\"@type\":\"Organization\",\"@id\":\"https:\/\/ubanews.com\/site\/#organization\",\"name\":\"Ub\u00e1 News\",\"url\":\"https:\/\/ubanews.com\/site\/\",\"logo\":{\"@type\":\"ImageObject\",\"inLanguage\":\"pt-BR\",\"@id\":\"https:\/\/ubanews.com\/site\/#\/schema\/logo\/image\/\",\"url\":\"https:\/\/ubanews.com\/site\/wp-content\/uploads\/2018\/01\/logoubanews.png\",\"contentUrl\":\"https:\/\/ubanews.com\/site\/wp-content\/uploads\/2018\/01\/logoubanews.png\",\"width\":261,\"height\":99,\"caption\":\"Ub\u00e1 News\"},\"image\":{\"@id\":\"https:\/\/ubanews.com\/site\/#\/schema\/logo\/image\/\"},\"sameAs\":[\"https:\/\/www.facebook.com\/Ub\u00e1News-Carlos-Roberto-Sodr\u00e9-418778301977370\"]},{\"@type\":\"Person\",\"@id\":\"https:\/\/ubanews.com\/site\/#\/schema\/person\/d90c9e47252fbb63dcc969fe4c8b9d10\",\"name\":\"Sodr\u00e9\",\"image\":{\"@type\":\"ImageObject\",\"inLanguage\":\"pt-BR\",\"@id\":\"https:\/\/secure.gravatar.com\/avatar\/5ba2793f0590b9dbfad3fdec4ee714485b3eef211c9b32ee53d414060454a56c?s=96&d=mm&r=g\",\"url\":\"https:\/\/secure.gravatar.com\/avatar\/5ba2793f0590b9dbfad3fdec4ee714485b3eef211c9b32ee53d414060454a56c?s=96&d=mm&r=g\",\"contentUrl\":\"https:\/\/secure.gravatar.com\/avatar\/5ba2793f0590b9dbfad3fdec4ee714485b3eef211c9b32ee53d414060454a56c?s=96&d=mm&r=g\",\"caption\":\"Sodr\u00e9\"},\"sameAs\":[\"https:\/\/www.facebook.com\/carosroberto.sodre.5\/\"],\"url\":\"https:\/\/ubanews.com\/site\/author\/felipe\/\"}]}<\/script>\n<!-- \/ Yoast SEO plugin. -->","yoast_head_json":{"title":"Em sua primeira Semana Santa em Guidoval Padre Almir convoca os fieis. - Ub\u00e1 News","robots":{"index":"index","follow":"follow","max-snippet":"max-snippet:-1","max-image-preview":"max-image-preview:large","max-video-preview":"max-video-preview:-1"},"canonical":"https:\/\/ubanews.com\/site\/2018\/03\/28\/em-sua-primeira-semana-santa-em-guidoval-padre-almir-convoca-os-fieis\/","og_locale":"pt_BR","og_type":"article","og_title":"Em sua primeira Semana Santa em Guidoval Padre Almir convoca os fieis. - Ub\u00e1 News","og_description":"&nbsp; &nbsp; &nbsp; &nbsp; &nbsp; Quem acompanha a vida Sacerdotal","og_url":"https:\/\/ubanews.com\/site\/2018\/03\/28\/em-sua-primeira-semana-santa-em-guidoval-padre-almir-convoca-os-fieis\/","og_site_name":"Ub\u00e1 News","article_publisher":"https:\/\/www.facebook.com\/Ub%c3%a1News-Carlos-Roberto-Sodr%c3%a9-418778301977370","article_author":"https:\/\/www.facebook.com\/carosroberto.sodre.5\/","article_published_time":"2018-03-28T17:16:37+00:00","article_modified_time":"2018-04-03T13:20:32+00:00","og_image":[{"width":1134,"height":709,"url":"https:\/\/ubanews.com\/site\/wp-content\/uploads\/2018\/03\/Sem-T\u00edtulo-1.jpg","type":"image\/jpeg"}],"author":"Sodr\u00e9","twitter_card":"summary_large_image","twitter_misc":{"Escrito por":"Sodr\u00e9","Est. tempo de leitura":"2 minutos"},"schema":{"@context":"https:\/\/schema.org","@graph":[{"@type":"Article","@id":"https:\/\/ubanews.com\/site\/2018\/03\/28\/em-sua-primeira-semana-santa-em-guidoval-padre-almir-convoca-os-fieis\/#article","isPartOf":{"@id":"https:\/\/ubanews.com\/site\/2018\/03\/28\/em-sua-primeira-semana-santa-em-guidoval-padre-almir-convoca-os-fieis\/"},"author":{"name":"Sodr\u00e9","@id":"https:\/\/ubanews.com\/site\/#\/schema\/person\/d90c9e47252fbb63dcc969fe4c8b9d10"},"headline":"Em sua primeira Semana Santa em Guidoval Padre Almir convoca os fieis.","datePublished":"2018-03-28T17:16:37+00:00","dateModified":"2018-04-03T13:20:32+00:00","mainEntityOfPage":{"@id":"https:\/\/ubanews.com\/site\/2018\/03\/28\/em-sua-primeira-semana-santa-em-guidoval-padre-almir-convoca-os-fieis\/"},"wordCount":441,"commentCount":0,"publisher":{"@id":"https:\/\/ubanews.com\/site\/#organization"},"image":{"@id":"https:\/\/ubanews.com\/site\/2018\/03\/28\/em-sua-primeira-semana-santa-em-guidoval-padre-almir-convoca-os-fieis\/#primaryimage"},"thumbnailUrl":"https:\/\/ubanews.com\/site\/wp-content\/uploads\/2018\/03\/Sem-T\u00edtulo-1.jpg","articleSection":["Geral"],"inLanguage":"pt-BR","potentialAction":[{"@type":"CommentAction","name":"Comment","target":["https:\/\/ubanews.com\/site\/2018\/03\/28\/em-sua-primeira-semana-santa-em-guidoval-padre-almir-convoca-os-fieis\/#respond"]}]},{"@type":"WebPage","@id":"https:\/\/ubanews.com\/site\/2018\/03\/28\/em-sua-primeira-semana-santa-em-guidoval-padre-almir-convoca-os-fieis\/","url":"https:\/\/ubanews.com\/site\/2018\/03\/28\/em-sua-primeira-semana-santa-em-guidoval-padre-almir-convoca-os-fieis\/","name":"Em sua primeira Semana Santa em Guidoval Padre Almir convoca os fieis. - Ub\u00e1 News","isPartOf":{"@id":"https:\/\/ubanews.com\/site\/#website"},"primaryImageOfPage":{"@id":"https:\/\/ubanews.com\/site\/2018\/03\/28\/em-sua-primeira-semana-santa-em-guidoval-padre-almir-convoca-os-fieis\/#primaryimage"},"image":{"@id":"https:\/\/ubanews.com\/site\/2018\/03\/28\/em-sua-primeira-semana-santa-em-guidoval-padre-almir-convoca-os-fieis\/#primaryimage"},"thumbnailUrl":"https:\/\/ubanews.com\/site\/wp-content\/uploads\/2018\/03\/Sem-T\u00edtulo-1.jpg","datePublished":"2018-03-28T17:16:37+00:00","dateModified":"2018-04-03T13:20:32+00:00","breadcrumb":{"@id":"https:\/\/ubanews.com\/site\/2018\/03\/28\/em-sua-primeira-semana-santa-em-guidoval-padre-almir-convoca-os-fieis\/#breadcrumb"},"inLanguage":"pt-BR","potentialAction":[{"@type":"ReadAction","target":["https:\/\/ubanews.com\/site\/2018\/03\/28\/em-sua-primeira-semana-santa-em-guidoval-padre-almir-convoca-os-fieis\/"]}]},{"@type":"ImageObject","inLanguage":"pt-BR","@id":"https:\/\/ubanews.com\/site\/2018\/03\/28\/em-sua-primeira-semana-santa-em-guidoval-padre-almir-convoca-os-fieis\/#primaryimage","url":"https:\/\/ubanews.com\/site\/wp-content\/uploads\/2018\/03\/Sem-T\u00edtulo-1.jpg","contentUrl":"https:\/\/ubanews.com\/site\/wp-content\/uploads\/2018\/03\/Sem-T\u00edtulo-1.jpg","width":1134,"height":709},{"@type":"BreadcrumbList","@id":"https:\/\/ubanews.com\/site\/2018\/03\/28\/em-sua-primeira-semana-santa-em-guidoval-padre-almir-convoca-os-fieis\/#breadcrumb","itemListElement":[{"@type":"ListItem","position":1,"name":"Home","item":"https:\/\/ubanews.com\/site\/"},{"@type":"ListItem","position":2,"name":"Em sua primeira Semana Santa em Guidoval Padre Almir convoca os fieis."}]},{"@type":"WebSite","@id":"https:\/\/ubanews.com\/site\/#website","url":"https:\/\/ubanews.com\/site\/","name":"Ub\u00e1 News","description":"","publisher":{"@id":"https:\/\/ubanews.com\/site\/#organization"},"potentialAction":[{"@type":"SearchAction","target":{"@type":"EntryPoint","urlTemplate":"https:\/\/ubanews.com\/site\/?s={search_term_string}"},"query-input":{"@type":"PropertyValueSpecification","valueRequired":true,"valueName":"search_term_string"}}],"inLanguage":"pt-BR"},{"@type":"Organization","@id":"https:\/\/ubanews.com\/site\/#organization","name":"Ub\u00e1 News","url":"https:\/\/ubanews.com\/site\/","logo":{"@type":"ImageObject","inLanguage":"pt-BR","@id":"https:\/\/ubanews.com\/site\/#\/schema\/logo\/image\/","url":"https:\/\/ubanews.com\/site\/wp-content\/uploads\/2018\/01\/logoubanews.png","contentUrl":"https:\/\/ubanews.com\/site\/wp-content\/uploads\/2018\/01\/logoubanews.png","width":261,"height":99,"caption":"Ub\u00e1 News"},"image":{"@id":"https:\/\/ubanews.com\/site\/#\/schema\/logo\/image\/"},"sameAs":["https:\/\/www.facebook.com\/Ub\u00e1News-Carlos-Roberto-Sodr\u00e9-418778301977370"]},{"@type":"Person","@id":"https:\/\/ubanews.com\/site\/#\/schema\/person\/d90c9e47252fbb63dcc969fe4c8b9d10","name":"Sodr\u00e9","image":{"@type":"ImageObject","inLanguage":"pt-BR","@id":"https:\/\/secure.gravatar.com\/avatar\/5ba2793f0590b9dbfad3fdec4ee714485b3eef211c9b32ee53d414060454a56c?s=96&d=mm&r=g","url":"https:\/\/secure.gravatar.com\/avatar\/5ba2793f0590b9dbfad3fdec4ee714485b3eef211c9b32ee53d414060454a56c?s=96&d=mm&r=g","contentUrl":"https:\/\/secure.gravatar.com\/avatar\/5ba2793f0590b9dbfad3fdec4ee714485b3eef211c9b32ee53d414060454a56c?s=96&d=mm&r=g","caption":"Sodr\u00e9"},"sameAs":["https:\/\/www.facebook.com\/carosroberto.sodre.5\/"],"url":"https:\/\/ubanews.com\/site\/author\/felipe\/"}]}},"_links":{"self":[{"href":"https:\/\/ubanews.com\/site\/wp-json\/wp\/v2\/posts\/1439","targetHints":{"allow":["GET"]}}],"collection":[{"href":"https:\/\/ubanews.com\/site\/wp-json\/wp\/v2\/posts"}],"about":[{"href":"https:\/\/ubanews.com\/site\/wp-json\/wp\/v2\/types\/post"}],"author":[{"embeddable":true,"href":"https:\/\/ubanews.com\/site\/wp-json\/wp\/v2\/users\/2"}],"replies":[{"embeddable":true,"href":"https:\/\/ubanews.com\/site\/wp-json\/wp\/v2\/comments?post=1439"}],"version-history":[{"count":0,"href":"https:\/\/ubanews.com\/site\/wp-json\/wp\/v2\/posts\/1439\/revisions"}],"wp:featuredmedia":[{"embeddable":true,"href":"https:\/\/ubanews.com\/site\/wp-json\/wp\/v2\/media\/1440"}],"wp:attachment":[{"href":"https:\/\/ubanews.com\/site\/wp-json\/wp\/v2\/media?parent=1439"}],"wp:term":[{"taxonomy":"category","embeddable":true,"href":"https:\/\/ubanews.com\/site\/wp-json\/wp\/v2\/categories?post=1439"},{"taxonomy":"post_tag","embeddable":true,"href":"https:\/\/ubanews.com\/site\/wp-json\/wp\/v2\/tags?post=1439"}],"curies":[{"name":"wp","href":"https:\/\/api.w.org\/{rel}","templated":true}]}}