{"id":1422,"date":"2018-03-28T06:00:46","date_gmt":"2018-03-28T09:00:46","guid":{"rendered":"http:\/\/ubanews.com\/site\/?p=1422"},"modified":"2018-03-31T11:55:35","modified_gmt":"2018-03-31T14:55:35","slug":"ex-comandante-da-pm-do-estado-de-minas-gerais-fala-como-pre-candidato-no-auditorio-do-sindicato-dos-marcineiros","status":"publish","type":"post","link":"https:\/\/ubanews.com\/site\/2018\/03\/28\/ex-comandante-da-pm-do-estado-de-minas-gerais-fala-como-pre-candidato-no-auditorio-do-sindicato-dos-marcineiros\/","title":{"rendered":"Ex Comandante da PM do Estado de Minas Gerais fala como pr\u00e9 candidato no audit\u00f3rio do Sindicato dos Marcineiros"},"content":{"rendered":"<p><img decoding=\"async\" class=\"alignnone size-full wp-image-1430 lazyload\" data-src=\"https:\/\/ubanews.com\/site\/wp-content\/uploads\/2018\/03\/DSC_9110-c\u00f3pia.jpg\" alt=\"\" width=\"4928\" height=\"2953\" data-srcset=\"https:\/\/ubanews.com\/site\/wp-content\/uploads\/2018\/03\/DSC_9110-c\u00f3pia.jpg 4928w, https:\/\/ubanews.com\/site\/wp-content\/uploads\/2018\/03\/DSC_9110-c\u00f3pia-300x180.jpg 300w, https:\/\/ubanews.com\/site\/wp-content\/uploads\/2018\/03\/DSC_9110-c\u00f3pia-768x460.jpg 768w, https:\/\/ubanews.com\/site\/wp-content\/uploads\/2018\/03\/DSC_9110-c\u00f3pia-1024x614.jpg 1024w\" data-sizes=\"(max-width: 4928px) 100vw, 4928px\" src=\"data:image\/svg+xml;base64,PHN2ZyB3aWR0aD0iMSIgaGVpZ2h0PSIxIiB4bWxucz0iaHR0cDovL3d3dy53My5vcmcvMjAwMC9zdmciPjwvc3ZnPg==\" style=\"--smush-placeholder-width: 4928px; --smush-placeholder-aspect-ratio: 4928\/2953;\" \/><img decoding=\"async\" class=\"alignnone size-full wp-image-1431 lazyload\" data-src=\"https:\/\/ubanews.com\/site\/wp-content\/uploads\/2018\/03\/DSC_9114-c\u00f3pia.jpg\" alt=\"\" width=\"4928\" height=\"2953\" data-srcset=\"https:\/\/ubanews.com\/site\/wp-content\/uploads\/2018\/03\/DSC_9114-c\u00f3pia.jpg 4928w, https:\/\/ubanews.com\/site\/wp-content\/uploads\/2018\/03\/DSC_9114-c\u00f3pia-300x180.jpg 300w, https:\/\/ubanews.com\/site\/wp-content\/uploads\/2018\/03\/DSC_9114-c\u00f3pia-768x460.jpg 768w, https:\/\/ubanews.com\/site\/wp-content\/uploads\/2018\/03\/DSC_9114-c\u00f3pia-1024x614.jpg 1024w\" data-sizes=\"(max-width: 4928px) 100vw, 4928px\" src=\"data:image\/svg+xml;base64,PHN2ZyB3aWR0aD0iMSIgaGVpZ2h0PSIxIiB4bWxucz0iaHR0cDovL3d3dy53My5vcmcvMjAwMC9zdmciPjwvc3ZnPg==\" style=\"--smush-placeholder-width: 4928px; --smush-placeholder-aspect-ratio: 4928\/2953;\" \/> <img decoding=\"async\" class=\"alignnone size-full wp-image-1429 lazyload\" data-src=\"https:\/\/ubanews.com\/site\/wp-content\/uploads\/2018\/03\/DSC_9164-c\u00f3pia.jpg\" alt=\"\" width=\"4928\" height=\"2953\" data-srcset=\"https:\/\/ubanews.com\/site\/wp-content\/uploads\/2018\/03\/DSC_9164-c\u00f3pia.jpg 4928w, https:\/\/ubanews.com\/site\/wp-content\/uploads\/2018\/03\/DSC_9164-c\u00f3pia-300x180.jpg 300w, https:\/\/ubanews.com\/site\/wp-content\/uploads\/2018\/03\/DSC_9164-c\u00f3pia-768x460.jpg 768w, https:\/\/ubanews.com\/site\/wp-content\/uploads\/2018\/03\/DSC_9164-c\u00f3pia-1024x614.jpg 1024w\" data-sizes=\"(max-width: 4928px) 100vw, 4928px\" src=\"data:image\/svg+xml;base64,PHN2ZyB3aWR0aD0iMSIgaGVpZ2h0PSIxIiB4bWxucz0iaHR0cDovL3d3dy53My5vcmcvMjAwMC9zdmciPjwvc3ZnPg==\" style=\"--smush-placeholder-width: 4928px; --smush-placeholder-aspect-ratio: 4928\/2953;\" \/> <img decoding=\"async\" class=\"alignnone size-full wp-image-1428 lazyload\" data-src=\"https:\/\/ubanews.com\/site\/wp-content\/uploads\/2018\/03\/DSC_9148-c\u00f3pia.jpg\" alt=\"\" width=\"4928\" height=\"2953\" data-srcset=\"https:\/\/ubanews.com\/site\/wp-content\/uploads\/2018\/03\/DSC_9148-c\u00f3pia.jpg 4928w, https:\/\/ubanews.com\/site\/wp-content\/uploads\/2018\/03\/DSC_9148-c\u00f3pia-300x180.jpg 300w, https:\/\/ubanews.com\/site\/wp-content\/uploads\/2018\/03\/DSC_9148-c\u00f3pia-768x460.jpg 768w, https:\/\/ubanews.com\/site\/wp-content\/uploads\/2018\/03\/DSC_9148-c\u00f3pia-1024x614.jpg 1024w\" data-sizes=\"(max-width: 4928px) 100vw, 4928px\" src=\"data:image\/svg+xml;base64,PHN2ZyB3aWR0aD0iMSIgaGVpZ2h0PSIxIiB4bWxucz0iaHR0cDovL3d3dy53My5vcmcvMjAwMC9zdmciPjwvc3ZnPg==\" style=\"--smush-placeholder-width: 4928px; --smush-placeholder-aspect-ratio: 4928\/2953;\" \/> <img decoding=\"async\" class=\"alignnone size-full wp-image-1427 lazyload\" data-src=\"https:\/\/ubanews.com\/site\/wp-content\/uploads\/2018\/03\/DSC_9144-c\u00f3pia.jpg\" alt=\"\" width=\"4928\" height=\"2953\" data-srcset=\"https:\/\/ubanews.com\/site\/wp-content\/uploads\/2018\/03\/DSC_9144-c\u00f3pia.jpg 4928w, https:\/\/ubanews.com\/site\/wp-content\/uploads\/2018\/03\/DSC_9144-c\u00f3pia-300x180.jpg 300w, https:\/\/ubanews.com\/site\/wp-content\/uploads\/2018\/03\/DSC_9144-c\u00f3pia-768x460.jpg 768w, https:\/\/ubanews.com\/site\/wp-content\/uploads\/2018\/03\/DSC_9144-c\u00f3pia-1024x614.jpg 1024w\" data-sizes=\"(max-width: 4928px) 100vw, 4928px\" src=\"data:image\/svg+xml;base64,PHN2ZyB3aWR0aD0iMSIgaGVpZ2h0PSIxIiB4bWxucz0iaHR0cDovL3d3dy53My5vcmcvMjAwMC9zdmciPjwvc3ZnPg==\" style=\"--smush-placeholder-width: 4928px; --smush-placeholder-aspect-ratio: 4928\/2953;\" \/> <img decoding=\"async\" class=\"alignnone size-full wp-image-1425 lazyload\" data-src=\"https:\/\/ubanews.com\/site\/wp-content\/uploads\/2018\/03\/DSC_9136-c\u00f3pia.jpg\" alt=\"\" width=\"4928\" height=\"2953\" data-srcset=\"https:\/\/ubanews.com\/site\/wp-content\/uploads\/2018\/03\/DSC_9136-c\u00f3pia.jpg 4928w, https:\/\/ubanews.com\/site\/wp-content\/uploads\/2018\/03\/DSC_9136-c\u00f3pia-300x180.jpg 300w, https:\/\/ubanews.com\/site\/wp-content\/uploads\/2018\/03\/DSC_9136-c\u00f3pia-768x460.jpg 768w, https:\/\/ubanews.com\/site\/wp-content\/uploads\/2018\/03\/DSC_9136-c\u00f3pia-1024x614.jpg 1024w\" data-sizes=\"(max-width: 4928px) 100vw, 4928px\" src=\"data:image\/svg+xml;base64,PHN2ZyB3aWR0aD0iMSIgaGVpZ2h0PSIxIiB4bWxucz0iaHR0cDovL3d3dy53My5vcmcvMjAwMC9zdmciPjwvc3ZnPg==\" style=\"--smush-placeholder-width: 4928px; --smush-placeholder-aspect-ratio: 4928\/2953;\" \/> <img decoding=\"async\" class=\"alignnone size-full wp-image-1424 lazyload\" data-src=\"https:\/\/ubanews.com\/site\/wp-content\/uploads\/2018\/03\/DSC_9122-c\u00f3pia.jpg\" alt=\"\" width=\"4928\" height=\"2953\" data-srcset=\"https:\/\/ubanews.com\/site\/wp-content\/uploads\/2018\/03\/DSC_9122-c\u00f3pia.jpg 4928w, https:\/\/ubanews.com\/site\/wp-content\/uploads\/2018\/03\/DSC_9122-c\u00f3pia-300x180.jpg 300w, https:\/\/ubanews.com\/site\/wp-content\/uploads\/2018\/03\/DSC_9122-c\u00f3pia-768x460.jpg 768w, https:\/\/ubanews.com\/site\/wp-content\/uploads\/2018\/03\/DSC_9122-c\u00f3pia-1024x614.jpg 1024w\" data-sizes=\"(max-width: 4928px) 100vw, 4928px\" src=\"data:image\/svg+xml;base64,PHN2ZyB3aWR0aD0iMSIgaGVpZ2h0PSIxIiB4bWxucz0iaHR0cDovL3d3dy53My5vcmcvMjAwMC9zdmciPjwvc3ZnPg==\" style=\"--smush-placeholder-width: 4928px; --smush-placeholder-aspect-ratio: 4928\/2953;\" \/> <img decoding=\"async\" class=\"alignnone size-full wp-image-1423 lazyload\" data-src=\"https:\/\/ubanews.com\/site\/wp-content\/uploads\/2018\/03\/DSC_9120-c\u00f3pia.jpg\" alt=\"\" width=\"4928\" height=\"2953\" data-srcset=\"https:\/\/ubanews.com\/site\/wp-content\/uploads\/2018\/03\/DSC_9120-c\u00f3pia.jpg 4928w, https:\/\/ubanews.com\/site\/wp-content\/uploads\/2018\/03\/DSC_9120-c\u00f3pia-300x180.jpg 300w, https:\/\/ubanews.com\/site\/wp-content\/uploads\/2018\/03\/DSC_9120-c\u00f3pia-768x460.jpg 768w, https:\/\/ubanews.com\/site\/wp-content\/uploads\/2018\/03\/DSC_9120-c\u00f3pia-1024x614.jpg 1024w\" data-sizes=\"(max-width: 4928px) 100vw, 4928px\" src=\"data:image\/svg+xml;base64,PHN2ZyB3aWR0aD0iMSIgaGVpZ2h0PSIxIiB4bWxucz0iaHR0cDovL3d3dy53My5vcmcvMjAwMC9zdmciPjwvc3ZnPg==\" style=\"--smush-placeholder-width: 4928px; --smush-placeholder-aspect-ratio: 4928\/2953;\" \/><\/p>\n<p>&nbsp; &nbsp; &nbsp; &nbsp; &nbsp; O Ex-Comandante Geral da Pol\u00edcia Militar do Estado de Minas Gerais Coronel Marco Ant\u00f4nio Badar\u00f3 Bianchini reuniu na noite desta ter\u00e7a-feira (27),&nbsp;\u00e0s 20h, com um grupo de amigos, na Rua Major Tito C\u00e9sar, Sede do Sindicato dos Marceneiros (as), do Polo Moveleiro, ao lado da Igreja Matriz do Divino Espirito Santo. Esteve acompanhado de seu coordenador de pr\u00e9-campanha, Coronel Mauro L\u00facio Campos Silva, Ex-Comandante do 21\u00ba BPM.<br \/>\n&nbsp; &nbsp; &nbsp; &nbsp; &nbsp; Coronel Bianchini declarou que n\u00e3o vai permanecer na sigla Podemos, por n\u00e3o concordar com algumas figuras que recentemente chegaram no partido! O Pr\u00e9-Candidato a Deputado Federal, ainda sem partido, mais uma vez defendeu a ideia de que a sa\u00edda para o pa\u00eds, \u00e9 fortalecer a pol\u00edcia! Ele n\u00e3o defende a m\u00e1xima de que bandido bom \u00e9 bandido morto, o ex-comandante, \u00e9 a favor da tese de que bandido bom \u00e9 bandido preso!<br \/>\n&nbsp; &nbsp; &nbsp; &nbsp; &nbsp; Coronel Bianchini disse aos comerciantes presentes, exemplificando que todos lesados pelo crime de assaltos, n\u00e3o aguentam mais! Ele acredita que todos aqueles que vivem \u00e0s margens da lei tem que pagar suas penas com trabalho! O tempo todo o ex-comandante debateu sobre a seguran\u00e7a p\u00fablica! Essa ser\u00e1 sua refer\u00eancia de campanha!!!<\/p>\n","protected":false},"excerpt":{"rendered":"<p>&nbsp; &nbsp; &nbsp; &nbsp; &nbsp; O Ex-Comandante Geral da Pol\u00edcia<\/p>\n","protected":false},"author":2,"featured_media":1426,"comment_status":"open","ping_status":"open","sticky":false,"template":"","format":"standard","meta":{"footnotes":""},"categories":[1],"tags":[],"class_list":["post-1422","post","type-post","status-publish","format-standard","has-post-thumbnail","hentry","category-sem-categoria"],"yoast_head":"<!-- This site is optimized with the Yoast SEO plugin v27.2 - https:\/\/yoast.com\/product\/yoast-seo-wordpress\/ -->\n<title>Ex Comandante da PM do Estado de Minas Gerais fala como pr\u00e9 candidato no audit\u00f3rio do Sindicato dos Marcineiros - Ub\u00e1 News<\/title>\n<meta name=\"robots\" content=\"index, follow, max-snippet:-1, max-image-preview:large, max-video-preview:-1\" \/>\n<link rel=\"canonical\" href=\"https:\/\/ubanews.com\/site\/2018\/03\/28\/ex-comandante-da-pm-do-estado-de-minas-gerais-fala-como-pre-candidato-no-auditorio-do-sindicato-dos-marcineiros\/\" \/>\n<meta property=\"og:locale\" content=\"pt_BR\" \/>\n<meta property=\"og:type\" content=\"article\" \/>\n<meta property=\"og:title\" content=\"Ex Comandante da PM do Estado de Minas Gerais fala como pr\u00e9 candidato no audit\u00f3rio do Sindicato dos Marcineiros - Ub\u00e1 News\" \/>\n<meta property=\"og:description\" content=\"&nbsp; &nbsp; &nbsp; &nbsp; &nbsp; O Ex-Comandante Geral da Pol\u00edcia\" \/>\n<meta property=\"og:url\" content=\"https:\/\/ubanews.com\/site\/2018\/03\/28\/ex-comandante-da-pm-do-estado-de-minas-gerais-fala-como-pre-candidato-no-auditorio-do-sindicato-dos-marcineiros\/\" \/>\n<meta property=\"og:site_name\" content=\"Ub\u00e1 News\" \/>\n<meta property=\"article:publisher\" content=\"https:\/\/www.facebook.com\/Ub%c3%a1News-Carlos-Roberto-Sodr%c3%a9-418778301977370\" \/>\n<meta property=\"article:author\" content=\"https:\/\/www.facebook.com\/carosroberto.sodre.5\/\" \/>\n<meta property=\"article:published_time\" content=\"2018-03-28T09:00:46+00:00\" \/>\n<meta property=\"article:modified_time\" content=\"2018-03-31T14:55:35+00:00\" \/>\n<meta property=\"og:image\" content=\"https:\/\/ubanews.com\/site\/wp-content\/uploads\/2018\/03\/DSC_9139-c\u00f3pia.jpg\" \/>\n\t<meta property=\"og:image:width\" content=\"4928\" \/>\n\t<meta property=\"og:image:height\" content=\"2953\" \/>\n\t<meta property=\"og:image:type\" content=\"image\/jpeg\" \/>\n<meta name=\"author\" content=\"Sodr\u00e9\" \/>\n<meta name=\"twitter:card\" content=\"summary_large_image\" \/>\n<meta name=\"twitter:label1\" content=\"Escrito por\" \/>\n\t<meta name=\"twitter:data1\" content=\"Sodr\u00e9\" \/>\n\t<meta name=\"twitter:label2\" content=\"Est. tempo de leitura\" \/>\n\t<meta name=\"twitter:data2\" content=\"1 minuto\" \/>\n<script type=\"application\/ld+json\" class=\"yoast-schema-graph\">{\"@context\":\"https:\/\/schema.org\",\"@graph\":[{\"@type\":\"Article\",\"@id\":\"https:\/\/ubanews.com\/site\/2018\/03\/28\/ex-comandante-da-pm-do-estado-de-minas-gerais-fala-como-pre-candidato-no-auditorio-do-sindicato-dos-marcineiros\/#article\",\"isPartOf\":{\"@id\":\"https:\/\/ubanews.com\/site\/2018\/03\/28\/ex-comandante-da-pm-do-estado-de-minas-gerais-fala-como-pre-candidato-no-auditorio-do-sindicato-dos-marcineiros\/\"},\"author\":{\"name\":\"Sodr\u00e9\",\"@id\":\"https:\/\/ubanews.com\/site\/#\/schema\/person\/d90c9e47252fbb63dcc969fe4c8b9d10\"},\"headline\":\"Ex Comandante da PM do Estado de Minas Gerais fala como pr\u00e9 candidato no audit\u00f3rio do Sindicato dos Marcineiros\",\"datePublished\":\"2018-03-28T09:00:46+00:00\",\"dateModified\":\"2018-03-31T14:55:35+00:00\",\"mainEntityOfPage\":{\"@id\":\"https:\/\/ubanews.com\/site\/2018\/03\/28\/ex-comandante-da-pm-do-estado-de-minas-gerais-fala-como-pre-candidato-no-auditorio-do-sindicato-dos-marcineiros\/\"},\"wordCount\":239,\"commentCount\":2,\"publisher\":{\"@id\":\"https:\/\/ubanews.com\/site\/#organization\"},\"image\":{\"@id\":\"https:\/\/ubanews.com\/site\/2018\/03\/28\/ex-comandante-da-pm-do-estado-de-minas-gerais-fala-como-pre-candidato-no-auditorio-do-sindicato-dos-marcineiros\/#primaryimage\"},\"thumbnailUrl\":\"https:\/\/ubanews.com\/site\/wp-content\/uploads\/2018\/03\/DSC_9139-c\u00f3pia.jpg\",\"articleSection\":[\"Geral\"],\"inLanguage\":\"pt-BR\",\"potentialAction\":[{\"@type\":\"CommentAction\",\"name\":\"Comment\",\"target\":[\"https:\/\/ubanews.com\/site\/2018\/03\/28\/ex-comandante-da-pm-do-estado-de-minas-gerais-fala-como-pre-candidato-no-auditorio-do-sindicato-dos-marcineiros\/#respond\"]}]},{\"@type\":\"WebPage\",\"@id\":\"https:\/\/ubanews.com\/site\/2018\/03\/28\/ex-comandante-da-pm-do-estado-de-minas-gerais-fala-como-pre-candidato-no-auditorio-do-sindicato-dos-marcineiros\/\",\"url\":\"https:\/\/ubanews.com\/site\/2018\/03\/28\/ex-comandante-da-pm-do-estado-de-minas-gerais-fala-como-pre-candidato-no-auditorio-do-sindicato-dos-marcineiros\/\",\"name\":\"Ex Comandante da PM do Estado de Minas Gerais fala como pr\u00e9 candidato no audit\u00f3rio do Sindicato dos Marcineiros - Ub\u00e1 News\",\"isPartOf\":{\"@id\":\"https:\/\/ubanews.com\/site\/#website\"},\"primaryImageOfPage\":{\"@id\":\"https:\/\/ubanews.com\/site\/2018\/03\/28\/ex-comandante-da-pm-do-estado-de-minas-gerais-fala-como-pre-candidato-no-auditorio-do-sindicato-dos-marcineiros\/#primaryimage\"},\"image\":{\"@id\":\"https:\/\/ubanews.com\/site\/2018\/03\/28\/ex-comandante-da-pm-do-estado-de-minas-gerais-fala-como-pre-candidato-no-auditorio-do-sindicato-dos-marcineiros\/#primaryimage\"},\"thumbnailUrl\":\"https:\/\/ubanews.com\/site\/wp-content\/uploads\/2018\/03\/DSC_9139-c\u00f3pia.jpg\",\"datePublished\":\"2018-03-28T09:00:46+00:00\",\"dateModified\":\"2018-03-31T14:55:35+00:00\",\"breadcrumb\":{\"@id\":\"https:\/\/ubanews.com\/site\/2018\/03\/28\/ex-comandante-da-pm-do-estado-de-minas-gerais-fala-como-pre-candidato-no-auditorio-do-sindicato-dos-marcineiros\/#breadcrumb\"},\"inLanguage\":\"pt-BR\",\"potentialAction\":[{\"@type\":\"ReadAction\",\"target\":[\"https:\/\/ubanews.com\/site\/2018\/03\/28\/ex-comandante-da-pm-do-estado-de-minas-gerais-fala-como-pre-candidato-no-auditorio-do-sindicato-dos-marcineiros\/\"]}]},{\"@type\":\"ImageObject\",\"inLanguage\":\"pt-BR\",\"@id\":\"https:\/\/ubanews.com\/site\/2018\/03\/28\/ex-comandante-da-pm-do-estado-de-minas-gerais-fala-como-pre-candidato-no-auditorio-do-sindicato-dos-marcineiros\/#primaryimage\",\"url\":\"https:\/\/ubanews.com\/site\/wp-content\/uploads\/2018\/03\/DSC_9139-c\u00f3pia.jpg\",\"contentUrl\":\"https:\/\/ubanews.com\/site\/wp-content\/uploads\/2018\/03\/DSC_9139-c\u00f3pia.jpg\",\"width\":4928,\"height\":2953},{\"@type\":\"BreadcrumbList\",\"@id\":\"https:\/\/ubanews.com\/site\/2018\/03\/28\/ex-comandante-da-pm-do-estado-de-minas-gerais-fala-como-pre-candidato-no-auditorio-do-sindicato-dos-marcineiros\/#breadcrumb\",\"itemListElement\":[{\"@type\":\"ListItem\",\"position\":1,\"name\":\"Home\",\"item\":\"https:\/\/ubanews.com\/site\/\"},{\"@type\":\"ListItem\",\"position\":2,\"name\":\"Ex Comandante da PM do Estado de Minas Gerais fala como pr\u00e9 candidato no audit\u00f3rio do Sindicato dos Marcineiros\"}]},{\"@type\":\"WebSite\",\"@id\":\"https:\/\/ubanews.com\/site\/#website\",\"url\":\"https:\/\/ubanews.com\/site\/\",\"name\":\"Ub\u00e1 News\",\"description\":\"\",\"publisher\":{\"@id\":\"https:\/\/ubanews.com\/site\/#organization\"},\"potentialAction\":[{\"@type\":\"SearchAction\",\"target\":{\"@type\":\"EntryPoint\",\"urlTemplate\":\"https:\/\/ubanews.com\/site\/?s={search_term_string}\"},\"query-input\":{\"@type\":\"PropertyValueSpecification\",\"valueRequired\":true,\"valueName\":\"search_term_string\"}}],\"inLanguage\":\"pt-BR\"},{\"@type\":\"Organization\",\"@id\":\"https:\/\/ubanews.com\/site\/#organization\",\"name\":\"Ub\u00e1 News\",\"url\":\"https:\/\/ubanews.com\/site\/\",\"logo\":{\"@type\":\"ImageObject\",\"inLanguage\":\"pt-BR\",\"@id\":\"https:\/\/ubanews.com\/site\/#\/schema\/logo\/image\/\",\"url\":\"https:\/\/ubanews.com\/site\/wp-content\/uploads\/2018\/01\/logoubanews.png\",\"contentUrl\":\"https:\/\/ubanews.com\/site\/wp-content\/uploads\/2018\/01\/logoubanews.png\",\"width\":261,\"height\":99,\"caption\":\"Ub\u00e1 News\"},\"image\":{\"@id\":\"https:\/\/ubanews.com\/site\/#\/schema\/logo\/image\/\"},\"sameAs\":[\"https:\/\/www.facebook.com\/Ub\u00e1News-Carlos-Roberto-Sodr\u00e9-418778301977370\"]},{\"@type\":\"Person\",\"@id\":\"https:\/\/ubanews.com\/site\/#\/schema\/person\/d90c9e47252fbb63dcc969fe4c8b9d10\",\"name\":\"Sodr\u00e9\",\"image\":{\"@type\":\"ImageObject\",\"inLanguage\":\"pt-BR\",\"@id\":\"https:\/\/secure.gravatar.com\/avatar\/5ba2793f0590b9dbfad3fdec4ee714485b3eef211c9b32ee53d414060454a56c?s=96&d=mm&r=g\",\"url\":\"https:\/\/secure.gravatar.com\/avatar\/5ba2793f0590b9dbfad3fdec4ee714485b3eef211c9b32ee53d414060454a56c?s=96&d=mm&r=g\",\"contentUrl\":\"https:\/\/secure.gravatar.com\/avatar\/5ba2793f0590b9dbfad3fdec4ee714485b3eef211c9b32ee53d414060454a56c?s=96&d=mm&r=g\",\"caption\":\"Sodr\u00e9\"},\"sameAs\":[\"https:\/\/www.facebook.com\/carosroberto.sodre.5\/\"],\"url\":\"https:\/\/ubanews.com\/site\/author\/felipe\/\"}]}<\/script>\n<!-- \/ Yoast SEO plugin. -->","yoast_head_json":{"title":"Ex Comandante da PM do Estado de Minas Gerais fala como pr\u00e9 candidato no audit\u00f3rio do Sindicato dos Marcineiros - Ub\u00e1 News","robots":{"index":"index","follow":"follow","max-snippet":"max-snippet:-1","max-image-preview":"max-image-preview:large","max-video-preview":"max-video-preview:-1"},"canonical":"https:\/\/ubanews.com\/site\/2018\/03\/28\/ex-comandante-da-pm-do-estado-de-minas-gerais-fala-como-pre-candidato-no-auditorio-do-sindicato-dos-marcineiros\/","og_locale":"pt_BR","og_type":"article","og_title":"Ex Comandante da PM do Estado de Minas Gerais fala como pr\u00e9 candidato no audit\u00f3rio do Sindicato dos Marcineiros - Ub\u00e1 News","og_description":"&nbsp; &nbsp; &nbsp; &nbsp; &nbsp; O Ex-Comandante Geral da Pol\u00edcia","og_url":"https:\/\/ubanews.com\/site\/2018\/03\/28\/ex-comandante-da-pm-do-estado-de-minas-gerais-fala-como-pre-candidato-no-auditorio-do-sindicato-dos-marcineiros\/","og_site_name":"Ub\u00e1 News","article_publisher":"https:\/\/www.facebook.com\/Ub%c3%a1News-Carlos-Roberto-Sodr%c3%a9-418778301977370","article_author":"https:\/\/www.facebook.com\/carosroberto.sodre.5\/","article_published_time":"2018-03-28T09:00:46+00:00","article_modified_time":"2018-03-31T14:55:35+00:00","og_image":[{"width":4928,"height":2953,"url":"https:\/\/ubanews.com\/site\/wp-content\/uploads\/2018\/03\/DSC_9139-c\u00f3pia.jpg","type":"image\/jpeg"}],"author":"Sodr\u00e9","twitter_card":"summary_large_image","twitter_misc":{"Escrito por":"Sodr\u00e9","Est. tempo de leitura":"1 minuto"},"schema":{"@context":"https:\/\/schema.org","@graph":[{"@type":"Article","@id":"https:\/\/ubanews.com\/site\/2018\/03\/28\/ex-comandante-da-pm-do-estado-de-minas-gerais-fala-como-pre-candidato-no-auditorio-do-sindicato-dos-marcineiros\/#article","isPartOf":{"@id":"https:\/\/ubanews.com\/site\/2018\/03\/28\/ex-comandante-da-pm-do-estado-de-minas-gerais-fala-como-pre-candidato-no-auditorio-do-sindicato-dos-marcineiros\/"},"author":{"name":"Sodr\u00e9","@id":"https:\/\/ubanews.com\/site\/#\/schema\/person\/d90c9e47252fbb63dcc969fe4c8b9d10"},"headline":"Ex Comandante da PM do Estado de Minas Gerais fala como pr\u00e9 candidato no audit\u00f3rio do Sindicato dos Marcineiros","datePublished":"2018-03-28T09:00:46+00:00","dateModified":"2018-03-31T14:55:35+00:00","mainEntityOfPage":{"@id":"https:\/\/ubanews.com\/site\/2018\/03\/28\/ex-comandante-da-pm-do-estado-de-minas-gerais-fala-como-pre-candidato-no-auditorio-do-sindicato-dos-marcineiros\/"},"wordCount":239,"commentCount":2,"publisher":{"@id":"https:\/\/ubanews.com\/site\/#organization"},"image":{"@id":"https:\/\/ubanews.com\/site\/2018\/03\/28\/ex-comandante-da-pm-do-estado-de-minas-gerais-fala-como-pre-candidato-no-auditorio-do-sindicato-dos-marcineiros\/#primaryimage"},"thumbnailUrl":"https:\/\/ubanews.com\/site\/wp-content\/uploads\/2018\/03\/DSC_9139-c\u00f3pia.jpg","articleSection":["Geral"],"inLanguage":"pt-BR","potentialAction":[{"@type":"CommentAction","name":"Comment","target":["https:\/\/ubanews.com\/site\/2018\/03\/28\/ex-comandante-da-pm-do-estado-de-minas-gerais-fala-como-pre-candidato-no-auditorio-do-sindicato-dos-marcineiros\/#respond"]}]},{"@type":"WebPage","@id":"https:\/\/ubanews.com\/site\/2018\/03\/28\/ex-comandante-da-pm-do-estado-de-minas-gerais-fala-como-pre-candidato-no-auditorio-do-sindicato-dos-marcineiros\/","url":"https:\/\/ubanews.com\/site\/2018\/03\/28\/ex-comandante-da-pm-do-estado-de-minas-gerais-fala-como-pre-candidato-no-auditorio-do-sindicato-dos-marcineiros\/","name":"Ex Comandante da PM do Estado de Minas Gerais fala como pr\u00e9 candidato no audit\u00f3rio do Sindicato dos Marcineiros - Ub\u00e1 News","isPartOf":{"@id":"https:\/\/ubanews.com\/site\/#website"},"primaryImageOfPage":{"@id":"https:\/\/ubanews.com\/site\/2018\/03\/28\/ex-comandante-da-pm-do-estado-de-minas-gerais-fala-como-pre-candidato-no-auditorio-do-sindicato-dos-marcineiros\/#primaryimage"},"image":{"@id":"https:\/\/ubanews.com\/site\/2018\/03\/28\/ex-comandante-da-pm-do-estado-de-minas-gerais-fala-como-pre-candidato-no-auditorio-do-sindicato-dos-marcineiros\/#primaryimage"},"thumbnailUrl":"https:\/\/ubanews.com\/site\/wp-content\/uploads\/2018\/03\/DSC_9139-c\u00f3pia.jpg","datePublished":"2018-03-28T09:00:46+00:00","dateModified":"2018-03-31T14:55:35+00:00","breadcrumb":{"@id":"https:\/\/ubanews.com\/site\/2018\/03\/28\/ex-comandante-da-pm-do-estado-de-minas-gerais-fala-como-pre-candidato-no-auditorio-do-sindicato-dos-marcineiros\/#breadcrumb"},"inLanguage":"pt-BR","potentialAction":[{"@type":"ReadAction","target":["https:\/\/ubanews.com\/site\/2018\/03\/28\/ex-comandante-da-pm-do-estado-de-minas-gerais-fala-como-pre-candidato-no-auditorio-do-sindicato-dos-marcineiros\/"]}]},{"@type":"ImageObject","inLanguage":"pt-BR","@id":"https:\/\/ubanews.com\/site\/2018\/03\/28\/ex-comandante-da-pm-do-estado-de-minas-gerais-fala-como-pre-candidato-no-auditorio-do-sindicato-dos-marcineiros\/#primaryimage","url":"https:\/\/ubanews.com\/site\/wp-content\/uploads\/2018\/03\/DSC_9139-c\u00f3pia.jpg","contentUrl":"https:\/\/ubanews.com\/site\/wp-content\/uploads\/2018\/03\/DSC_9139-c\u00f3pia.jpg","width":4928,"height":2953},{"@type":"BreadcrumbList","@id":"https:\/\/ubanews.com\/site\/2018\/03\/28\/ex-comandante-da-pm-do-estado-de-minas-gerais-fala-como-pre-candidato-no-auditorio-do-sindicato-dos-marcineiros\/#breadcrumb","itemListElement":[{"@type":"ListItem","position":1,"name":"Home","item":"https:\/\/ubanews.com\/site\/"},{"@type":"ListItem","position":2,"name":"Ex Comandante da PM do Estado de Minas Gerais fala como pr\u00e9 candidato no audit\u00f3rio do Sindicato dos Marcineiros"}]},{"@type":"WebSite","@id":"https:\/\/ubanews.com\/site\/#website","url":"https:\/\/ubanews.com\/site\/","name":"Ub\u00e1 News","description":"","publisher":{"@id":"https:\/\/ubanews.com\/site\/#organization"},"potentialAction":[{"@type":"SearchAction","target":{"@type":"EntryPoint","urlTemplate":"https:\/\/ubanews.com\/site\/?s={search_term_string}"},"query-input":{"@type":"PropertyValueSpecification","valueRequired":true,"valueName":"search_term_string"}}],"inLanguage":"pt-BR"},{"@type":"Organization","@id":"https:\/\/ubanews.com\/site\/#organization","name":"Ub\u00e1 News","url":"https:\/\/ubanews.com\/site\/","logo":{"@type":"ImageObject","inLanguage":"pt-BR","@id":"https:\/\/ubanews.com\/site\/#\/schema\/logo\/image\/","url":"https:\/\/ubanews.com\/site\/wp-content\/uploads\/2018\/01\/logoubanews.png","contentUrl":"https:\/\/ubanews.com\/site\/wp-content\/uploads\/2018\/01\/logoubanews.png","width":261,"height":99,"caption":"Ub\u00e1 News"},"image":{"@id":"https:\/\/ubanews.com\/site\/#\/schema\/logo\/image\/"},"sameAs":["https:\/\/www.facebook.com\/Ub\u00e1News-Carlos-Roberto-Sodr\u00e9-418778301977370"]},{"@type":"Person","@id":"https:\/\/ubanews.com\/site\/#\/schema\/person\/d90c9e47252fbb63dcc969fe4c8b9d10","name":"Sodr\u00e9","image":{"@type":"ImageObject","inLanguage":"pt-BR","@id":"https:\/\/secure.gravatar.com\/avatar\/5ba2793f0590b9dbfad3fdec4ee714485b3eef211c9b32ee53d414060454a56c?s=96&d=mm&r=g","url":"https:\/\/secure.gravatar.com\/avatar\/5ba2793f0590b9dbfad3fdec4ee714485b3eef211c9b32ee53d414060454a56c?s=96&d=mm&r=g","contentUrl":"https:\/\/secure.gravatar.com\/avatar\/5ba2793f0590b9dbfad3fdec4ee714485b3eef211c9b32ee53d414060454a56c?s=96&d=mm&r=g","caption":"Sodr\u00e9"},"sameAs":["https:\/\/www.facebook.com\/carosroberto.sodre.5\/"],"url":"https:\/\/ubanews.com\/site\/author\/felipe\/"}]}},"_links":{"self":[{"href":"https:\/\/ubanews.com\/site\/wp-json\/wp\/v2\/posts\/1422","targetHints":{"allow":["GET"]}}],"collection":[{"href":"https:\/\/ubanews.com\/site\/wp-json\/wp\/v2\/posts"}],"about":[{"href":"https:\/\/ubanews.com\/site\/wp-json\/wp\/v2\/types\/post"}],"author":[{"embeddable":true,"href":"https:\/\/ubanews.com\/site\/wp-json\/wp\/v2\/users\/2"}],"replies":[{"embeddable":true,"href":"https:\/\/ubanews.com\/site\/wp-json\/wp\/v2\/comments?post=1422"}],"version-history":[{"count":0,"href":"https:\/\/ubanews.com\/site\/wp-json\/wp\/v2\/posts\/1422\/revisions"}],"wp:featuredmedia":[{"embeddable":true,"href":"https:\/\/ubanews.com\/site\/wp-json\/wp\/v2\/media\/1426"}],"wp:attachment":[{"href":"https:\/\/ubanews.com\/site\/wp-json\/wp\/v2\/media?parent=1422"}],"wp:term":[{"taxonomy":"category","embeddable":true,"href":"https:\/\/ubanews.com\/site\/wp-json\/wp\/v2\/categories?post=1422"},{"taxonomy":"post_tag","embeddable":true,"href":"https:\/\/ubanews.com\/site\/wp-json\/wp\/v2\/tags?post=1422"}],"curies":[{"name":"wp","href":"https:\/\/api.w.org\/{rel}","templated":true}]}}