{"id":14169,"date":"2019-11-07T10:18:37","date_gmt":"2019-11-07T13:18:37","guid":{"rendered":"http:\/\/ubanews.com\/site\/?p=14169"},"modified":"2019-11-07T11:35:18","modified_gmt":"2019-11-07T14:35:18","slug":"homem-e-morto-com-dois-tiros-de-arma-de-fogo-no-povoado-boa-vista","status":"publish","type":"post","link":"https:\/\/ubanews.com\/site\/2019\/11\/07\/homem-e-morto-com-dois-tiros-de-arma-de-fogo-no-povoado-boa-vista\/","title":{"rendered":"HOMEM \u00c9 MORTO COM DOIS TIROS DE ARMA DE FOGO NO POVOADO BOA VISTA"},"content":{"rendered":"<p><span style=\"color: #ff0000;\"><strong><a href=\"https:\/\/www.facebook.com\/nao10202231?epa=SEARCH_BOX\" target=\"_blank\" rel=\"noopener\"><img loading=\"lazy\" decoding=\"async\" class=\"alignright wp-image-12632 size-medium\" src=\"https:\/\/ubanews.com\/site\/wp-content\/uploads\/2019\/07\/Logo-Felipe-web-1-300x203.png\" alt=\"\" width=\"300\" height=\"203\" srcset=\"https:\/\/ubanews.com\/site\/wp-content\/uploads\/2019\/07\/Logo-Felipe-web-1-300x203.png 300w, https:\/\/ubanews.com\/site\/wp-content\/uploads\/2019\/07\/Logo-Felipe-web-1-768x521.png 768w, https:\/\/ubanews.com\/site\/wp-content\/uploads\/2019\/07\/Logo-Felipe-web-1-120x80.png 120w, https:\/\/ubanews.com\/site\/wp-content\/uploads\/2019\/07\/Logo-Felipe-web-1.png 900w\" sizes=\"auto, (max-width: 300px) 100vw, 300px\" \/><\/a><\/strong><\/span>A Pol\u00edcia Militar foi acionada na data de ontem, quarta-feira (06), \u00e0s 06h 03min, na Rua Doutor Heitor Peixoto Toledo, Povoado Boa Vista, encontrou uma v\u00edtima 34 anos, ca\u00edda ao solo, sendo constatado pela Per\u00edcia T\u00e9cnica, perfura\u00e7\u00f5es possivelmente provenientes de arma de fogo. Ap\u00f3s os trabalhos de praxe, o corpo foi liberado pela Per\u00edcia, recolhido pela funer\u00e1ria e encaminhado para o IML.<\/p>\n<p>Foram detidos 02 suspeitos, os quais estavam em um ve\u00edculo pelas proximidades do local do crime e estariam acompanhados da v\u00edtima no dia que antecedeu ao fato.<\/p>\n<div><span style=\"font-family: 'Arial','sans-serif';\"><span style=\"font-size: large;\"><b>ASSESSORIA DE COMUNICA\u00c7\u00c3O ORGANIZACIONAL<\/b><\/span><i><b><br \/>\n<\/b><\/i><\/span><\/div>\n<p><span style=\"font-family: 'Arial','sans-serif';\"><i>Vig\u00e9simo Primeiro Batalh\u00e3o de Pol\u00edcia Militar<\/i><\/span><\/p>\n<p><span style=\"color: #ff0000;\"><strong>ATEN\u00c7\u00c3O:&nbsp;<\/strong><em>A Femac realizar\u00e1 nesta quinta feira dia 07\/11 \u00e0s 19:30 horas uma reuni\u00e3o para cria\u00e7\u00e3o da associa\u00e7\u00e3o de Moradores do Solar 1. Ser\u00e1 na Rua principal do bairro. Favor pedir o comparecimento de todos os moradores.<\/em><\/span><\/p>\n<p><a href=\"http:\/\/https:\/\/www.youtube.com\/channel\/UCm0EcguUF8_FXRnrYtA_1qg\" target=\"_blank\" rel=\"noopener\"><img loading=\"lazy\" decoding=\"async\" class=\"alignnone wp-image-8297 size-full\" src=\"https:\/\/ubanews.com\/site\/wp-content\/uploads\/2018\/10\/inscreva-se-no-You-Tube.jpg\" alt=\"\" width=\"800\" height=\"100\" srcset=\"https:\/\/ubanews.com\/site\/wp-content\/uploads\/2018\/10\/inscreva-se-no-You-Tube.jpg 800w, https:\/\/ubanews.com\/site\/wp-content\/uploads\/2018\/10\/inscreva-se-no-You-Tube-300x38.jpg 300w, https:\/\/ubanews.com\/site\/wp-content\/uploads\/2018\/10\/inscreva-se-no-You-Tube-768x96.jpg 768w\" sizes=\"auto, (max-width: 800px) 100vw, 800px\" \/><\/a><\/p>\n<p><strong><span style=\"color: #ff0000;\"><a style=\"color: #ff0000;\" href=\"https:\/\/chat.whatsapp.com\/Klxyu9HT5L47jDrThOvhLV\" target=\"_blank\" rel=\"noopener\">Clique aqui<\/a><\/span><\/strong> para ser membro no grupo de whatsapp e ser notificado sempre quando tiver uma nova not\u00edcia.<\/p>\n","protected":false},"excerpt":{"rendered":"<p>A Pol\u00edcia Militar foi acionada na data de ontem, quarta-feira<\/p>\n","protected":false},"author":2,"featured_media":11194,"comment_status":"open","ping_status":"open","sticky":false,"template":"","format":"standard","meta":{"footnotes":""},"categories":[13],"tags":[],"class_list":["post-14169","post","type-post","status-publish","format-standard","has-post-thumbnail","hentry","category-sintese-das-ocorrencias"],"_links":{"self":[{"href":"https:\/\/ubanews.com\/site\/wp-json\/wp\/v2\/posts\/14169","targetHints":{"allow":["GET"]}}],"collection":[{"href":"https:\/\/ubanews.com\/site\/wp-json\/wp\/v2\/posts"}],"about":[{"href":"https:\/\/ubanews.com\/site\/wp-json\/wp\/v2\/types\/post"}],"author":[{"embeddable":true,"href":"https:\/\/ubanews.com\/site\/wp-json\/wp\/v2\/users\/2"}],"replies":[{"embeddable":true,"href":"https:\/\/ubanews.com\/site\/wp-json\/wp\/v2\/comments?post=14169"}],"version-history":[{"count":0,"href":"https:\/\/ubanews.com\/site\/wp-json\/wp\/v2\/posts\/14169\/revisions"}],"wp:featuredmedia":[{"embeddable":true,"href":"https:\/\/ubanews.com\/site\/wp-json\/wp\/v2\/media\/11194"}],"wp:attachment":[{"href":"https:\/\/ubanews.com\/site\/wp-json\/wp\/v2\/media?parent=14169"}],"wp:term":[{"taxonomy":"category","embeddable":true,"href":"https:\/\/ubanews.com\/site\/wp-json\/wp\/v2\/categories?post=14169"},{"taxonomy":"post_tag","embeddable":true,"href":"https:\/\/ubanews.com\/site\/wp-json\/wp\/v2\/tags?post=14169"}],"curies":[{"name":"wp","href":"https:\/\/api.w.org\/{rel}","templated":true}]}}