{"id":1366,"date":"2018-03-27T14:25:59","date_gmt":"2018-03-27T17:25:59","guid":{"rendered":"http:\/\/ubanews.com\/site\/?p=1366"},"modified":"2018-04-07T22:33:41","modified_gmt":"2018-04-08T01:33:41","slug":"com-a-presenca-de-autoridades-civis-e-militares-colegio-tiradentes-e-inaugurado-em-uba","status":"publish","type":"post","link":"https:\/\/ubanews.com\/site\/2018\/03\/27\/com-a-presenca-de-autoridades-civis-e-militares-colegio-tiradentes-e-inaugurado-em-uba\/","title":{"rendered":"Com a presen\u00e7a de autoridades Civis e Militares Col\u00e9gio Tiradentes \u00e9 inaugurado em Ub\u00e1."},"content":{"rendered":"<p><img decoding=\"async\" class=\"alignnone size-full wp-image-1414 lazyload\" data-src=\"https:\/\/ubanews.com\/site\/wp-content\/uploads\/2018\/03\/DSC_8793-c\u00f3pia.jpg\" alt=\"\" width=\"2480\" height=\"1417\" data-srcset=\"https:\/\/ubanews.com\/site\/wp-content\/uploads\/2018\/03\/DSC_8793-c\u00f3pia.jpg 2480w, https:\/\/ubanews.com\/site\/wp-content\/uploads\/2018\/03\/DSC_8793-c\u00f3pia-300x171.jpg 300w, https:\/\/ubanews.com\/site\/wp-content\/uploads\/2018\/03\/DSC_8793-c\u00f3pia-768x439.jpg 768w, https:\/\/ubanews.com\/site\/wp-content\/uploads\/2018\/03\/DSC_8793-c\u00f3pia-1024x585.jpg 1024w\" data-sizes=\"(max-width: 2480px) 100vw, 2480px\" src=\"data:image\/svg+xml;base64,PHN2ZyB3aWR0aD0iMSIgaGVpZ2h0PSIxIiB4bWxucz0iaHR0cDovL3d3dy53My5vcmcvMjAwMC9zdmciPjwvc3ZnPg==\" style=\"--smush-placeholder-width: 2480px; --smush-placeholder-aspect-ratio: 2480\/1417;\" \/> <img decoding=\"async\" class=\"alignnone size-full wp-image-1416 lazyload\" data-src=\"https:\/\/ubanews.com\/site\/wp-content\/uploads\/2018\/03\/DSC_8799-c\u00f3pia.jpg\" alt=\"\" width=\"4928\" height=\"2953\" data-srcset=\"https:\/\/ubanews.com\/site\/wp-content\/uploads\/2018\/03\/DSC_8799-c\u00f3pia.jpg 4928w, https:\/\/ubanews.com\/site\/wp-content\/uploads\/2018\/03\/DSC_8799-c\u00f3pia-300x180.jpg 300w, https:\/\/ubanews.com\/site\/wp-content\/uploads\/2018\/03\/DSC_8799-c\u00f3pia-768x460.jpg 768w, https:\/\/ubanews.com\/site\/wp-content\/uploads\/2018\/03\/DSC_8799-c\u00f3pia-1024x614.jpg 1024w\" data-sizes=\"(max-width: 4928px) 100vw, 4928px\" src=\"data:image\/svg+xml;base64,PHN2ZyB3aWR0aD0iMSIgaGVpZ2h0PSIxIiB4bWxucz0iaHR0cDovL3d3dy53My5vcmcvMjAwMC9zdmciPjwvc3ZnPg==\" style=\"--smush-placeholder-width: 4928px; --smush-placeholder-aspect-ratio: 4928\/2953;\" \/><img decoding=\"async\" class=\"alignnone size-full wp-image-1384 lazyload\" data-src=\"https:\/\/ubanews.com\/site\/wp-content\/uploads\/2018\/03\/DSC_8833-c\u00f3pia.jpg\" alt=\"\" width=\"2480\" height=\"1417\" data-srcset=\"https:\/\/ubanews.com\/site\/wp-content\/uploads\/2018\/03\/DSC_8833-c\u00f3pia.jpg 2480w, https:\/\/ubanews.com\/site\/wp-content\/uploads\/2018\/03\/DSC_8833-c\u00f3pia-300x171.jpg 300w, https:\/\/ubanews.com\/site\/wp-content\/uploads\/2018\/03\/DSC_8833-c\u00f3pia-768x439.jpg 768w, https:\/\/ubanews.com\/site\/wp-content\/uploads\/2018\/03\/DSC_8833-c\u00f3pia-1024x585.jpg 1024w\" data-sizes=\"(max-width: 2480px) 100vw, 2480px\" src=\"data:image\/svg+xml;base64,PHN2ZyB3aWR0aD0iMSIgaGVpZ2h0PSIxIiB4bWxucz0iaHR0cDovL3d3dy53My5vcmcvMjAwMC9zdmciPjwvc3ZnPg==\" style=\"--smush-placeholder-width: 2480px; --smush-placeholder-aspect-ratio: 2480\/1417;\" \/> <img decoding=\"async\" class=\"alignnone size-full wp-image-1385 lazyload\" data-src=\"https:\/\/ubanews.com\/site\/wp-content\/uploads\/2018\/03\/DSC_8840-c\u00f3pia.jpg\" alt=\"\" width=\"2480\" height=\"1417\" data-srcset=\"https:\/\/ubanews.com\/site\/wp-content\/uploads\/2018\/03\/DSC_8840-c\u00f3pia.jpg 2480w, https:\/\/ubanews.com\/site\/wp-content\/uploads\/2018\/03\/DSC_8840-c\u00f3pia-300x171.jpg 300w, https:\/\/ubanews.com\/site\/wp-content\/uploads\/2018\/03\/DSC_8840-c\u00f3pia-768x439.jpg 768w, https:\/\/ubanews.com\/site\/wp-content\/uploads\/2018\/03\/DSC_8840-c\u00f3pia-1024x585.jpg 1024w\" data-sizes=\"(max-width: 2480px) 100vw, 2480px\" src=\"data:image\/svg+xml;base64,PHN2ZyB3aWR0aD0iMSIgaGVpZ2h0PSIxIiB4bWxucz0iaHR0cDovL3d3dy53My5vcmcvMjAwMC9zdmciPjwvc3ZnPg==\" style=\"--smush-placeholder-width: 2480px; --smush-placeholder-aspect-ratio: 2480\/1417;\" \/> <img decoding=\"async\" class=\"alignnone size-full wp-image-1386 lazyload\" data-src=\"https:\/\/ubanews.com\/site\/wp-content\/uploads\/2018\/03\/DSC_8846-c\u00f3pia.jpg\" alt=\"\" width=\"2480\" height=\"1417\" data-srcset=\"https:\/\/ubanews.com\/site\/wp-content\/uploads\/2018\/03\/DSC_8846-c\u00f3pia.jpg 2480w, https:\/\/ubanews.com\/site\/wp-content\/uploads\/2018\/03\/DSC_8846-c\u00f3pia-300x171.jpg 300w, https:\/\/ubanews.com\/site\/wp-content\/uploads\/2018\/03\/DSC_8846-c\u00f3pia-768x439.jpg 768w, https:\/\/ubanews.com\/site\/wp-content\/uploads\/2018\/03\/DSC_8846-c\u00f3pia-1024x585.jpg 1024w\" data-sizes=\"(max-width: 2480px) 100vw, 2480px\" src=\"data:image\/svg+xml;base64,PHN2ZyB3aWR0aD0iMSIgaGVpZ2h0PSIxIiB4bWxucz0iaHR0cDovL3d3dy53My5vcmcvMjAwMC9zdmciPjwvc3ZnPg==\" style=\"--smush-placeholder-width: 2480px; --smush-placeholder-aspect-ratio: 2480\/1417;\" \/> <img decoding=\"async\" class=\"alignnone size-full wp-image-1387 lazyload\" data-src=\"https:\/\/ubanews.com\/site\/wp-content\/uploads\/2018\/03\/DSC_8855-c\u00f3pia.jpg\" alt=\"\" width=\"2480\" height=\"1417\" data-srcset=\"https:\/\/ubanews.com\/site\/wp-content\/uploads\/2018\/03\/DSC_8855-c\u00f3pia.jpg 2480w, https:\/\/ubanews.com\/site\/wp-content\/uploads\/2018\/03\/DSC_8855-c\u00f3pia-300x171.jpg 300w, https:\/\/ubanews.com\/site\/wp-content\/uploads\/2018\/03\/DSC_8855-c\u00f3pia-768x439.jpg 768w, https:\/\/ubanews.com\/site\/wp-content\/uploads\/2018\/03\/DSC_8855-c\u00f3pia-1024x585.jpg 1024w\" data-sizes=\"(max-width: 2480px) 100vw, 2480px\" src=\"data:image\/svg+xml;base64,PHN2ZyB3aWR0aD0iMSIgaGVpZ2h0PSIxIiB4bWxucz0iaHR0cDovL3d3dy53My5vcmcvMjAwMC9zdmciPjwvc3ZnPg==\" style=\"--smush-placeholder-width: 2480px; --smush-placeholder-aspect-ratio: 2480\/1417;\" \/> <img decoding=\"async\" class=\"alignnone size-full wp-image-1388 lazyload\" data-src=\"https:\/\/ubanews.com\/site\/wp-content\/uploads\/2018\/03\/DSC_8868-c\u00f3pia.jpg\" alt=\"\" width=\"2480\" height=\"1417\" data-srcset=\"https:\/\/ubanews.com\/site\/wp-content\/uploads\/2018\/03\/DSC_8868-c\u00f3pia.jpg 2480w, https:\/\/ubanews.com\/site\/wp-content\/uploads\/2018\/03\/DSC_8868-c\u00f3pia-300x171.jpg 300w, https:\/\/ubanews.com\/site\/wp-content\/uploads\/2018\/03\/DSC_8868-c\u00f3pia-768x439.jpg 768w, https:\/\/ubanews.com\/site\/wp-content\/uploads\/2018\/03\/DSC_8868-c\u00f3pia-1024x585.jpg 1024w\" data-sizes=\"(max-width: 2480px) 100vw, 2480px\" src=\"data:image\/svg+xml;base64,PHN2ZyB3aWR0aD0iMSIgaGVpZ2h0PSIxIiB4bWxucz0iaHR0cDovL3d3dy53My5vcmcvMjAwMC9zdmciPjwvc3ZnPg==\" style=\"--smush-placeholder-width: 2480px; --smush-placeholder-aspect-ratio: 2480\/1417;\" \/> <img decoding=\"async\" class=\"alignnone size-full wp-image-1389 lazyload\" data-src=\"https:\/\/ubanews.com\/site\/wp-content\/uploads\/2018\/03\/DSC_8869-c\u00f3pia.jpg\" alt=\"\" width=\"2480\" height=\"1417\" data-srcset=\"https:\/\/ubanews.com\/site\/wp-content\/uploads\/2018\/03\/DSC_8869-c\u00f3pia.jpg 2480w, https:\/\/ubanews.com\/site\/wp-content\/uploads\/2018\/03\/DSC_8869-c\u00f3pia-300x171.jpg 300w, https:\/\/ubanews.com\/site\/wp-content\/uploads\/2018\/03\/DSC_8869-c\u00f3pia-768x439.jpg 768w, https:\/\/ubanews.com\/site\/wp-content\/uploads\/2018\/03\/DSC_8869-c\u00f3pia-1024x585.jpg 1024w\" data-sizes=\"(max-width: 2480px) 100vw, 2480px\" src=\"data:image\/svg+xml;base64,PHN2ZyB3aWR0aD0iMSIgaGVpZ2h0PSIxIiB4bWxucz0iaHR0cDovL3d3dy53My5vcmcvMjAwMC9zdmciPjwvc3ZnPg==\" style=\"--smush-placeholder-width: 2480px; --smush-placeholder-aspect-ratio: 2480\/1417;\" \/> <img decoding=\"async\" class=\"alignnone size-full wp-image-1390 lazyload\" data-src=\"https:\/\/ubanews.com\/site\/wp-content\/uploads\/2018\/03\/DSC_8877-c\u00f3pia.jpg\" alt=\"\" width=\"4928\" height=\"2953\" data-srcset=\"https:\/\/ubanews.com\/site\/wp-content\/uploads\/2018\/03\/DSC_8877-c\u00f3pia.jpg 4928w, https:\/\/ubanews.com\/site\/wp-content\/uploads\/2018\/03\/DSC_8877-c\u00f3pia-300x180.jpg 300w, https:\/\/ubanews.com\/site\/wp-content\/uploads\/2018\/03\/DSC_8877-c\u00f3pia-768x460.jpg 768w, https:\/\/ubanews.com\/site\/wp-content\/uploads\/2018\/03\/DSC_8877-c\u00f3pia-1024x614.jpg 1024w\" data-sizes=\"(max-width: 4928px) 100vw, 4928px\" src=\"data:image\/svg+xml;base64,PHN2ZyB3aWR0aD0iMSIgaGVpZ2h0PSIxIiB4bWxucz0iaHR0cDovL3d3dy53My5vcmcvMjAwMC9zdmciPjwvc3ZnPg==\" style=\"--smush-placeholder-width: 4928px; --smush-placeholder-aspect-ratio: 4928\/2953;\" \/> <img decoding=\"async\" class=\"alignnone size-full wp-image-1391 lazyload\" data-src=\"https:\/\/ubanews.com\/site\/wp-content\/uploads\/2018\/03\/DSC_8891-c\u00f3pia.jpg\" alt=\"\" width=\"4928\" height=\"2953\" data-srcset=\"https:\/\/ubanews.com\/site\/wp-content\/uploads\/2018\/03\/DSC_8891-c\u00f3pia.jpg 4928w, https:\/\/ubanews.com\/site\/wp-content\/uploads\/2018\/03\/DSC_8891-c\u00f3pia-300x180.jpg 300w, https:\/\/ubanews.com\/site\/wp-content\/uploads\/2018\/03\/DSC_8891-c\u00f3pia-768x460.jpg 768w, https:\/\/ubanews.com\/site\/wp-content\/uploads\/2018\/03\/DSC_8891-c\u00f3pia-1024x614.jpg 1024w\" data-sizes=\"(max-width: 4928px) 100vw, 4928px\" src=\"data:image\/svg+xml;base64,PHN2ZyB3aWR0aD0iMSIgaGVpZ2h0PSIxIiB4bWxucz0iaHR0cDovL3d3dy53My5vcmcvMjAwMC9zdmciPjwvc3ZnPg==\" style=\"--smush-placeholder-width: 4928px; --smush-placeholder-aspect-ratio: 4928\/2953;\" \/> <img decoding=\"async\" class=\"alignnone size-full wp-image-1392 lazyload\" data-src=\"https:\/\/ubanews.com\/site\/wp-content\/uploads\/2018\/03\/DSC_8896-c\u00f3pia.jpg\" alt=\"\" width=\"4928\" height=\"2953\" data-srcset=\"https:\/\/ubanews.com\/site\/wp-content\/uploads\/2018\/03\/DSC_8896-c\u00f3pia.jpg 4928w, https:\/\/ubanews.com\/site\/wp-content\/uploads\/2018\/03\/DSC_8896-c\u00f3pia-300x180.jpg 300w, https:\/\/ubanews.com\/site\/wp-content\/uploads\/2018\/03\/DSC_8896-c\u00f3pia-768x460.jpg 768w, https:\/\/ubanews.com\/site\/wp-content\/uploads\/2018\/03\/DSC_8896-c\u00f3pia-1024x614.jpg 1024w\" data-sizes=\"(max-width: 4928px) 100vw, 4928px\" src=\"data:image\/svg+xml;base64,PHN2ZyB3aWR0aD0iMSIgaGVpZ2h0PSIxIiB4bWxucz0iaHR0cDovL3d3dy53My5vcmcvMjAwMC9zdmciPjwvc3ZnPg==\" style=\"--smush-placeholder-width: 4928px; --smush-placeholder-aspect-ratio: 4928\/2953;\" \/> <img decoding=\"async\" class=\"alignnone size-full wp-image-1393 lazyload\" data-src=\"https:\/\/ubanews.com\/site\/wp-content\/uploads\/2018\/03\/DSC_8899-c\u00f3pia.jpg\" alt=\"\" width=\"4928\" height=\"2953\" data-srcset=\"https:\/\/ubanews.com\/site\/wp-content\/uploads\/2018\/03\/DSC_8899-c\u00f3pia.jpg 4928w, https:\/\/ubanews.com\/site\/wp-content\/uploads\/2018\/03\/DSC_8899-c\u00f3pia-300x180.jpg 300w, https:\/\/ubanews.com\/site\/wp-content\/uploads\/2018\/03\/DSC_8899-c\u00f3pia-768x460.jpg 768w, https:\/\/ubanews.com\/site\/wp-content\/uploads\/2018\/03\/DSC_8899-c\u00f3pia-1024x614.jpg 1024w\" data-sizes=\"(max-width: 4928px) 100vw, 4928px\" src=\"data:image\/svg+xml;base64,PHN2ZyB3aWR0aD0iMSIgaGVpZ2h0PSIxIiB4bWxucz0iaHR0cDovL3d3dy53My5vcmcvMjAwMC9zdmciPjwvc3ZnPg==\" style=\"--smush-placeholder-width: 4928px; --smush-placeholder-aspect-ratio: 4928\/2953;\" \/> <img decoding=\"async\" class=\"alignnone size-full wp-image-1394 lazyload\" data-src=\"https:\/\/ubanews.com\/site\/wp-content\/uploads\/2018\/03\/DSC_8902-c\u00f3pia.jpg\" alt=\"\" width=\"4928\" height=\"2953\" data-srcset=\"https:\/\/ubanews.com\/site\/wp-content\/uploads\/2018\/03\/DSC_8902-c\u00f3pia.jpg 4928w, https:\/\/ubanews.com\/site\/wp-content\/uploads\/2018\/03\/DSC_8902-c\u00f3pia-300x180.jpg 300w, https:\/\/ubanews.com\/site\/wp-content\/uploads\/2018\/03\/DSC_8902-c\u00f3pia-768x460.jpg 768w, https:\/\/ubanews.com\/site\/wp-content\/uploads\/2018\/03\/DSC_8902-c\u00f3pia-1024x614.jpg 1024w\" data-sizes=\"(max-width: 4928px) 100vw, 4928px\" src=\"data:image\/svg+xml;base64,PHN2ZyB3aWR0aD0iMSIgaGVpZ2h0PSIxIiB4bWxucz0iaHR0cDovL3d3dy53My5vcmcvMjAwMC9zdmciPjwvc3ZnPg==\" style=\"--smush-placeholder-width: 4928px; --smush-placeholder-aspect-ratio: 4928\/2953;\" \/> <img decoding=\"async\" class=\"alignnone size-full wp-image-1395 lazyload\" data-src=\"https:\/\/ubanews.com\/site\/wp-content\/uploads\/2018\/03\/DSC_8923-c\u00f3pia.jpg\" alt=\"\" width=\"4928\" height=\"2953\" data-srcset=\"https:\/\/ubanews.com\/site\/wp-content\/uploads\/2018\/03\/DSC_8923-c\u00f3pia.jpg 4928w, https:\/\/ubanews.com\/site\/wp-content\/uploads\/2018\/03\/DSC_8923-c\u00f3pia-300x180.jpg 300w, https:\/\/ubanews.com\/site\/wp-content\/uploads\/2018\/03\/DSC_8923-c\u00f3pia-768x460.jpg 768w, https:\/\/ubanews.com\/site\/wp-content\/uploads\/2018\/03\/DSC_8923-c\u00f3pia-1024x614.jpg 1024w\" data-sizes=\"(max-width: 4928px) 100vw, 4928px\" src=\"data:image\/svg+xml;base64,PHN2ZyB3aWR0aD0iMSIgaGVpZ2h0PSIxIiB4bWxucz0iaHR0cDovL3d3dy53My5vcmcvMjAwMC9zdmciPjwvc3ZnPg==\" style=\"--smush-placeholder-width: 4928px; --smush-placeholder-aspect-ratio: 4928\/2953;\" \/> <img decoding=\"async\" class=\"alignnone size-full wp-image-1396 lazyload\" data-src=\"https:\/\/ubanews.com\/site\/wp-content\/uploads\/2018\/03\/DSC_8929-c\u00f3pia.jpg\" alt=\"\" width=\"4928\" height=\"2953\" data-srcset=\"https:\/\/ubanews.com\/site\/wp-content\/uploads\/2018\/03\/DSC_8929-c\u00f3pia.jpg 4928w, https:\/\/ubanews.com\/site\/wp-content\/uploads\/2018\/03\/DSC_8929-c\u00f3pia-300x180.jpg 300w, https:\/\/ubanews.com\/site\/wp-content\/uploads\/2018\/03\/DSC_8929-c\u00f3pia-768x460.jpg 768w, https:\/\/ubanews.com\/site\/wp-content\/uploads\/2018\/03\/DSC_8929-c\u00f3pia-1024x614.jpg 1024w\" data-sizes=\"(max-width: 4928px) 100vw, 4928px\" src=\"data:image\/svg+xml;base64,PHN2ZyB3aWR0aD0iMSIgaGVpZ2h0PSIxIiB4bWxucz0iaHR0cDovL3d3dy53My5vcmcvMjAwMC9zdmciPjwvc3ZnPg==\" style=\"--smush-placeholder-width: 4928px; --smush-placeholder-aspect-ratio: 4928\/2953;\" \/> <img decoding=\"async\" class=\"alignnone size-full wp-image-1397 lazyload\" data-src=\"https:\/\/ubanews.com\/site\/wp-content\/uploads\/2018\/03\/DSC_8944-c\u00f3pia.jpg\" alt=\"\" width=\"4928\" height=\"2953\" data-srcset=\"https:\/\/ubanews.com\/site\/wp-content\/uploads\/2018\/03\/DSC_8944-c\u00f3pia.jpg 4928w, https:\/\/ubanews.com\/site\/wp-content\/uploads\/2018\/03\/DSC_8944-c\u00f3pia-300x180.jpg 300w, https:\/\/ubanews.com\/site\/wp-content\/uploads\/2018\/03\/DSC_8944-c\u00f3pia-768x460.jpg 768w, https:\/\/ubanews.com\/site\/wp-content\/uploads\/2018\/03\/DSC_8944-c\u00f3pia-1024x614.jpg 1024w\" data-sizes=\"(max-width: 4928px) 100vw, 4928px\" src=\"data:image\/svg+xml;base64,PHN2ZyB3aWR0aD0iMSIgaGVpZ2h0PSIxIiB4bWxucz0iaHR0cDovL3d3dy53My5vcmcvMjAwMC9zdmciPjwvc3ZnPg==\" style=\"--smush-placeholder-width: 4928px; --smush-placeholder-aspect-ratio: 4928\/2953;\" \/> <img decoding=\"async\" class=\"alignnone size-full wp-image-1398 lazyload\" data-src=\"https:\/\/ubanews.com\/site\/wp-content\/uploads\/2018\/03\/DSC_8945-c\u00f3pia.jpg\" alt=\"\" width=\"4928\" height=\"2953\" data-srcset=\"https:\/\/ubanews.com\/site\/wp-content\/uploads\/2018\/03\/DSC_8945-c\u00f3pia.jpg 4928w, https:\/\/ubanews.com\/site\/wp-content\/uploads\/2018\/03\/DSC_8945-c\u00f3pia-300x180.jpg 300w, https:\/\/ubanews.com\/site\/wp-content\/uploads\/2018\/03\/DSC_8945-c\u00f3pia-768x460.jpg 768w, https:\/\/ubanews.com\/site\/wp-content\/uploads\/2018\/03\/DSC_8945-c\u00f3pia-1024x614.jpg 1024w\" data-sizes=\"(max-width: 4928px) 100vw, 4928px\" src=\"data:image\/svg+xml;base64,PHN2ZyB3aWR0aD0iMSIgaGVpZ2h0PSIxIiB4bWxucz0iaHR0cDovL3d3dy53My5vcmcvMjAwMC9zdmciPjwvc3ZnPg==\" style=\"--smush-placeholder-width: 4928px; --smush-placeholder-aspect-ratio: 4928\/2953;\" \/> <img decoding=\"async\" class=\"alignnone size-full wp-image-1399 lazyload\" data-src=\"https:\/\/ubanews.com\/site\/wp-content\/uploads\/2018\/03\/DSC_8948-c\u00f3pia.jpg\" alt=\"\" width=\"4928\" height=\"2953\" data-srcset=\"https:\/\/ubanews.com\/site\/wp-content\/uploads\/2018\/03\/DSC_8948-c\u00f3pia.jpg 4928w, https:\/\/ubanews.com\/site\/wp-content\/uploads\/2018\/03\/DSC_8948-c\u00f3pia-300x180.jpg 300w, https:\/\/ubanews.com\/site\/wp-content\/uploads\/2018\/03\/DSC_8948-c\u00f3pia-768x460.jpg 768w, https:\/\/ubanews.com\/site\/wp-content\/uploads\/2018\/03\/DSC_8948-c\u00f3pia-1024x614.jpg 1024w\" data-sizes=\"(max-width: 4928px) 100vw, 4928px\" src=\"data:image\/svg+xml;base64,PHN2ZyB3aWR0aD0iMSIgaGVpZ2h0PSIxIiB4bWxucz0iaHR0cDovL3d3dy53My5vcmcvMjAwMC9zdmciPjwvc3ZnPg==\" style=\"--smush-placeholder-width: 4928px; --smush-placeholder-aspect-ratio: 4928\/2953;\" \/> <img decoding=\"async\" class=\"alignnone size-full wp-image-1400 lazyload\" data-src=\"https:\/\/ubanews.com\/site\/wp-content\/uploads\/2018\/03\/DSC_8950-c\u00f3pia.jpg\" alt=\"\" width=\"4928\" height=\"2953\" data-srcset=\"https:\/\/ubanews.com\/site\/wp-content\/uploads\/2018\/03\/DSC_8950-c\u00f3pia.jpg 4928w, https:\/\/ubanews.com\/site\/wp-content\/uploads\/2018\/03\/DSC_8950-c\u00f3pia-300x180.jpg 300w, https:\/\/ubanews.com\/site\/wp-content\/uploads\/2018\/03\/DSC_8950-c\u00f3pia-768x460.jpg 768w, https:\/\/ubanews.com\/site\/wp-content\/uploads\/2018\/03\/DSC_8950-c\u00f3pia-1024x614.jpg 1024w\" data-sizes=\"(max-width: 4928px) 100vw, 4928px\" src=\"data:image\/svg+xml;base64,PHN2ZyB3aWR0aD0iMSIgaGVpZ2h0PSIxIiB4bWxucz0iaHR0cDovL3d3dy53My5vcmcvMjAwMC9zdmciPjwvc3ZnPg==\" style=\"--smush-placeholder-width: 4928px; --smush-placeholder-aspect-ratio: 4928\/2953;\" \/> <img decoding=\"async\" class=\"alignnone size-full wp-image-1401 lazyload\" data-src=\"https:\/\/ubanews.com\/site\/wp-content\/uploads\/2018\/03\/DSC_8951-c\u00f3pia.jpg\" alt=\"\" width=\"4928\" height=\"2953\" data-srcset=\"https:\/\/ubanews.com\/site\/wp-content\/uploads\/2018\/03\/DSC_8951-c\u00f3pia.jpg 4928w, https:\/\/ubanews.com\/site\/wp-content\/uploads\/2018\/03\/DSC_8951-c\u00f3pia-300x180.jpg 300w, https:\/\/ubanews.com\/site\/wp-content\/uploads\/2018\/03\/DSC_8951-c\u00f3pia-768x460.jpg 768w, https:\/\/ubanews.com\/site\/wp-content\/uploads\/2018\/03\/DSC_8951-c\u00f3pia-1024x614.jpg 1024w\" data-sizes=\"(max-width: 4928px) 100vw, 4928px\" src=\"data:image\/svg+xml;base64,PHN2ZyB3aWR0aD0iMSIgaGVpZ2h0PSIxIiB4bWxucz0iaHR0cDovL3d3dy53My5vcmcvMjAwMC9zdmciPjwvc3ZnPg==\" style=\"--smush-placeholder-width: 4928px; --smush-placeholder-aspect-ratio: 4928\/2953;\" \/> <img decoding=\"async\" class=\"alignnone size-full wp-image-1402 lazyload\" data-src=\"https:\/\/ubanews.com\/site\/wp-content\/uploads\/2018\/03\/DSC_8957-c\u00f3pia.jpg\" alt=\"\" width=\"4928\" height=\"2953\" data-srcset=\"https:\/\/ubanews.com\/site\/wp-content\/uploads\/2018\/03\/DSC_8957-c\u00f3pia.jpg 4928w, https:\/\/ubanews.com\/site\/wp-content\/uploads\/2018\/03\/DSC_8957-c\u00f3pia-300x180.jpg 300w, https:\/\/ubanews.com\/site\/wp-content\/uploads\/2018\/03\/DSC_8957-c\u00f3pia-768x460.jpg 768w, https:\/\/ubanews.com\/site\/wp-content\/uploads\/2018\/03\/DSC_8957-c\u00f3pia-1024x614.jpg 1024w\" data-sizes=\"(max-width: 4928px) 100vw, 4928px\" src=\"data:image\/svg+xml;base64,PHN2ZyB3aWR0aD0iMSIgaGVpZ2h0PSIxIiB4bWxucz0iaHR0cDovL3d3dy53My5vcmcvMjAwMC9zdmciPjwvc3ZnPg==\" style=\"--smush-placeholder-width: 4928px; --smush-placeholder-aspect-ratio: 4928\/2953;\" \/> <img decoding=\"async\" class=\"alignnone size-full wp-image-1403 lazyload\" data-src=\"https:\/\/ubanews.com\/site\/wp-content\/uploads\/2018\/03\/DSC_8965-c\u00f3pia.jpg\" alt=\"\" width=\"4928\" height=\"2953\" data-srcset=\"https:\/\/ubanews.com\/site\/wp-content\/uploads\/2018\/03\/DSC_8965-c\u00f3pia.jpg 4928w, https:\/\/ubanews.com\/site\/wp-content\/uploads\/2018\/03\/DSC_8965-c\u00f3pia-300x180.jpg 300w, https:\/\/ubanews.com\/site\/wp-content\/uploads\/2018\/03\/DSC_8965-c\u00f3pia-768x460.jpg 768w, https:\/\/ubanews.com\/site\/wp-content\/uploads\/2018\/03\/DSC_8965-c\u00f3pia-1024x614.jpg 1024w\" data-sizes=\"(max-width: 4928px) 100vw, 4928px\" src=\"data:image\/svg+xml;base64,PHN2ZyB3aWR0aD0iMSIgaGVpZ2h0PSIxIiB4bWxucz0iaHR0cDovL3d3dy53My5vcmcvMjAwMC9zdmciPjwvc3ZnPg==\" style=\"--smush-placeholder-width: 4928px; --smush-placeholder-aspect-ratio: 4928\/2953;\" \/> <img decoding=\"async\" class=\"alignnone size-full wp-image-1404 lazyload\" data-src=\"https:\/\/ubanews.com\/site\/wp-content\/uploads\/2018\/03\/DSC_8967-c\u00f3pia.jpg\" alt=\"\" width=\"4928\" height=\"2953\" data-srcset=\"https:\/\/ubanews.com\/site\/wp-content\/uploads\/2018\/03\/DSC_8967-c\u00f3pia.jpg 4928w, https:\/\/ubanews.com\/site\/wp-content\/uploads\/2018\/03\/DSC_8967-c\u00f3pia-300x180.jpg 300w, https:\/\/ubanews.com\/site\/wp-content\/uploads\/2018\/03\/DSC_8967-c\u00f3pia-768x460.jpg 768w, https:\/\/ubanews.com\/site\/wp-content\/uploads\/2018\/03\/DSC_8967-c\u00f3pia-1024x614.jpg 1024w\" data-sizes=\"(max-width: 4928px) 100vw, 4928px\" src=\"data:image\/svg+xml;base64,PHN2ZyB3aWR0aD0iMSIgaGVpZ2h0PSIxIiB4bWxucz0iaHR0cDovL3d3dy53My5vcmcvMjAwMC9zdmciPjwvc3ZnPg==\" style=\"--smush-placeholder-width: 4928px; --smush-placeholder-aspect-ratio: 4928\/2953;\" \/> <img decoding=\"async\" class=\"alignnone size-full wp-image-1405 lazyload\" data-src=\"https:\/\/ubanews.com\/site\/wp-content\/uploads\/2018\/03\/DSC_8981-c\u00f3pia.jpg\" alt=\"\" width=\"4928\" height=\"2953\" data-srcset=\"https:\/\/ubanews.com\/site\/wp-content\/uploads\/2018\/03\/DSC_8981-c\u00f3pia.jpg 4928w, https:\/\/ubanews.com\/site\/wp-content\/uploads\/2018\/03\/DSC_8981-c\u00f3pia-300x180.jpg 300w, https:\/\/ubanews.com\/site\/wp-content\/uploads\/2018\/03\/DSC_8981-c\u00f3pia-768x460.jpg 768w, https:\/\/ubanews.com\/site\/wp-content\/uploads\/2018\/03\/DSC_8981-c\u00f3pia-1024x614.jpg 1024w\" data-sizes=\"(max-width: 4928px) 100vw, 4928px\" src=\"data:image\/svg+xml;base64,PHN2ZyB3aWR0aD0iMSIgaGVpZ2h0PSIxIiB4bWxucz0iaHR0cDovL3d3dy53My5vcmcvMjAwMC9zdmciPjwvc3ZnPg==\" style=\"--smush-placeholder-width: 4928px; --smush-placeholder-aspect-ratio: 4928\/2953;\" \/> <img decoding=\"async\" class=\"alignnone size-full wp-image-1406 lazyload\" data-src=\"https:\/\/ubanews.com\/site\/wp-content\/uploads\/2018\/03\/DSC_8994-c\u00f3pia.jpg\" alt=\"\" width=\"4928\" height=\"2953\" data-srcset=\"https:\/\/ubanews.com\/site\/wp-content\/uploads\/2018\/03\/DSC_8994-c\u00f3pia.jpg 4928w, https:\/\/ubanews.com\/site\/wp-content\/uploads\/2018\/03\/DSC_8994-c\u00f3pia-300x180.jpg 300w, https:\/\/ubanews.com\/site\/wp-content\/uploads\/2018\/03\/DSC_8994-c\u00f3pia-768x460.jpg 768w, https:\/\/ubanews.com\/site\/wp-content\/uploads\/2018\/03\/DSC_8994-c\u00f3pia-1024x614.jpg 1024w\" data-sizes=\"(max-width: 4928px) 100vw, 4928px\" src=\"data:image\/svg+xml;base64,PHN2ZyB3aWR0aD0iMSIgaGVpZ2h0PSIxIiB4bWxucz0iaHR0cDovL3d3dy53My5vcmcvMjAwMC9zdmciPjwvc3ZnPg==\" style=\"--smush-placeholder-width: 4928px; --smush-placeholder-aspect-ratio: 4928\/2953;\" \/> <img decoding=\"async\" class=\"alignnone size-full wp-image-1407 lazyload\" data-src=\"https:\/\/ubanews.com\/site\/wp-content\/uploads\/2018\/03\/DSC_8998-c\u00f3pia.jpg\" alt=\"\" width=\"4928\" height=\"2953\" data-srcset=\"https:\/\/ubanews.com\/site\/wp-content\/uploads\/2018\/03\/DSC_8998-c\u00f3pia.jpg 4928w, https:\/\/ubanews.com\/site\/wp-content\/uploads\/2018\/03\/DSC_8998-c\u00f3pia-300x180.jpg 300w, https:\/\/ubanews.com\/site\/wp-content\/uploads\/2018\/03\/DSC_8998-c\u00f3pia-768x460.jpg 768w, https:\/\/ubanews.com\/site\/wp-content\/uploads\/2018\/03\/DSC_8998-c\u00f3pia-1024x614.jpg 1024w\" data-sizes=\"(max-width: 4928px) 100vw, 4928px\" src=\"data:image\/svg+xml;base64,PHN2ZyB3aWR0aD0iMSIgaGVpZ2h0PSIxIiB4bWxucz0iaHR0cDovL3d3dy53My5vcmcvMjAwMC9zdmciPjwvc3ZnPg==\" style=\"--smush-placeholder-width: 4928px; --smush-placeholder-aspect-ratio: 4928\/2953;\" \/> <img decoding=\"async\" class=\"alignnone size-full wp-image-1408 lazyload\" data-src=\"https:\/\/ubanews.com\/site\/wp-content\/uploads\/2018\/03\/DSC_9009-c\u00f3pia.jpg\" alt=\"\" width=\"4928\" height=\"2953\" data-srcset=\"https:\/\/ubanews.com\/site\/wp-content\/uploads\/2018\/03\/DSC_9009-c\u00f3pia.jpg 4928w, https:\/\/ubanews.com\/site\/wp-content\/uploads\/2018\/03\/DSC_9009-c\u00f3pia-300x180.jpg 300w, https:\/\/ubanews.com\/site\/wp-content\/uploads\/2018\/03\/DSC_9009-c\u00f3pia-768x460.jpg 768w, https:\/\/ubanews.com\/site\/wp-content\/uploads\/2018\/03\/DSC_9009-c\u00f3pia-1024x614.jpg 1024w\" data-sizes=\"(max-width: 4928px) 100vw, 4928px\" src=\"data:image\/svg+xml;base64,PHN2ZyB3aWR0aD0iMSIgaGVpZ2h0PSIxIiB4bWxucz0iaHR0cDovL3d3dy53My5vcmcvMjAwMC9zdmciPjwvc3ZnPg==\" style=\"--smush-placeholder-width: 4928px; --smush-placeholder-aspect-ratio: 4928\/2953;\" \/> <img decoding=\"async\" class=\"alignnone size-full wp-image-1409 lazyload\" data-src=\"https:\/\/ubanews.com\/site\/wp-content\/uploads\/2018\/03\/DSC_9011-c\u00f3pia.jpg\" alt=\"\" width=\"4928\" height=\"2953\" data-srcset=\"https:\/\/ubanews.com\/site\/wp-content\/uploads\/2018\/03\/DSC_9011-c\u00f3pia.jpg 4928w, https:\/\/ubanews.com\/site\/wp-content\/uploads\/2018\/03\/DSC_9011-c\u00f3pia-300x180.jpg 300w, https:\/\/ubanews.com\/site\/wp-content\/uploads\/2018\/03\/DSC_9011-c\u00f3pia-768x460.jpg 768w, https:\/\/ubanews.com\/site\/wp-content\/uploads\/2018\/03\/DSC_9011-c\u00f3pia-1024x614.jpg 1024w\" data-sizes=\"(max-width: 4928px) 100vw, 4928px\" src=\"data:image\/svg+xml;base64,PHN2ZyB3aWR0aD0iMSIgaGVpZ2h0PSIxIiB4bWxucz0iaHR0cDovL3d3dy53My5vcmcvMjAwMC9zdmciPjwvc3ZnPg==\" style=\"--smush-placeholder-width: 4928px; --smush-placeholder-aspect-ratio: 4928\/2953;\" \/> <img decoding=\"async\" class=\"alignnone size-full wp-image-1410 lazyload\" data-src=\"https:\/\/ubanews.com\/site\/wp-content\/uploads\/2018\/03\/DSC_9018-c\u00f3pia.jpg\" alt=\"\" width=\"4928\" height=\"2953\" data-srcset=\"https:\/\/ubanews.com\/site\/wp-content\/uploads\/2018\/03\/DSC_9018-c\u00f3pia.jpg 4928w, https:\/\/ubanews.com\/site\/wp-content\/uploads\/2018\/03\/DSC_9018-c\u00f3pia-300x180.jpg 300w, https:\/\/ubanews.com\/site\/wp-content\/uploads\/2018\/03\/DSC_9018-c\u00f3pia-768x460.jpg 768w, https:\/\/ubanews.com\/site\/wp-content\/uploads\/2018\/03\/DSC_9018-c\u00f3pia-1024x614.jpg 1024w\" data-sizes=\"(max-width: 4928px) 100vw, 4928px\" src=\"data:image\/svg+xml;base64,PHN2ZyB3aWR0aD0iMSIgaGVpZ2h0PSIxIiB4bWxucz0iaHR0cDovL3d3dy53My5vcmcvMjAwMC9zdmciPjwvc3ZnPg==\" style=\"--smush-placeholder-width: 4928px; --smush-placeholder-aspect-ratio: 4928\/2953;\" \/> <img decoding=\"async\" class=\"alignnone size-full wp-image-1411 lazyload\" data-src=\"https:\/\/ubanews.com\/site\/wp-content\/uploads\/2018\/03\/DSC_9026-c\u00f3pia.jpg\" alt=\"\" width=\"4928\" height=\"2953\" data-srcset=\"https:\/\/ubanews.com\/site\/wp-content\/uploads\/2018\/03\/DSC_9026-c\u00f3pia.jpg 4928w, https:\/\/ubanews.com\/site\/wp-content\/uploads\/2018\/03\/DSC_9026-c\u00f3pia-300x180.jpg 300w, https:\/\/ubanews.com\/site\/wp-content\/uploads\/2018\/03\/DSC_9026-c\u00f3pia-768x460.jpg 768w, https:\/\/ubanews.com\/site\/wp-content\/uploads\/2018\/03\/DSC_9026-c\u00f3pia-1024x614.jpg 1024w\" data-sizes=\"(max-width: 4928px) 100vw, 4928px\" src=\"data:image\/svg+xml;base64,PHN2ZyB3aWR0aD0iMSIgaGVpZ2h0PSIxIiB4bWxucz0iaHR0cDovL3d3dy53My5vcmcvMjAwMC9zdmciPjwvc3ZnPg==\" style=\"--smush-placeholder-width: 4928px; --smush-placeholder-aspect-ratio: 4928\/2953;\" \/><\/p>\n<p>&nbsp; &nbsp; &nbsp; &nbsp; &nbsp;Os eventos realizados pela Pol\u00edcia Militar normalmente seguem um regime de acordo com a categoria, r\u00edgido, onde os hor\u00e1rios s\u00e3o respeitados, por\u00e9m nessa data de inaugura\u00e7\u00e3o do Col\u00e9gio Tiradentes aconteceu um atraso consider\u00e1vel, mas com justificativa: o motivo \u00e9 que o senhor Sub-Comandante Geral da Pol\u00edcia Militar do Estado de Minas Gerais Coronel Andr\u00e9 Le\u00e3o veio de Itajub\u00e1, onde teve um compromisso, hoje na parte da manh\u00e3. Assim que chegou, por volta das 11h e 30min, o evento come\u00e7ou em seguida!<\/p>\n<p>&nbsp; &nbsp; &nbsp; &nbsp; &nbsp; Contudo, Autoridades Civis, Militares, Comunidade Escolar e popula\u00e7\u00e3o de modo em geral prestigiaram a cerim\u00f4nia de inaugura\u00e7\u00e3o da unidade.<\/p>\n<p>&nbsp; &nbsp; &nbsp; &nbsp; &nbsp; Para o Diretor Administrativo Capit\u00e3o Ivan Arrighi, os resultados j\u00e1 podem ser notados. Segundo ele, o Col\u00e9gio Tiradentes tem 375 alunos matriculados e ainda quase 800 em lista de espera. Segundo o principal Gestor, para o pr\u00f3ximo ano, os alunos que hoje est\u00e3o no 9\u00ba ano do ensino fundamental permanecer\u00e3o no ensino m\u00e9dio. Ele s\u00f3 n\u00e3o sabe se ser\u00e3o abertas uma, duas, ou mais salas.<\/p>\n","protected":false},"excerpt":{"rendered":"<p>&nbsp; &nbsp; &nbsp; &nbsp; &nbsp;Os eventos realizados pela Pol\u00edcia Militar<\/p>\n","protected":false},"author":2,"featured_media":1412,"comment_status":"open","ping_status":"open","sticky":false,"template":"","format":"standard","meta":{"footnotes":""},"categories":[1],"tags":[],"class_list":["post-1366","post","type-post","status-publish","format-standard","has-post-thumbnail","hentry","category-sem-categoria"],"yoast_head":"<!-- This site is optimized with the Yoast SEO plugin v27.2 - https:\/\/yoast.com\/product\/yoast-seo-wordpress\/ -->\n<title>Com a presen\u00e7a de autoridades Civis e Militares Col\u00e9gio Tiradentes \u00e9 inaugurado em Ub\u00e1. - Ub\u00e1 News<\/title>\n<meta name=\"robots\" content=\"index, follow, max-snippet:-1, max-image-preview:large, max-video-preview:-1\" \/>\n<link rel=\"canonical\" href=\"https:\/\/ubanews.com\/site\/2018\/03\/27\/com-a-presenca-de-autoridades-civis-e-militares-colegio-tiradentes-e-inaugurado-em-uba\/\" \/>\n<meta property=\"og:locale\" content=\"pt_BR\" \/>\n<meta property=\"og:type\" content=\"article\" \/>\n<meta property=\"og:title\" content=\"Com a presen\u00e7a de autoridades Civis e Militares Col\u00e9gio Tiradentes \u00e9 inaugurado em Ub\u00e1. - Ub\u00e1 News\" \/>\n<meta property=\"og:description\" content=\"&nbsp; &nbsp; &nbsp; &nbsp; &nbsp;Os eventos realizados pela Pol\u00edcia Militar\" \/>\n<meta property=\"og:url\" content=\"https:\/\/ubanews.com\/site\/2018\/03\/27\/com-a-presenca-de-autoridades-civis-e-militares-colegio-tiradentes-e-inaugurado-em-uba\/\" \/>\n<meta property=\"og:site_name\" content=\"Ub\u00e1 News\" \/>\n<meta property=\"article:publisher\" content=\"https:\/\/www.facebook.com\/Ub%c3%a1News-Carlos-Roberto-Sodr%c3%a9-418778301977370\" \/>\n<meta property=\"article:author\" content=\"https:\/\/www.facebook.com\/carosroberto.sodre.5\/\" \/>\n<meta property=\"article:published_time\" content=\"2018-03-27T17:25:59+00:00\" \/>\n<meta property=\"article:modified_time\" content=\"2018-04-08T01:33:41+00:00\" \/>\n<meta property=\"og:image\" content=\"https:\/\/ubanews.com\/site\/wp-content\/uploads\/2018\/03\/DSC_89111.jpg\" \/>\n\t<meta property=\"og:image:width\" content=\"4928\" \/>\n\t<meta property=\"og:image:height\" content=\"2953\" \/>\n\t<meta property=\"og:image:type\" content=\"image\/jpeg\" \/>\n<meta name=\"author\" content=\"Sodr\u00e9\" \/>\n<meta name=\"twitter:card\" content=\"summary_large_image\" \/>\n<meta name=\"twitter:label1\" content=\"Escrito por\" \/>\n\t<meta name=\"twitter:data1\" content=\"Sodr\u00e9\" \/>\n\t<meta name=\"twitter:label2\" content=\"Est. tempo de leitura\" \/>\n\t<meta name=\"twitter:data2\" content=\"1 minuto\" \/>\n<script type=\"application\/ld+json\" class=\"yoast-schema-graph\">{\"@context\":\"https:\/\/schema.org\",\"@graph\":[{\"@type\":\"Article\",\"@id\":\"https:\/\/ubanews.com\/site\/2018\/03\/27\/com-a-presenca-de-autoridades-civis-e-militares-colegio-tiradentes-e-inaugurado-em-uba\/#article\",\"isPartOf\":{\"@id\":\"https:\/\/ubanews.com\/site\/2018\/03\/27\/com-a-presenca-de-autoridades-civis-e-militares-colegio-tiradentes-e-inaugurado-em-uba\/\"},\"author\":{\"name\":\"Sodr\u00e9\",\"@id\":\"https:\/\/ubanews.com\/site\/#\/schema\/person\/d90c9e47252fbb63dcc969fe4c8b9d10\"},\"headline\":\"Com a presen\u00e7a de autoridades Civis e Militares Col\u00e9gio Tiradentes \u00e9 inaugurado em Ub\u00e1.\",\"datePublished\":\"2018-03-27T17:25:59+00:00\",\"dateModified\":\"2018-04-08T01:33:41+00:00\",\"mainEntityOfPage\":{\"@id\":\"https:\/\/ubanews.com\/site\/2018\/03\/27\/com-a-presenca-de-autoridades-civis-e-militares-colegio-tiradentes-e-inaugurado-em-uba\/\"},\"wordCount\":213,\"commentCount\":0,\"publisher\":{\"@id\":\"https:\/\/ubanews.com\/site\/#organization\"},\"image\":{\"@id\":\"https:\/\/ubanews.com\/site\/2018\/03\/27\/com-a-presenca-de-autoridades-civis-e-militares-colegio-tiradentes-e-inaugurado-em-uba\/#primaryimage\"},\"thumbnailUrl\":\"https:\/\/ubanews.com\/site\/wp-content\/uploads\/2018\/03\/DSC_89111.jpg\",\"articleSection\":[\"Geral\"],\"inLanguage\":\"pt-BR\",\"potentialAction\":[{\"@type\":\"CommentAction\",\"name\":\"Comment\",\"target\":[\"https:\/\/ubanews.com\/site\/2018\/03\/27\/com-a-presenca-de-autoridades-civis-e-militares-colegio-tiradentes-e-inaugurado-em-uba\/#respond\"]}]},{\"@type\":\"WebPage\",\"@id\":\"https:\/\/ubanews.com\/site\/2018\/03\/27\/com-a-presenca-de-autoridades-civis-e-militares-colegio-tiradentes-e-inaugurado-em-uba\/\",\"url\":\"https:\/\/ubanews.com\/site\/2018\/03\/27\/com-a-presenca-de-autoridades-civis-e-militares-colegio-tiradentes-e-inaugurado-em-uba\/\",\"name\":\"Com a presen\u00e7a de autoridades Civis e Militares Col\u00e9gio Tiradentes \u00e9 inaugurado em Ub\u00e1. - Ub\u00e1 News\",\"isPartOf\":{\"@id\":\"https:\/\/ubanews.com\/site\/#website\"},\"primaryImageOfPage\":{\"@id\":\"https:\/\/ubanews.com\/site\/2018\/03\/27\/com-a-presenca-de-autoridades-civis-e-militares-colegio-tiradentes-e-inaugurado-em-uba\/#primaryimage\"},\"image\":{\"@id\":\"https:\/\/ubanews.com\/site\/2018\/03\/27\/com-a-presenca-de-autoridades-civis-e-militares-colegio-tiradentes-e-inaugurado-em-uba\/#primaryimage\"},\"thumbnailUrl\":\"https:\/\/ubanews.com\/site\/wp-content\/uploads\/2018\/03\/DSC_89111.jpg\",\"datePublished\":\"2018-03-27T17:25:59+00:00\",\"dateModified\":\"2018-04-08T01:33:41+00:00\",\"breadcrumb\":{\"@id\":\"https:\/\/ubanews.com\/site\/2018\/03\/27\/com-a-presenca-de-autoridades-civis-e-militares-colegio-tiradentes-e-inaugurado-em-uba\/#breadcrumb\"},\"inLanguage\":\"pt-BR\",\"potentialAction\":[{\"@type\":\"ReadAction\",\"target\":[\"https:\/\/ubanews.com\/site\/2018\/03\/27\/com-a-presenca-de-autoridades-civis-e-militares-colegio-tiradentes-e-inaugurado-em-uba\/\"]}]},{\"@type\":\"ImageObject\",\"inLanguage\":\"pt-BR\",\"@id\":\"https:\/\/ubanews.com\/site\/2018\/03\/27\/com-a-presenca-de-autoridades-civis-e-militares-colegio-tiradentes-e-inaugurado-em-uba\/#primaryimage\",\"url\":\"https:\/\/ubanews.com\/site\/wp-content\/uploads\/2018\/03\/DSC_89111.jpg\",\"contentUrl\":\"https:\/\/ubanews.com\/site\/wp-content\/uploads\/2018\/03\/DSC_89111.jpg\",\"width\":4928,\"height\":2953},{\"@type\":\"BreadcrumbList\",\"@id\":\"https:\/\/ubanews.com\/site\/2018\/03\/27\/com-a-presenca-de-autoridades-civis-e-militares-colegio-tiradentes-e-inaugurado-em-uba\/#breadcrumb\",\"itemListElement\":[{\"@type\":\"ListItem\",\"position\":1,\"name\":\"Home\",\"item\":\"https:\/\/ubanews.com\/site\/\"},{\"@type\":\"ListItem\",\"position\":2,\"name\":\"Com a presen\u00e7a de autoridades Civis e Militares Col\u00e9gio Tiradentes \u00e9 inaugurado em Ub\u00e1.\"}]},{\"@type\":\"WebSite\",\"@id\":\"https:\/\/ubanews.com\/site\/#website\",\"url\":\"https:\/\/ubanews.com\/site\/\",\"name\":\"Ub\u00e1 News\",\"description\":\"\",\"publisher\":{\"@id\":\"https:\/\/ubanews.com\/site\/#organization\"},\"potentialAction\":[{\"@type\":\"SearchAction\",\"target\":{\"@type\":\"EntryPoint\",\"urlTemplate\":\"https:\/\/ubanews.com\/site\/?s={search_term_string}\"},\"query-input\":{\"@type\":\"PropertyValueSpecification\",\"valueRequired\":true,\"valueName\":\"search_term_string\"}}],\"inLanguage\":\"pt-BR\"},{\"@type\":\"Organization\",\"@id\":\"https:\/\/ubanews.com\/site\/#organization\",\"name\":\"Ub\u00e1 News\",\"url\":\"https:\/\/ubanews.com\/site\/\",\"logo\":{\"@type\":\"ImageObject\",\"inLanguage\":\"pt-BR\",\"@id\":\"https:\/\/ubanews.com\/site\/#\/schema\/logo\/image\/\",\"url\":\"https:\/\/ubanews.com\/site\/wp-content\/uploads\/2018\/01\/logoubanews.png\",\"contentUrl\":\"https:\/\/ubanews.com\/site\/wp-content\/uploads\/2018\/01\/logoubanews.png\",\"width\":261,\"height\":99,\"caption\":\"Ub\u00e1 News\"},\"image\":{\"@id\":\"https:\/\/ubanews.com\/site\/#\/schema\/logo\/image\/\"},\"sameAs\":[\"https:\/\/www.facebook.com\/Ub\u00e1News-Carlos-Roberto-Sodr\u00e9-418778301977370\"]},{\"@type\":\"Person\",\"@id\":\"https:\/\/ubanews.com\/site\/#\/schema\/person\/d90c9e47252fbb63dcc969fe4c8b9d10\",\"name\":\"Sodr\u00e9\",\"image\":{\"@type\":\"ImageObject\",\"inLanguage\":\"pt-BR\",\"@id\":\"https:\/\/secure.gravatar.com\/avatar\/5ba2793f0590b9dbfad3fdec4ee714485b3eef211c9b32ee53d414060454a56c?s=96&d=mm&r=g\",\"url\":\"https:\/\/secure.gravatar.com\/avatar\/5ba2793f0590b9dbfad3fdec4ee714485b3eef211c9b32ee53d414060454a56c?s=96&d=mm&r=g\",\"contentUrl\":\"https:\/\/secure.gravatar.com\/avatar\/5ba2793f0590b9dbfad3fdec4ee714485b3eef211c9b32ee53d414060454a56c?s=96&d=mm&r=g\",\"caption\":\"Sodr\u00e9\"},\"sameAs\":[\"https:\/\/www.facebook.com\/carosroberto.sodre.5\/\"],\"url\":\"https:\/\/ubanews.com\/site\/author\/felipe\/\"}]}<\/script>\n<!-- \/ Yoast SEO plugin. -->","yoast_head_json":{"title":"Com a presen\u00e7a de autoridades Civis e Militares Col\u00e9gio Tiradentes \u00e9 inaugurado em Ub\u00e1. - Ub\u00e1 News","robots":{"index":"index","follow":"follow","max-snippet":"max-snippet:-1","max-image-preview":"max-image-preview:large","max-video-preview":"max-video-preview:-1"},"canonical":"https:\/\/ubanews.com\/site\/2018\/03\/27\/com-a-presenca-de-autoridades-civis-e-militares-colegio-tiradentes-e-inaugurado-em-uba\/","og_locale":"pt_BR","og_type":"article","og_title":"Com a presen\u00e7a de autoridades Civis e Militares Col\u00e9gio Tiradentes \u00e9 inaugurado em Ub\u00e1. - Ub\u00e1 News","og_description":"&nbsp; &nbsp; &nbsp; &nbsp; &nbsp;Os eventos realizados pela Pol\u00edcia Militar","og_url":"https:\/\/ubanews.com\/site\/2018\/03\/27\/com-a-presenca-de-autoridades-civis-e-militares-colegio-tiradentes-e-inaugurado-em-uba\/","og_site_name":"Ub\u00e1 News","article_publisher":"https:\/\/www.facebook.com\/Ub%c3%a1News-Carlos-Roberto-Sodr%c3%a9-418778301977370","article_author":"https:\/\/www.facebook.com\/carosroberto.sodre.5\/","article_published_time":"2018-03-27T17:25:59+00:00","article_modified_time":"2018-04-08T01:33:41+00:00","og_image":[{"width":4928,"height":2953,"url":"https:\/\/ubanews.com\/site\/wp-content\/uploads\/2018\/03\/DSC_89111.jpg","type":"image\/jpeg"}],"author":"Sodr\u00e9","twitter_card":"summary_large_image","twitter_misc":{"Escrito por":"Sodr\u00e9","Est. tempo de leitura":"1 minuto"},"schema":{"@context":"https:\/\/schema.org","@graph":[{"@type":"Article","@id":"https:\/\/ubanews.com\/site\/2018\/03\/27\/com-a-presenca-de-autoridades-civis-e-militares-colegio-tiradentes-e-inaugurado-em-uba\/#article","isPartOf":{"@id":"https:\/\/ubanews.com\/site\/2018\/03\/27\/com-a-presenca-de-autoridades-civis-e-militares-colegio-tiradentes-e-inaugurado-em-uba\/"},"author":{"name":"Sodr\u00e9","@id":"https:\/\/ubanews.com\/site\/#\/schema\/person\/d90c9e47252fbb63dcc969fe4c8b9d10"},"headline":"Com a presen\u00e7a de autoridades Civis e Militares Col\u00e9gio Tiradentes \u00e9 inaugurado em Ub\u00e1.","datePublished":"2018-03-27T17:25:59+00:00","dateModified":"2018-04-08T01:33:41+00:00","mainEntityOfPage":{"@id":"https:\/\/ubanews.com\/site\/2018\/03\/27\/com-a-presenca-de-autoridades-civis-e-militares-colegio-tiradentes-e-inaugurado-em-uba\/"},"wordCount":213,"commentCount":0,"publisher":{"@id":"https:\/\/ubanews.com\/site\/#organization"},"image":{"@id":"https:\/\/ubanews.com\/site\/2018\/03\/27\/com-a-presenca-de-autoridades-civis-e-militares-colegio-tiradentes-e-inaugurado-em-uba\/#primaryimage"},"thumbnailUrl":"https:\/\/ubanews.com\/site\/wp-content\/uploads\/2018\/03\/DSC_89111.jpg","articleSection":["Geral"],"inLanguage":"pt-BR","potentialAction":[{"@type":"CommentAction","name":"Comment","target":["https:\/\/ubanews.com\/site\/2018\/03\/27\/com-a-presenca-de-autoridades-civis-e-militares-colegio-tiradentes-e-inaugurado-em-uba\/#respond"]}]},{"@type":"WebPage","@id":"https:\/\/ubanews.com\/site\/2018\/03\/27\/com-a-presenca-de-autoridades-civis-e-militares-colegio-tiradentes-e-inaugurado-em-uba\/","url":"https:\/\/ubanews.com\/site\/2018\/03\/27\/com-a-presenca-de-autoridades-civis-e-militares-colegio-tiradentes-e-inaugurado-em-uba\/","name":"Com a presen\u00e7a de autoridades Civis e Militares Col\u00e9gio Tiradentes \u00e9 inaugurado em Ub\u00e1. - Ub\u00e1 News","isPartOf":{"@id":"https:\/\/ubanews.com\/site\/#website"},"primaryImageOfPage":{"@id":"https:\/\/ubanews.com\/site\/2018\/03\/27\/com-a-presenca-de-autoridades-civis-e-militares-colegio-tiradentes-e-inaugurado-em-uba\/#primaryimage"},"image":{"@id":"https:\/\/ubanews.com\/site\/2018\/03\/27\/com-a-presenca-de-autoridades-civis-e-militares-colegio-tiradentes-e-inaugurado-em-uba\/#primaryimage"},"thumbnailUrl":"https:\/\/ubanews.com\/site\/wp-content\/uploads\/2018\/03\/DSC_89111.jpg","datePublished":"2018-03-27T17:25:59+00:00","dateModified":"2018-04-08T01:33:41+00:00","breadcrumb":{"@id":"https:\/\/ubanews.com\/site\/2018\/03\/27\/com-a-presenca-de-autoridades-civis-e-militares-colegio-tiradentes-e-inaugurado-em-uba\/#breadcrumb"},"inLanguage":"pt-BR","potentialAction":[{"@type":"ReadAction","target":["https:\/\/ubanews.com\/site\/2018\/03\/27\/com-a-presenca-de-autoridades-civis-e-militares-colegio-tiradentes-e-inaugurado-em-uba\/"]}]},{"@type":"ImageObject","inLanguage":"pt-BR","@id":"https:\/\/ubanews.com\/site\/2018\/03\/27\/com-a-presenca-de-autoridades-civis-e-militares-colegio-tiradentes-e-inaugurado-em-uba\/#primaryimage","url":"https:\/\/ubanews.com\/site\/wp-content\/uploads\/2018\/03\/DSC_89111.jpg","contentUrl":"https:\/\/ubanews.com\/site\/wp-content\/uploads\/2018\/03\/DSC_89111.jpg","width":4928,"height":2953},{"@type":"BreadcrumbList","@id":"https:\/\/ubanews.com\/site\/2018\/03\/27\/com-a-presenca-de-autoridades-civis-e-militares-colegio-tiradentes-e-inaugurado-em-uba\/#breadcrumb","itemListElement":[{"@type":"ListItem","position":1,"name":"Home","item":"https:\/\/ubanews.com\/site\/"},{"@type":"ListItem","position":2,"name":"Com a presen\u00e7a de autoridades Civis e Militares Col\u00e9gio Tiradentes \u00e9 inaugurado em Ub\u00e1."}]},{"@type":"WebSite","@id":"https:\/\/ubanews.com\/site\/#website","url":"https:\/\/ubanews.com\/site\/","name":"Ub\u00e1 News","description":"","publisher":{"@id":"https:\/\/ubanews.com\/site\/#organization"},"potentialAction":[{"@type":"SearchAction","target":{"@type":"EntryPoint","urlTemplate":"https:\/\/ubanews.com\/site\/?s={search_term_string}"},"query-input":{"@type":"PropertyValueSpecification","valueRequired":true,"valueName":"search_term_string"}}],"inLanguage":"pt-BR"},{"@type":"Organization","@id":"https:\/\/ubanews.com\/site\/#organization","name":"Ub\u00e1 News","url":"https:\/\/ubanews.com\/site\/","logo":{"@type":"ImageObject","inLanguage":"pt-BR","@id":"https:\/\/ubanews.com\/site\/#\/schema\/logo\/image\/","url":"https:\/\/ubanews.com\/site\/wp-content\/uploads\/2018\/01\/logoubanews.png","contentUrl":"https:\/\/ubanews.com\/site\/wp-content\/uploads\/2018\/01\/logoubanews.png","width":261,"height":99,"caption":"Ub\u00e1 News"},"image":{"@id":"https:\/\/ubanews.com\/site\/#\/schema\/logo\/image\/"},"sameAs":["https:\/\/www.facebook.com\/Ub\u00e1News-Carlos-Roberto-Sodr\u00e9-418778301977370"]},{"@type":"Person","@id":"https:\/\/ubanews.com\/site\/#\/schema\/person\/d90c9e47252fbb63dcc969fe4c8b9d10","name":"Sodr\u00e9","image":{"@type":"ImageObject","inLanguage":"pt-BR","@id":"https:\/\/secure.gravatar.com\/avatar\/5ba2793f0590b9dbfad3fdec4ee714485b3eef211c9b32ee53d414060454a56c?s=96&d=mm&r=g","url":"https:\/\/secure.gravatar.com\/avatar\/5ba2793f0590b9dbfad3fdec4ee714485b3eef211c9b32ee53d414060454a56c?s=96&d=mm&r=g","contentUrl":"https:\/\/secure.gravatar.com\/avatar\/5ba2793f0590b9dbfad3fdec4ee714485b3eef211c9b32ee53d414060454a56c?s=96&d=mm&r=g","caption":"Sodr\u00e9"},"sameAs":["https:\/\/www.facebook.com\/carosroberto.sodre.5\/"],"url":"https:\/\/ubanews.com\/site\/author\/felipe\/"}]}},"_links":{"self":[{"href":"https:\/\/ubanews.com\/site\/wp-json\/wp\/v2\/posts\/1366","targetHints":{"allow":["GET"]}}],"collection":[{"href":"https:\/\/ubanews.com\/site\/wp-json\/wp\/v2\/posts"}],"about":[{"href":"https:\/\/ubanews.com\/site\/wp-json\/wp\/v2\/types\/post"}],"author":[{"embeddable":true,"href":"https:\/\/ubanews.com\/site\/wp-json\/wp\/v2\/users\/2"}],"replies":[{"embeddable":true,"href":"https:\/\/ubanews.com\/site\/wp-json\/wp\/v2\/comments?post=1366"}],"version-history":[{"count":0,"href":"https:\/\/ubanews.com\/site\/wp-json\/wp\/v2\/posts\/1366\/revisions"}],"wp:featuredmedia":[{"embeddable":true,"href":"https:\/\/ubanews.com\/site\/wp-json\/wp\/v2\/media\/1412"}],"wp:attachment":[{"href":"https:\/\/ubanews.com\/site\/wp-json\/wp\/v2\/media?parent=1366"}],"wp:term":[{"taxonomy":"category","embeddable":true,"href":"https:\/\/ubanews.com\/site\/wp-json\/wp\/v2\/categories?post=1366"},{"taxonomy":"post_tag","embeddable":true,"href":"https:\/\/ubanews.com\/site\/wp-json\/wp\/v2\/tags?post=1366"}],"curies":[{"name":"wp","href":"https:\/\/api.w.org\/{rel}","templated":true}]}}