{"id":13513,"date":"2019-09-02T18:29:31","date_gmt":"2019-09-02T21:29:31","guid":{"rendered":"http:\/\/ubanews.com\/site\/?p=13513"},"modified":"2019-09-02T18:29:31","modified_gmt":"2019-09-02T21:29:31","slug":"faculdade-presidente-antonio-carlos-promove-a-decima-quinta-jornada-juridica","status":"publish","type":"post","link":"https:\/\/ubanews.com\/site\/2019\/09\/02\/faculdade-presidente-antonio-carlos-promove-a-decima-quinta-jornada-juridica\/","title":{"rendered":"FACULDADE PRESIDENTE ANT\u00d4NIO CARLOS PROMOVE A D\u00c9CIMA QUINTA JORNADA JUR\u00cdDICA"},"content":{"rendered":"<p><strong><span style=\"font-size: 1.0625rem;\"><a href=\"https:\/\/www.facebook.com\/nao10202231?epa=SEARCH_BOX\" target=\"_blank\" rel=\"noopener\"><img loading=\"lazy\" decoding=\"async\" class=\"alignright wp-image-12632 size-medium\" src=\"https:\/\/ubanews.com\/site\/wp-content\/uploads\/2019\/07\/Logo-Felipe-web-1-300x203.png\" alt=\"\" width=\"300\" height=\"203\" srcset=\"https:\/\/ubanews.com\/site\/wp-content\/uploads\/2019\/07\/Logo-Felipe-web-1-300x203.png 300w, https:\/\/ubanews.com\/site\/wp-content\/uploads\/2019\/07\/Logo-Felipe-web-1-768x521.png 768w, https:\/\/ubanews.com\/site\/wp-content\/uploads\/2019\/07\/Logo-Felipe-web-1-120x80.png 120w, https:\/\/ubanews.com\/site\/wp-content\/uploads\/2019\/07\/Logo-Felipe-web-1.png 900w\" sizes=\"auto, (max-width: 300px) 100vw, 300px\" \/><\/a><\/span><\/strong>A&nbsp;XV Jornada Jur\u00eddica da FUPAC\/Ub\u00e1&nbsp;aconteceu entre&nbsp;26 a 30 de agosto, no Audit\u00f3rio Professor Bonif\u00e1cio Andrada, com in\u00edcio \u00e0s 19h e contou com a participa\u00e7\u00e3o dos palestrantes:&nbsp;<\/p>\n<p>26\/08\/2019 Segunda-feira: O Dr. Bruno Stigert (Professor Universit\u00e1rio), ministrou a palestra &#8211; A Luta Pelos Direitos Fundamentais em Tempos de Crise: as demandas estruturantes como trunfo!<\/p>\n<p>O Dr. Gr\u00e9gore Moreira de Moura&nbsp;(Procurador Federal), ministrou a palestra &#8211; Direito Constitucional Fraterno!<\/p>\n<p>27\/08\/2019 Ter\u00e7a-feira: O Dr. Jo\u00e3o Fernando Louren\u00e7o (Presidente da Subse\u00e7\u00e3o de Juiz de Fora OAB\/MG, Advogado e Professor Universit\u00e1rio), ministrou a palestra \u2013&nbsp;A Reforma Trabalhista e Suas Consequ\u00eancias!<\/p>\n<p>O Dr. Raimundo C\u00e2ndido Neto (Diretor de Apoio \u00e0s Subse\u00e7\u00f5es e Comunica\u00e7\u00e3o OAB\/MG, Advogado e Professor Universit\u00e1rio),&nbsp;ministrou a palestra &#8211; Panorama do Direito Eleitoral Brasileiro!<\/p>\n<p>28\/08\/2019 Quarta-feira: O Dr. Jo\u00e3o Carneiro Duarte Neto (Juiz de Direito), ministrou a palestra \u2013 Corrup\u00e7\u00e3o Sist\u00eamica e Direito Penal!<\/p>\n<p>29\/08\/2019 Quinta-feira: O Dr. Irlan Melo&nbsp;(Vereador relator da CPI das Barragens na C\u00e2mara Municipal de Belo Horizonte, Advogado e Professor Universit\u00e1rio), ministrou a palestra \u2013&nbsp;Barragens de Rejeito: Caso Brumadinho!<\/p>\n<p>Dr. Andr\u00e9 Luiz de Freitas (Delegado da Pol\u00edcia Civil de MG), ministrou a palestra \u2013 Mudan\u00e7as Inclu\u00eddas Pela Lei 13.546\/2017 no CTB: A Influ\u00eancia do \u00c1lcool nos Crimes de Les\u00e3o Corporal e Homic\u00eddio Culposo no Tr\u00e2nsito\u2019.<\/p>\n<p>30\/08\/2019 sexta-feira<\/p>\n<p>Apresenta\u00e7\u00e3o de Trabalhos de estudantes de gradua\u00e7\u00e3o e ex-alunos da FUPAC\/Ub\u00e1.<\/p>\n<p>O evento foi voltado aos acad\u00eamicos e aos profissionais da \u00e1rea do Direito,&nbsp;contou com a presen\u00e7a, do Dr. Bruno Guerra de Oliveira, Promotor de Justi\u00e7a, Dr. Vinicius Batista Sor\u00e2n\u00e7o, Delegado da Pol\u00edcia Civil de MG, da Advogada Dra. Daiana Luz, representante da Comiss\u00e3o Estadual de Direitos Humanos OAB\/MG, da Coordenadora do Curso de Direito,&nbsp;Patr\u00edcia Mattos Amato Rodrigues e de v\u00e1rios Professores da Institui\u00e7\u00e3o.<\/p>\n<p>O Portal Ub\u00e1 News conversou com o vereador da C\u00e2mara Municipal de Belo Horizonte, relator da CPI das Barragens no caso de Brumadinho.<\/p>\n<p><iframe loading=\"lazy\" src=\"https:\/\/www.youtube.com\/embed\/q3e60HTo5ws\" width=\"560\" height=\"315\" frameborder=\"0\" allowfullscreen=\"allowfullscreen\"><\/iframe>&nbsp;<\/p>\n","protected":false},"excerpt":{"rendered":"<p>A&nbsp;XV Jornada Jur\u00eddica da FUPAC\/Ub\u00e1&nbsp;aconteceu entre&nbsp;26 a 30 de agosto,<\/p>\n","protected":false},"author":2,"featured_media":13514,"comment_status":"open","ping_status":"open","sticky":false,"template":"","format":"standard","meta":{"footnotes":""},"categories":[1],"tags":[],"class_list":["post-13513","post","type-post","status-publish","format-standard","has-post-thumbnail","hentry","category-sem-categoria"],"_links":{"self":[{"href":"https:\/\/ubanews.com\/site\/wp-json\/wp\/v2\/posts\/13513","targetHints":{"allow":["GET"]}}],"collection":[{"href":"https:\/\/ubanews.com\/site\/wp-json\/wp\/v2\/posts"}],"about":[{"href":"https:\/\/ubanews.com\/site\/wp-json\/wp\/v2\/types\/post"}],"author":[{"embeddable":true,"href":"https:\/\/ubanews.com\/site\/wp-json\/wp\/v2\/users\/2"}],"replies":[{"embeddable":true,"href":"https:\/\/ubanews.com\/site\/wp-json\/wp\/v2\/comments?post=13513"}],"version-history":[{"count":0,"href":"https:\/\/ubanews.com\/site\/wp-json\/wp\/v2\/posts\/13513\/revisions"}],"wp:featuredmedia":[{"embeddable":true,"href":"https:\/\/ubanews.com\/site\/wp-json\/wp\/v2\/media\/13514"}],"wp:attachment":[{"href":"https:\/\/ubanews.com\/site\/wp-json\/wp\/v2\/media?parent=13513"}],"wp:term":[{"taxonomy":"category","embeddable":true,"href":"https:\/\/ubanews.com\/site\/wp-json\/wp\/v2\/categories?post=13513"},{"taxonomy":"post_tag","embeddable":true,"href":"https:\/\/ubanews.com\/site\/wp-json\/wp\/v2\/tags?post=13513"}],"curies":[{"name":"wp","href":"https:\/\/api.w.org\/{rel}","templated":true}]}}