{"id":13507,"date":"2019-09-02T10:58:10","date_gmt":"2019-09-02T13:58:10","guid":{"rendered":"http:\/\/ubanews.com\/site\/?p=13507"},"modified":"2019-09-02T11:00:35","modified_gmt":"2019-09-02T14:00:35","slug":"policia-militar-prende-tres-autores-por-trafico-de-drogas-em-festividade-na-cidade-de-dores-do-turvo","status":"publish","type":"post","link":"https:\/\/ubanews.com\/site\/2019\/09\/02\/policia-militar-prende-tres-autores-por-trafico-de-drogas-em-festividade-na-cidade-de-dores-do-turvo\/","title":{"rendered":"POL\u00cdCIA MILITAR PRENDE TR\u00caS AUTORES POR TR\u00c1FICO DE DROGAS EM FESTIVIDADE NA CIDADE DE DORES DO TURVO"},"content":{"rendered":"<p><span style=\"font-size: 1.0625rem;\"><a href=\"https:\/\/www.facebook.com\/nao10202231?epa=SEARCH_BOX\" target=\"_blank\" rel=\"noopener\"><img loading=\"lazy\" decoding=\"async\" class=\"alignright wp-image-12632 size-medium\" src=\"https:\/\/ubanews.com\/site\/wp-content\/uploads\/2019\/07\/Logo-Felipe-web-1-300x203.png\" alt=\"\" width=\"300\" height=\"203\" srcset=\"https:\/\/ubanews.com\/site\/wp-content\/uploads\/2019\/07\/Logo-Felipe-web-1-300x203.png 300w, https:\/\/ubanews.com\/site\/wp-content\/uploads\/2019\/07\/Logo-Felipe-web-1-768x521.png 768w, https:\/\/ubanews.com\/site\/wp-content\/uploads\/2019\/07\/Logo-Felipe-web-1-120x80.png 120w, https:\/\/ubanews.com\/site\/wp-content\/uploads\/2019\/07\/Logo-Felipe-web-1.png 900w\" sizes=\"auto, (max-width: 300px) 100vw, 300px\" \/><\/a><\/span>No s\u00e1bado (31), \u00e0s 23h e 15min, Pol\u00edcia Militar durante festividades em Parque de Exposi\u00e7\u00f5es na cidade de Dores do Turvo abordou tr\u00eas indiv\u00edduos; 32, 21 e 23 anos em fundada suspeita e por serem conhecidos no meio policial pelo o envolvimento com drogas il\u00edcitas, foram encontrados com os autores: quatorze pinos pl\u00e1stico contendo subst\u00e2ncia an\u00e1loga a coca\u00edna, tr\u00eas buchas de subst\u00e2ncia an\u00e1loga a maconha, e R$ 879,00 em moeda corrente em notas variadas. Os autores foram presos e conduzidos \u00e0 Delegacia de Pol\u00edcia Judici\u00e1ria, juntamente com os materiais apreendidos.<\/p>\n<p><a href=\"https:\/\/www.youtube.com\/channel\/UCm0EcguUF8_FXRnrYtA_1qg?view_as=subscriber\" target=\"_blank\" rel=\"noopener\"><img loading=\"lazy\" decoding=\"async\" class=\"alignnone wp-image-8297 size-full\" src=\"https:\/\/ubanews.com\/site\/wp-content\/uploads\/2018\/10\/inscreva-se-no-You-Tube.jpg\" alt=\"\" width=\"800\" height=\"100\" srcset=\"https:\/\/ubanews.com\/site\/wp-content\/uploads\/2018\/10\/inscreva-se-no-You-Tube.jpg 800w, https:\/\/ubanews.com\/site\/wp-content\/uploads\/2018\/10\/inscreva-se-no-You-Tube-300x38.jpg 300w, https:\/\/ubanews.com\/site\/wp-content\/uploads\/2018\/10\/inscreva-se-no-You-Tube-768x96.jpg 768w\" sizes=\"auto, (max-width: 800px) 100vw, 800px\" \/><\/a><\/p>\n<p><span style=\"font-family: 'Arial','sans-serif';\"><span style=\"font-size: large;\"><b>ASSESSORIA DE COMUNICA\u00c7\u00c3O ORGANIZACIONAL<\/b><\/span><i><b><br \/>\n<\/b><\/i><\/span><\/p>\n<p><span style=\"font-family: 'Arial','sans-serif';\"><i>Vig\u00e9simo Primeiro Batalh\u00e3o de Pol\u00edcia Militar<\/i><\/span><\/p>\n","protected":false},"excerpt":{"rendered":"<p>No s\u00e1bado (31), \u00e0s 23h e 15min, Pol\u00edcia Militar durante<\/p>\n","protected":false},"author":2,"featured_media":13509,"comment_status":"open","ping_status":"open","sticky":false,"template":"","format":"standard","meta":{"footnotes":""},"categories":[13],"tags":[],"class_list":["post-13507","post","type-post","status-publish","format-standard","has-post-thumbnail","hentry","category-sintese-das-ocorrencias"],"_links":{"self":[{"href":"https:\/\/ubanews.com\/site\/wp-json\/wp\/v2\/posts\/13507","targetHints":{"allow":["GET"]}}],"collection":[{"href":"https:\/\/ubanews.com\/site\/wp-json\/wp\/v2\/posts"}],"about":[{"href":"https:\/\/ubanews.com\/site\/wp-json\/wp\/v2\/types\/post"}],"author":[{"embeddable":true,"href":"https:\/\/ubanews.com\/site\/wp-json\/wp\/v2\/users\/2"}],"replies":[{"embeddable":true,"href":"https:\/\/ubanews.com\/site\/wp-json\/wp\/v2\/comments?post=13507"}],"version-history":[{"count":0,"href":"https:\/\/ubanews.com\/site\/wp-json\/wp\/v2\/posts\/13507\/revisions"}],"wp:featuredmedia":[{"embeddable":true,"href":"https:\/\/ubanews.com\/site\/wp-json\/wp\/v2\/media\/13509"}],"wp:attachment":[{"href":"https:\/\/ubanews.com\/site\/wp-json\/wp\/v2\/media?parent=13507"}],"wp:term":[{"taxonomy":"category","embeddable":true,"href":"https:\/\/ubanews.com\/site\/wp-json\/wp\/v2\/categories?post=13507"},{"taxonomy":"post_tag","embeddable":true,"href":"https:\/\/ubanews.com\/site\/wp-json\/wp\/v2\/tags?post=13507"}],"curies":[{"name":"wp","href":"https:\/\/api.w.org\/{rel}","templated":true}]}}