{"id":13495,"date":"2019-08-30T10:50:36","date_gmt":"2019-08-30T13:50:36","guid":{"rendered":"http:\/\/ubanews.com\/site\/?p=13495"},"modified":"2019-08-30T10:50:36","modified_gmt":"2019-08-30T13:50:36","slug":"posto-de-combustivel-e-roubado-na-madrugada-de-quinta-feira","status":"publish","type":"post","link":"https:\/\/ubanews.com\/site\/2019\/08\/30\/posto-de-combustivel-e-roubado-na-madrugada-de-quinta-feira\/","title":{"rendered":"POSTO DE COMBUST\u00cdVEL \u00c9 ROUBADO NA MADRUGADA DE QUINTA-FEIRA"},"content":{"rendered":"<p><a href=\"https:\/\/www.facebook.com\/nao10202231?epa=SEARCH_BOX\" target=\"_blank\" rel=\"noopener\"><img loading=\"lazy\" decoding=\"async\" class=\"alignright wp-image-12632 size-medium\" src=\"https:\/\/ubanews.com\/site\/wp-content\/uploads\/2019\/07\/Logo-Felipe-web-1-300x203.png\" alt=\"\" width=\"300\" height=\"203\" srcset=\"https:\/\/ubanews.com\/site\/wp-content\/uploads\/2019\/07\/Logo-Felipe-web-1-300x203.png 300w, https:\/\/ubanews.com\/site\/wp-content\/uploads\/2019\/07\/Logo-Felipe-web-1-768x521.png 768w, https:\/\/ubanews.com\/site\/wp-content\/uploads\/2019\/07\/Logo-Felipe-web-1-120x80.png 120w, https:\/\/ubanews.com\/site\/wp-content\/uploads\/2019\/07\/Logo-Felipe-web-1.png 900w\" sizes=\"auto, (max-width: 300px) 100vw, 300px\" \/><\/a>Na quinta-feira (29), por volta das 05h e 09min, a Pol\u00edcia Militar foi acionada na Pra\u00e7a Jorge Carone Filho, Centro de Visconde do Rio Branco, onde uma v\u00edtima de 19 anos, que relatou que estava em seu local de trabalho, quando apareceram dois indiv\u00edduos, 41 e 25 anos, momento em que um dos autores pediu dez reais de combust\u00edvel, enquanto que o outro indiv\u00edduo gritou sete reais, momento em ambos come\u00e7aram a discutir entre si, tendo um dos indiv\u00edduos se apoderado de um rodo que estava pr\u00f3ximo da bomba de gasolina e come\u00e7ou a amea\u00e7ar o outro.<\/p>\n<p>Nesse \u00ednterim, o frentista, colocou sete reais de gasolina, entregou o gal\u00e3o para o indiv\u00edduo, tendo tal frentista retornado ao caixa, dando falta de todo o dinheiro que estava na gaveta, percebendo assim o furto.<\/p>\n<p>Um dos autores evadiu em uma bicicleta, tendo o frentista detido o outro autor at\u00e9 a chegada da PM ao local.<\/p>\n<p>Ap\u00f3s rastreamento foi localizado o segundo autor, sendo este preso em flagrante, com todo o dinheiro furtado no caixa do posto, foi apreendida tamb\u00e9m a bicicleta, 01 par de chinelos deixados pelo autor, 01 gal\u00e3o de gasolina e R$ 152,00 reais em c\u00e9dulas diversas.<\/p>\n<div><span style=\"font-family: 'Arial','sans-serif';\"><span style=\"font-size: large;\"><b>ASSESSORIA DE COMUNICA\u00c7\u00c3O ORGANIZACIONAL<\/b><\/span><i><b><br \/>\n<\/b><\/i><\/span><\/div>\n<p><span style=\"font-family: 'Arial','sans-serif';\"><i>Vig\u00e9simo Primeiro Batalh\u00e3o de Pol\u00edcia Militar<\/i><\/span><\/p>\n","protected":false},"excerpt":{"rendered":"<p>Na quinta-feira (29), por volta das 05h e 09min, a<\/p>\n","protected":false},"author":2,"featured_media":13496,"comment_status":"open","ping_status":"open","sticky":false,"template":"","format":"standard","meta":{"footnotes":""},"categories":[13],"tags":[],"class_list":["post-13495","post","type-post","status-publish","format-standard","has-post-thumbnail","hentry","category-sintese-das-ocorrencias"],"_links":{"self":[{"href":"https:\/\/ubanews.com\/site\/wp-json\/wp\/v2\/posts\/13495","targetHints":{"allow":["GET"]}}],"collection":[{"href":"https:\/\/ubanews.com\/site\/wp-json\/wp\/v2\/posts"}],"about":[{"href":"https:\/\/ubanews.com\/site\/wp-json\/wp\/v2\/types\/post"}],"author":[{"embeddable":true,"href":"https:\/\/ubanews.com\/site\/wp-json\/wp\/v2\/users\/2"}],"replies":[{"embeddable":true,"href":"https:\/\/ubanews.com\/site\/wp-json\/wp\/v2\/comments?post=13495"}],"version-history":[{"count":0,"href":"https:\/\/ubanews.com\/site\/wp-json\/wp\/v2\/posts\/13495\/revisions"}],"wp:featuredmedia":[{"embeddable":true,"href":"https:\/\/ubanews.com\/site\/wp-json\/wp\/v2\/media\/13496"}],"wp:attachment":[{"href":"https:\/\/ubanews.com\/site\/wp-json\/wp\/v2\/media?parent=13495"}],"wp:term":[{"taxonomy":"category","embeddable":true,"href":"https:\/\/ubanews.com\/site\/wp-json\/wp\/v2\/categories?post=13495"},{"taxonomy":"post_tag","embeddable":true,"href":"https:\/\/ubanews.com\/site\/wp-json\/wp\/v2\/tags?post=13495"}],"curies":[{"name":"wp","href":"https:\/\/api.w.org\/{rel}","templated":true}]}}