{"id":1348,"date":"2018-03-26T07:00:53","date_gmt":"2018-03-26T10:00:53","guid":{"rendered":"http:\/\/ubanews.com\/site\/?p=1348"},"modified":"2018-03-29T14:43:36","modified_gmt":"2018-03-29T17:43:36","slug":"conselho-de-politicas-culturais-elege-por-aclamacao-novos-nomes","status":"publish","type":"post","link":"https:\/\/ubanews.com\/site\/2018\/03\/26\/conselho-de-politicas-culturais-elege-por-aclamacao-novos-nomes\/","title":{"rendered":"Conselho de Pol\u00edticas Culturais Elege por aclama\u00e7\u00e3o novos nomes"},"content":{"rendered":"<p><img decoding=\"async\" class=\"alignnone size-full wp-image-1349 lazyload\" data-src=\"https:\/\/ubanews.com\/site\/wp-content\/uploads\/2018\/03\/28954640_1892361641055215_232839740666763758_o.jpg\" alt=\"\" width=\"1944\" height=\"1458\" data-srcset=\"https:\/\/ubanews.com\/site\/wp-content\/uploads\/2018\/03\/28954640_1892361641055215_232839740666763758_o.jpg 1944w, https:\/\/ubanews.com\/site\/wp-content\/uploads\/2018\/03\/28954640_1892361641055215_232839740666763758_o-300x225.jpg 300w, https:\/\/ubanews.com\/site\/wp-content\/uploads\/2018\/03\/28954640_1892361641055215_232839740666763758_o-768x576.jpg 768w, https:\/\/ubanews.com\/site\/wp-content\/uploads\/2018\/03\/28954640_1892361641055215_232839740666763758_o-1024x768.jpg 1024w\" data-sizes=\"(max-width: 1944px) 100vw, 1944px\" src=\"data:image\/svg+xml;base64,PHN2ZyB3aWR0aD0iMSIgaGVpZ2h0PSIxIiB4bWxucz0iaHR0cDovL3d3dy53My5vcmcvMjAwMC9zdmciPjwvc3ZnPg==\" style=\"--smush-placeholder-width: 1944px; --smush-placeholder-aspect-ratio: 1944\/1458;\" \/> <img decoding=\"async\" class=\"alignnone size-full wp-image-1350 lazyload\" data-src=\"https:\/\/ubanews.com\/site\/wp-content\/uploads\/2018\/03\/29060487_1892361761055203_1887060606974992811_o.jpg\" alt=\"\" width=\"1920\" height=\"1080\" data-srcset=\"https:\/\/ubanews.com\/site\/wp-content\/uploads\/2018\/03\/29060487_1892361761055203_1887060606974992811_o.jpg 1920w, https:\/\/ubanews.com\/site\/wp-content\/uploads\/2018\/03\/29060487_1892361761055203_1887060606974992811_o-300x169.jpg 300w, https:\/\/ubanews.com\/site\/wp-content\/uploads\/2018\/03\/29060487_1892361761055203_1887060606974992811_o-768x432.jpg 768w, https:\/\/ubanews.com\/site\/wp-content\/uploads\/2018\/03\/29060487_1892361761055203_1887060606974992811_o-1024x576.jpg 1024w\" data-sizes=\"(max-width: 1920px) 100vw, 1920px\" src=\"data:image\/svg+xml;base64,PHN2ZyB3aWR0aD0iMSIgaGVpZ2h0PSIxIiB4bWxucz0iaHR0cDovL3d3dy53My5vcmcvMjAwMC9zdmciPjwvc3ZnPg==\" style=\"--smush-placeholder-width: 1920px; --smush-placeholder-aspect-ratio: 1920\/1080;\" \/> <img decoding=\"async\" class=\"alignnone size-full wp-image-1351 lazyload\" data-src=\"https:\/\/ubanews.com\/site\/wp-content\/uploads\/2018\/03\/29064342_1892361394388573_1437394549066345103_o.jpg\" alt=\"\" width=\"1944\" height=\"1458\" data-srcset=\"https:\/\/ubanews.com\/site\/wp-content\/uploads\/2018\/03\/29064342_1892361394388573_1437394549066345103_o.jpg 1944w, https:\/\/ubanews.com\/site\/wp-content\/uploads\/2018\/03\/29064342_1892361394388573_1437394549066345103_o-300x225.jpg 300w, https:\/\/ubanews.com\/site\/wp-content\/uploads\/2018\/03\/29064342_1892361394388573_1437394549066345103_o-768x576.jpg 768w, https:\/\/ubanews.com\/site\/wp-content\/uploads\/2018\/03\/29064342_1892361394388573_1437394549066345103_o-1024x768.jpg 1024w\" data-sizes=\"(max-width: 1944px) 100vw, 1944px\" src=\"data:image\/svg+xml;base64,PHN2ZyB3aWR0aD0iMSIgaGVpZ2h0PSIxIiB4bWxucz0iaHR0cDovL3d3dy53My5vcmcvMjAwMC9zdmciPjwvc3ZnPg==\" style=\"--smush-placeholder-width: 1944px; --smush-placeholder-aspect-ratio: 1944\/1458;\" \/> <img decoding=\"async\" class=\"alignnone size-full wp-image-1353 lazyload\" data-src=\"https:\/\/ubanews.com\/site\/wp-content\/uploads\/2018\/03\/28947031_1892361261055253_1721374928838530108_o.jpg\" alt=\"\" width=\"1944\" height=\"1458\" data-srcset=\"https:\/\/ubanews.com\/site\/wp-content\/uploads\/2018\/03\/28947031_1892361261055253_1721374928838530108_o.jpg 1944w, https:\/\/ubanews.com\/site\/wp-content\/uploads\/2018\/03\/28947031_1892361261055253_1721374928838530108_o-300x225.jpg 300w, https:\/\/ubanews.com\/site\/wp-content\/uploads\/2018\/03\/28947031_1892361261055253_1721374928838530108_o-768x576.jpg 768w, https:\/\/ubanews.com\/site\/wp-content\/uploads\/2018\/03\/28947031_1892361261055253_1721374928838530108_o-1024x768.jpg 1024w\" data-sizes=\"(max-width: 1944px) 100vw, 1944px\" src=\"data:image\/svg+xml;base64,PHN2ZyB3aWR0aD0iMSIgaGVpZ2h0PSIxIiB4bWxucz0iaHR0cDovL3d3dy53My5vcmcvMjAwMC9zdmciPjwvc3ZnPg==\" style=\"--smush-placeholder-width: 1944px; --smush-placeholder-aspect-ratio: 1944\/1458;\" \/> <img decoding=\"async\" class=\"alignnone size-full wp-image-1354 lazyload\" data-src=\"https:\/\/ubanews.com\/site\/wp-content\/uploads\/2018\/03\/28947682_1892361917721854_4685349627988273799_o.jpg\" alt=\"\" width=\"1944\" height=\"1458\" data-srcset=\"https:\/\/ubanews.com\/site\/wp-content\/uploads\/2018\/03\/28947682_1892361917721854_4685349627988273799_o.jpg 1944w, https:\/\/ubanews.com\/site\/wp-content\/uploads\/2018\/03\/28947682_1892361917721854_4685349627988273799_o-300x225.jpg 300w, https:\/\/ubanews.com\/site\/wp-content\/uploads\/2018\/03\/28947682_1892361917721854_4685349627988273799_o-768x576.jpg 768w, https:\/\/ubanews.com\/site\/wp-content\/uploads\/2018\/03\/28947682_1892361917721854_4685349627988273799_o-1024x768.jpg 1024w\" data-sizes=\"(max-width: 1944px) 100vw, 1944px\" src=\"data:image\/svg+xml;base64,PHN2ZyB3aWR0aD0iMSIgaGVpZ2h0PSIxIiB4bWxucz0iaHR0cDovL3d3dy53My5vcmcvMjAwMC9zdmciPjwvc3ZnPg==\" style=\"--smush-placeholder-width: 1944px; --smush-placeholder-aspect-ratio: 1944\/1458;\" \/>&nbsp; &nbsp; &nbsp; &nbsp; &nbsp; &nbsp; &nbsp; Foi realizado na manh\u00e3 deste domingo (25) no II F\u00f3rum Popular de Cultura de Ub\u00e1, Pra\u00e7a S\u00e3o Janu\u00e1rio. Na pauta, discuss\u00f5es de como gerar, fomentar e representar a Cultura de um munic\u00edpio. V\u00e1rios produtores culturais, artistas envolvidos no segmento de nossa cidade tamb\u00e9m marcaram presen\u00e7a.<\/p>\n<p>&nbsp;&nbsp;&nbsp;&nbsp;&nbsp;&nbsp;&nbsp;&nbsp;&nbsp;&nbsp;&nbsp;&nbsp;&nbsp;&nbsp; A Diretora de Interioriza\u00e7\u00e3o de Estado de Cultura, Mara Mattos, ministrou palavras a respeito das a\u00e7\u00f5es do Estado no setor, citando os editais culturais abertos para inscri\u00e7\u00e3o em 2018; o Historiador e Diretor do Instituto Re\u00c1frica, Jos\u00e9 do Carmo de Ara\u00fajo, abordou o tema sobre a import\u00e2ncia da Cultura Popular e sua representatividade na sociedade; e o Vice-Prefeito, Secret\u00e1rio de Cultura e de Governo, Vin\u00edcius Sam\u00f4r de Lacerda, explicou as atribui\u00e7\u00f5es do Conselho Municipal de Pol\u00edticas Culturais, enfatizando a import\u00e2ncia da participa\u00e7\u00e3o popular no mesmo e os avan\u00e7os na gest\u00e3o do Prefeito Edson Teixeira Filho.<\/p>\n<p>&nbsp;&nbsp;&nbsp;&nbsp;&nbsp;&nbsp;&nbsp;&nbsp;&nbsp;&nbsp;&nbsp;&nbsp;&nbsp;&nbsp; Aproximando do final do encontro, foi realizada a elei\u00e7\u00e3o por aclama\u00e7\u00e3o das vagas remanescentes do Conselho de Pol\u00edticas Culturais, onde novos nomes volunt\u00e1rios entraram para somar na equipe.<\/p>\n<p>&nbsp;<\/p>\n<p>Foto: Assessoria de Comunica\u00e7\u00e3o Prefeitura Municipal de Ub\u00e1<\/p>\n","protected":false},"excerpt":{"rendered":"<p>&nbsp; &nbsp; &nbsp; &nbsp; &nbsp; &nbsp; &nbsp; Foi realizado na<\/p>\n","protected":false},"author":2,"featured_media":1352,"comment_status":"open","ping_status":"open","sticky":false,"template":"","format":"standard","meta":{"footnotes":""},"categories":[1],"tags":[],"class_list":["post-1348","post","type-post","status-publish","format-standard","has-post-thumbnail","hentry","category-sem-categoria"],"yoast_head":"<!-- This site is optimized with the Yoast SEO plugin v27.2 - https:\/\/yoast.com\/product\/yoast-seo-wordpress\/ -->\n<title>Conselho de Pol\u00edticas Culturais Elege por aclama\u00e7\u00e3o novos nomes - Ub\u00e1 News<\/title>\n<meta name=\"robots\" content=\"index, follow, max-snippet:-1, max-image-preview:large, max-video-preview:-1\" \/>\n<link rel=\"canonical\" href=\"https:\/\/ubanews.com\/site\/2018\/03\/26\/conselho-de-politicas-culturais-elege-por-aclamacao-novos-nomes\/\" \/>\n<meta property=\"og:locale\" content=\"pt_BR\" \/>\n<meta property=\"og:type\" content=\"article\" \/>\n<meta property=\"og:title\" content=\"Conselho de Pol\u00edticas Culturais Elege por aclama\u00e7\u00e3o novos nomes - Ub\u00e1 News\" \/>\n<meta property=\"og:description\" content=\"&nbsp; &nbsp; &nbsp; &nbsp; &nbsp; &nbsp; &nbsp; Foi realizado na\" \/>\n<meta property=\"og:url\" content=\"https:\/\/ubanews.com\/site\/2018\/03\/26\/conselho-de-politicas-culturais-elege-por-aclamacao-novos-nomes\/\" \/>\n<meta property=\"og:site_name\" content=\"Ub\u00e1 News\" \/>\n<meta property=\"article:publisher\" content=\"https:\/\/www.facebook.com\/Ub%c3%a1News-Carlos-Roberto-Sodr%c3%a9-418778301977370\" \/>\n<meta property=\"article:author\" content=\"https:\/\/www.facebook.com\/carosroberto.sodre.5\/\" \/>\n<meta property=\"article:published_time\" content=\"2018-03-26T10:00:53+00:00\" \/>\n<meta property=\"article:modified_time\" content=\"2018-03-29T17:43:36+00:00\" \/>\n<meta property=\"og:image\" content=\"https:\/\/ubanews.com\/site\/wp-content\/uploads\/2018\/03\/29355086_1892361474388565_456353444390087993_o.jpg\" \/>\n\t<meta property=\"og:image:width\" content=\"1944\" \/>\n\t<meta property=\"og:image:height\" content=\"1458\" \/>\n\t<meta property=\"og:image:type\" content=\"image\/jpeg\" \/>\n<meta name=\"author\" content=\"Sodr\u00e9\" \/>\n<meta name=\"twitter:card\" content=\"summary_large_image\" \/>\n<meta name=\"twitter:label1\" content=\"Escrito por\" \/>\n\t<meta name=\"twitter:data1\" content=\"Sodr\u00e9\" \/>\n\t<meta name=\"twitter:label2\" content=\"Est. tempo de leitura\" \/>\n\t<meta name=\"twitter:data2\" content=\"1 minuto\" \/>\n<script type=\"application\/ld+json\" class=\"yoast-schema-graph\">{\"@context\":\"https:\/\/schema.org\",\"@graph\":[{\"@type\":\"Article\",\"@id\":\"https:\/\/ubanews.com\/site\/2018\/03\/26\/conselho-de-politicas-culturais-elege-por-aclamacao-novos-nomes\/#article\",\"isPartOf\":{\"@id\":\"https:\/\/ubanews.com\/site\/2018\/03\/26\/conselho-de-politicas-culturais-elege-por-aclamacao-novos-nomes\/\"},\"author\":{\"name\":\"Sodr\u00e9\",\"@id\":\"https:\/\/ubanews.com\/site\/#\/schema\/person\/d90c9e47252fbb63dcc969fe4c8b9d10\"},\"headline\":\"Conselho de Pol\u00edticas Culturais Elege por aclama\u00e7\u00e3o novos nomes\",\"datePublished\":\"2018-03-26T10:00:53+00:00\",\"dateModified\":\"2018-03-29T17:43:36+00:00\",\"mainEntityOfPage\":{\"@id\":\"https:\/\/ubanews.com\/site\/2018\/03\/26\/conselho-de-politicas-culturais-elege-por-aclamacao-novos-nomes\/\"},\"wordCount\":250,\"commentCount\":0,\"publisher\":{\"@id\":\"https:\/\/ubanews.com\/site\/#organization\"},\"image\":{\"@id\":\"https:\/\/ubanews.com\/site\/2018\/03\/26\/conselho-de-politicas-culturais-elege-por-aclamacao-novos-nomes\/#primaryimage\"},\"thumbnailUrl\":\"https:\/\/ubanews.com\/site\/wp-content\/uploads\/2018\/03\/29355086_1892361474388565_456353444390087993_o.jpg\",\"articleSection\":[\"Geral\"],\"inLanguage\":\"pt-BR\",\"potentialAction\":[{\"@type\":\"CommentAction\",\"name\":\"Comment\",\"target\":[\"https:\/\/ubanews.com\/site\/2018\/03\/26\/conselho-de-politicas-culturais-elege-por-aclamacao-novos-nomes\/#respond\"]}]},{\"@type\":\"WebPage\",\"@id\":\"https:\/\/ubanews.com\/site\/2018\/03\/26\/conselho-de-politicas-culturais-elege-por-aclamacao-novos-nomes\/\",\"url\":\"https:\/\/ubanews.com\/site\/2018\/03\/26\/conselho-de-politicas-culturais-elege-por-aclamacao-novos-nomes\/\",\"name\":\"Conselho de Pol\u00edticas Culturais Elege por aclama\u00e7\u00e3o novos nomes - Ub\u00e1 News\",\"isPartOf\":{\"@id\":\"https:\/\/ubanews.com\/site\/#website\"},\"primaryImageOfPage\":{\"@id\":\"https:\/\/ubanews.com\/site\/2018\/03\/26\/conselho-de-politicas-culturais-elege-por-aclamacao-novos-nomes\/#primaryimage\"},\"image\":{\"@id\":\"https:\/\/ubanews.com\/site\/2018\/03\/26\/conselho-de-politicas-culturais-elege-por-aclamacao-novos-nomes\/#primaryimage\"},\"thumbnailUrl\":\"https:\/\/ubanews.com\/site\/wp-content\/uploads\/2018\/03\/29355086_1892361474388565_456353444390087993_o.jpg\",\"datePublished\":\"2018-03-26T10:00:53+00:00\",\"dateModified\":\"2018-03-29T17:43:36+00:00\",\"breadcrumb\":{\"@id\":\"https:\/\/ubanews.com\/site\/2018\/03\/26\/conselho-de-politicas-culturais-elege-por-aclamacao-novos-nomes\/#breadcrumb\"},\"inLanguage\":\"pt-BR\",\"potentialAction\":[{\"@type\":\"ReadAction\",\"target\":[\"https:\/\/ubanews.com\/site\/2018\/03\/26\/conselho-de-politicas-culturais-elege-por-aclamacao-novos-nomes\/\"]}]},{\"@type\":\"ImageObject\",\"inLanguage\":\"pt-BR\",\"@id\":\"https:\/\/ubanews.com\/site\/2018\/03\/26\/conselho-de-politicas-culturais-elege-por-aclamacao-novos-nomes\/#primaryimage\",\"url\":\"https:\/\/ubanews.com\/site\/wp-content\/uploads\/2018\/03\/29355086_1892361474388565_456353444390087993_o.jpg\",\"contentUrl\":\"https:\/\/ubanews.com\/site\/wp-content\/uploads\/2018\/03\/29355086_1892361474388565_456353444390087993_o.jpg\",\"width\":1944,\"height\":1458},{\"@type\":\"BreadcrumbList\",\"@id\":\"https:\/\/ubanews.com\/site\/2018\/03\/26\/conselho-de-politicas-culturais-elege-por-aclamacao-novos-nomes\/#breadcrumb\",\"itemListElement\":[{\"@type\":\"ListItem\",\"position\":1,\"name\":\"Home\",\"item\":\"https:\/\/ubanews.com\/site\/\"},{\"@type\":\"ListItem\",\"position\":2,\"name\":\"Conselho de Pol\u00edticas Culturais Elege por aclama\u00e7\u00e3o novos nomes\"}]},{\"@type\":\"WebSite\",\"@id\":\"https:\/\/ubanews.com\/site\/#website\",\"url\":\"https:\/\/ubanews.com\/site\/\",\"name\":\"Ub\u00e1 News\",\"description\":\"\",\"publisher\":{\"@id\":\"https:\/\/ubanews.com\/site\/#organization\"},\"potentialAction\":[{\"@type\":\"SearchAction\",\"target\":{\"@type\":\"EntryPoint\",\"urlTemplate\":\"https:\/\/ubanews.com\/site\/?s={search_term_string}\"},\"query-input\":{\"@type\":\"PropertyValueSpecification\",\"valueRequired\":true,\"valueName\":\"search_term_string\"}}],\"inLanguage\":\"pt-BR\"},{\"@type\":\"Organization\",\"@id\":\"https:\/\/ubanews.com\/site\/#organization\",\"name\":\"Ub\u00e1 News\",\"url\":\"https:\/\/ubanews.com\/site\/\",\"logo\":{\"@type\":\"ImageObject\",\"inLanguage\":\"pt-BR\",\"@id\":\"https:\/\/ubanews.com\/site\/#\/schema\/logo\/image\/\",\"url\":\"https:\/\/ubanews.com\/site\/wp-content\/uploads\/2018\/01\/logoubanews.png\",\"contentUrl\":\"https:\/\/ubanews.com\/site\/wp-content\/uploads\/2018\/01\/logoubanews.png\",\"width\":261,\"height\":99,\"caption\":\"Ub\u00e1 News\"},\"image\":{\"@id\":\"https:\/\/ubanews.com\/site\/#\/schema\/logo\/image\/\"},\"sameAs\":[\"https:\/\/www.facebook.com\/Ub\u00e1News-Carlos-Roberto-Sodr\u00e9-418778301977370\"]},{\"@type\":\"Person\",\"@id\":\"https:\/\/ubanews.com\/site\/#\/schema\/person\/d90c9e47252fbb63dcc969fe4c8b9d10\",\"name\":\"Sodr\u00e9\",\"image\":{\"@type\":\"ImageObject\",\"inLanguage\":\"pt-BR\",\"@id\":\"https:\/\/secure.gravatar.com\/avatar\/5ba2793f0590b9dbfad3fdec4ee714485b3eef211c9b32ee53d414060454a56c?s=96&d=mm&r=g\",\"url\":\"https:\/\/secure.gravatar.com\/avatar\/5ba2793f0590b9dbfad3fdec4ee714485b3eef211c9b32ee53d414060454a56c?s=96&d=mm&r=g\",\"contentUrl\":\"https:\/\/secure.gravatar.com\/avatar\/5ba2793f0590b9dbfad3fdec4ee714485b3eef211c9b32ee53d414060454a56c?s=96&d=mm&r=g\",\"caption\":\"Sodr\u00e9\"},\"sameAs\":[\"https:\/\/www.facebook.com\/carosroberto.sodre.5\/\"],\"url\":\"https:\/\/ubanews.com\/site\/author\/felipe\/\"}]}<\/script>\n<!-- \/ Yoast SEO plugin. -->","yoast_head_json":{"title":"Conselho de Pol\u00edticas Culturais Elege por aclama\u00e7\u00e3o novos nomes - Ub\u00e1 News","robots":{"index":"index","follow":"follow","max-snippet":"max-snippet:-1","max-image-preview":"max-image-preview:large","max-video-preview":"max-video-preview:-1"},"canonical":"https:\/\/ubanews.com\/site\/2018\/03\/26\/conselho-de-politicas-culturais-elege-por-aclamacao-novos-nomes\/","og_locale":"pt_BR","og_type":"article","og_title":"Conselho de Pol\u00edticas Culturais Elege por aclama\u00e7\u00e3o novos nomes - Ub\u00e1 News","og_description":"&nbsp; &nbsp; &nbsp; &nbsp; &nbsp; &nbsp; &nbsp; Foi realizado na","og_url":"https:\/\/ubanews.com\/site\/2018\/03\/26\/conselho-de-politicas-culturais-elege-por-aclamacao-novos-nomes\/","og_site_name":"Ub\u00e1 News","article_publisher":"https:\/\/www.facebook.com\/Ub%c3%a1News-Carlos-Roberto-Sodr%c3%a9-418778301977370","article_author":"https:\/\/www.facebook.com\/carosroberto.sodre.5\/","article_published_time":"2018-03-26T10:00:53+00:00","article_modified_time":"2018-03-29T17:43:36+00:00","og_image":[{"width":1944,"height":1458,"url":"https:\/\/ubanews.com\/site\/wp-content\/uploads\/2018\/03\/29355086_1892361474388565_456353444390087993_o.jpg","type":"image\/jpeg"}],"author":"Sodr\u00e9","twitter_card":"summary_large_image","twitter_misc":{"Escrito por":"Sodr\u00e9","Est. tempo de leitura":"1 minuto"},"schema":{"@context":"https:\/\/schema.org","@graph":[{"@type":"Article","@id":"https:\/\/ubanews.com\/site\/2018\/03\/26\/conselho-de-politicas-culturais-elege-por-aclamacao-novos-nomes\/#article","isPartOf":{"@id":"https:\/\/ubanews.com\/site\/2018\/03\/26\/conselho-de-politicas-culturais-elege-por-aclamacao-novos-nomes\/"},"author":{"name":"Sodr\u00e9","@id":"https:\/\/ubanews.com\/site\/#\/schema\/person\/d90c9e47252fbb63dcc969fe4c8b9d10"},"headline":"Conselho de Pol\u00edticas Culturais Elege por aclama\u00e7\u00e3o novos nomes","datePublished":"2018-03-26T10:00:53+00:00","dateModified":"2018-03-29T17:43:36+00:00","mainEntityOfPage":{"@id":"https:\/\/ubanews.com\/site\/2018\/03\/26\/conselho-de-politicas-culturais-elege-por-aclamacao-novos-nomes\/"},"wordCount":250,"commentCount":0,"publisher":{"@id":"https:\/\/ubanews.com\/site\/#organization"},"image":{"@id":"https:\/\/ubanews.com\/site\/2018\/03\/26\/conselho-de-politicas-culturais-elege-por-aclamacao-novos-nomes\/#primaryimage"},"thumbnailUrl":"https:\/\/ubanews.com\/site\/wp-content\/uploads\/2018\/03\/29355086_1892361474388565_456353444390087993_o.jpg","articleSection":["Geral"],"inLanguage":"pt-BR","potentialAction":[{"@type":"CommentAction","name":"Comment","target":["https:\/\/ubanews.com\/site\/2018\/03\/26\/conselho-de-politicas-culturais-elege-por-aclamacao-novos-nomes\/#respond"]}]},{"@type":"WebPage","@id":"https:\/\/ubanews.com\/site\/2018\/03\/26\/conselho-de-politicas-culturais-elege-por-aclamacao-novos-nomes\/","url":"https:\/\/ubanews.com\/site\/2018\/03\/26\/conselho-de-politicas-culturais-elege-por-aclamacao-novos-nomes\/","name":"Conselho de Pol\u00edticas Culturais Elege por aclama\u00e7\u00e3o novos nomes - Ub\u00e1 News","isPartOf":{"@id":"https:\/\/ubanews.com\/site\/#website"},"primaryImageOfPage":{"@id":"https:\/\/ubanews.com\/site\/2018\/03\/26\/conselho-de-politicas-culturais-elege-por-aclamacao-novos-nomes\/#primaryimage"},"image":{"@id":"https:\/\/ubanews.com\/site\/2018\/03\/26\/conselho-de-politicas-culturais-elege-por-aclamacao-novos-nomes\/#primaryimage"},"thumbnailUrl":"https:\/\/ubanews.com\/site\/wp-content\/uploads\/2018\/03\/29355086_1892361474388565_456353444390087993_o.jpg","datePublished":"2018-03-26T10:00:53+00:00","dateModified":"2018-03-29T17:43:36+00:00","breadcrumb":{"@id":"https:\/\/ubanews.com\/site\/2018\/03\/26\/conselho-de-politicas-culturais-elege-por-aclamacao-novos-nomes\/#breadcrumb"},"inLanguage":"pt-BR","potentialAction":[{"@type":"ReadAction","target":["https:\/\/ubanews.com\/site\/2018\/03\/26\/conselho-de-politicas-culturais-elege-por-aclamacao-novos-nomes\/"]}]},{"@type":"ImageObject","inLanguage":"pt-BR","@id":"https:\/\/ubanews.com\/site\/2018\/03\/26\/conselho-de-politicas-culturais-elege-por-aclamacao-novos-nomes\/#primaryimage","url":"https:\/\/ubanews.com\/site\/wp-content\/uploads\/2018\/03\/29355086_1892361474388565_456353444390087993_o.jpg","contentUrl":"https:\/\/ubanews.com\/site\/wp-content\/uploads\/2018\/03\/29355086_1892361474388565_456353444390087993_o.jpg","width":1944,"height":1458},{"@type":"BreadcrumbList","@id":"https:\/\/ubanews.com\/site\/2018\/03\/26\/conselho-de-politicas-culturais-elege-por-aclamacao-novos-nomes\/#breadcrumb","itemListElement":[{"@type":"ListItem","position":1,"name":"Home","item":"https:\/\/ubanews.com\/site\/"},{"@type":"ListItem","position":2,"name":"Conselho de Pol\u00edticas Culturais Elege por aclama\u00e7\u00e3o novos nomes"}]},{"@type":"WebSite","@id":"https:\/\/ubanews.com\/site\/#website","url":"https:\/\/ubanews.com\/site\/","name":"Ub\u00e1 News","description":"","publisher":{"@id":"https:\/\/ubanews.com\/site\/#organization"},"potentialAction":[{"@type":"SearchAction","target":{"@type":"EntryPoint","urlTemplate":"https:\/\/ubanews.com\/site\/?s={search_term_string}"},"query-input":{"@type":"PropertyValueSpecification","valueRequired":true,"valueName":"search_term_string"}}],"inLanguage":"pt-BR"},{"@type":"Organization","@id":"https:\/\/ubanews.com\/site\/#organization","name":"Ub\u00e1 News","url":"https:\/\/ubanews.com\/site\/","logo":{"@type":"ImageObject","inLanguage":"pt-BR","@id":"https:\/\/ubanews.com\/site\/#\/schema\/logo\/image\/","url":"https:\/\/ubanews.com\/site\/wp-content\/uploads\/2018\/01\/logoubanews.png","contentUrl":"https:\/\/ubanews.com\/site\/wp-content\/uploads\/2018\/01\/logoubanews.png","width":261,"height":99,"caption":"Ub\u00e1 News"},"image":{"@id":"https:\/\/ubanews.com\/site\/#\/schema\/logo\/image\/"},"sameAs":["https:\/\/www.facebook.com\/Ub\u00e1News-Carlos-Roberto-Sodr\u00e9-418778301977370"]},{"@type":"Person","@id":"https:\/\/ubanews.com\/site\/#\/schema\/person\/d90c9e47252fbb63dcc969fe4c8b9d10","name":"Sodr\u00e9","image":{"@type":"ImageObject","inLanguage":"pt-BR","@id":"https:\/\/secure.gravatar.com\/avatar\/5ba2793f0590b9dbfad3fdec4ee714485b3eef211c9b32ee53d414060454a56c?s=96&d=mm&r=g","url":"https:\/\/secure.gravatar.com\/avatar\/5ba2793f0590b9dbfad3fdec4ee714485b3eef211c9b32ee53d414060454a56c?s=96&d=mm&r=g","contentUrl":"https:\/\/secure.gravatar.com\/avatar\/5ba2793f0590b9dbfad3fdec4ee714485b3eef211c9b32ee53d414060454a56c?s=96&d=mm&r=g","caption":"Sodr\u00e9"},"sameAs":["https:\/\/www.facebook.com\/carosroberto.sodre.5\/"],"url":"https:\/\/ubanews.com\/site\/author\/felipe\/"}]}},"_links":{"self":[{"href":"https:\/\/ubanews.com\/site\/wp-json\/wp\/v2\/posts\/1348","targetHints":{"allow":["GET"]}}],"collection":[{"href":"https:\/\/ubanews.com\/site\/wp-json\/wp\/v2\/posts"}],"about":[{"href":"https:\/\/ubanews.com\/site\/wp-json\/wp\/v2\/types\/post"}],"author":[{"embeddable":true,"href":"https:\/\/ubanews.com\/site\/wp-json\/wp\/v2\/users\/2"}],"replies":[{"embeddable":true,"href":"https:\/\/ubanews.com\/site\/wp-json\/wp\/v2\/comments?post=1348"}],"version-history":[{"count":0,"href":"https:\/\/ubanews.com\/site\/wp-json\/wp\/v2\/posts\/1348\/revisions"}],"wp:featuredmedia":[{"embeddable":true,"href":"https:\/\/ubanews.com\/site\/wp-json\/wp\/v2\/media\/1352"}],"wp:attachment":[{"href":"https:\/\/ubanews.com\/site\/wp-json\/wp\/v2\/media?parent=1348"}],"wp:term":[{"taxonomy":"category","embeddable":true,"href":"https:\/\/ubanews.com\/site\/wp-json\/wp\/v2\/categories?post=1348"},{"taxonomy":"post_tag","embeddable":true,"href":"https:\/\/ubanews.com\/site\/wp-json\/wp\/v2\/tags?post=1348"}],"curies":[{"name":"wp","href":"https:\/\/api.w.org\/{rel}","templated":true}]}}