{"id":1344,"date":"2018-03-25T18:26:18","date_gmt":"2018-03-25T21:26:18","guid":{"rendered":"http:\/\/ubanews.com\/site\/?p=1344"},"modified":"2018-04-03T10:20:48","modified_gmt":"2018-04-03T13:20:48","slug":"praca-sao-januario-sediou-primeiro-encontro-de-bicicletas-antigas","status":"publish","type":"post","link":"https:\/\/ubanews.com\/site\/2018\/03\/25\/praca-sao-januario-sediou-primeiro-encontro-de-bicicletas-antigas\/","title":{"rendered":"Pra\u00e7a S\u00e3o Janu\u00e1rio sediou primeiro encontro de bicicletas antigas"},"content":{"rendered":"<p><img decoding=\"async\" class=\"alignnone size-full wp-image-1317 lazyload\" data-src=\"https:\/\/ubanews.com\/site\/wp-content\/uploads\/2018\/03\/DSC_8728-c\u00f3pia.jpg\" alt=\"\" width=\"2464\" height=\"1417\" data-srcset=\"https:\/\/ubanews.com\/site\/wp-content\/uploads\/2018\/03\/DSC_8728-c\u00f3pia.jpg 2464w, https:\/\/ubanews.com\/site\/wp-content\/uploads\/2018\/03\/DSC_8728-c\u00f3pia-300x173.jpg 300w, https:\/\/ubanews.com\/site\/wp-content\/uploads\/2018\/03\/DSC_8728-c\u00f3pia-768x442.jpg 768w, https:\/\/ubanews.com\/site\/wp-content\/uploads\/2018\/03\/DSC_8728-c\u00f3pia-1024x589.jpg 1024w\" data-sizes=\"(max-width: 2464px) 100vw, 2464px\" src=\"data:image\/svg+xml;base64,PHN2ZyB3aWR0aD0iMSIgaGVpZ2h0PSIxIiB4bWxucz0iaHR0cDovL3d3dy53My5vcmcvMjAwMC9zdmciPjwvc3ZnPg==\" style=\"--smush-placeholder-width: 2464px; --smush-placeholder-aspect-ratio: 2464\/1417;\" \/> <img decoding=\"async\" class=\"alignnone size-full wp-image-1316 lazyload\" data-src=\"https:\/\/ubanews.com\/site\/wp-content\/uploads\/2018\/03\/DSC_8720-c\u00f3pia.jpg\" alt=\"\" width=\"2464\" height=\"1417\" data-srcset=\"https:\/\/ubanews.com\/site\/wp-content\/uploads\/2018\/03\/DSC_8720-c\u00f3pia.jpg 2464w, https:\/\/ubanews.com\/site\/wp-content\/uploads\/2018\/03\/DSC_8720-c\u00f3pia-300x173.jpg 300w, https:\/\/ubanews.com\/site\/wp-content\/uploads\/2018\/03\/DSC_8720-c\u00f3pia-768x442.jpg 768w, https:\/\/ubanews.com\/site\/wp-content\/uploads\/2018\/03\/DSC_8720-c\u00f3pia-1024x589.jpg 1024w\" data-sizes=\"(max-width: 2464px) 100vw, 2464px\" src=\"data:image\/svg+xml;base64,PHN2ZyB3aWR0aD0iMSIgaGVpZ2h0PSIxIiB4bWxucz0iaHR0cDovL3d3dy53My5vcmcvMjAwMC9zdmciPjwvc3ZnPg==\" style=\"--smush-placeholder-width: 2464px; --smush-placeholder-aspect-ratio: 2464\/1417;\" \/> <img decoding=\"async\" class=\"alignnone size-full wp-image-1315 lazyload\" data-src=\"https:\/\/ubanews.com\/site\/wp-content\/uploads\/2018\/03\/DSC_8719-c\u00f3pia.jpg\" alt=\"\" width=\"2464\" height=\"1417\" data-srcset=\"https:\/\/ubanews.com\/site\/wp-content\/uploads\/2018\/03\/DSC_8719-c\u00f3pia.jpg 2464w, https:\/\/ubanews.com\/site\/wp-content\/uploads\/2018\/03\/DSC_8719-c\u00f3pia-300x173.jpg 300w, https:\/\/ubanews.com\/site\/wp-content\/uploads\/2018\/03\/DSC_8719-c\u00f3pia-768x442.jpg 768w, https:\/\/ubanews.com\/site\/wp-content\/uploads\/2018\/03\/DSC_8719-c\u00f3pia-1024x589.jpg 1024w\" data-sizes=\"(max-width: 2464px) 100vw, 2464px\" src=\"data:image\/svg+xml;base64,PHN2ZyB3aWR0aD0iMSIgaGVpZ2h0PSIxIiB4bWxucz0iaHR0cDovL3d3dy53My5vcmcvMjAwMC9zdmciPjwvc3ZnPg==\" style=\"--smush-placeholder-width: 2464px; --smush-placeholder-aspect-ratio: 2464\/1417;\" \/> <img decoding=\"async\" class=\"alignnone size-full wp-image-1314 lazyload\" data-src=\"https:\/\/ubanews.com\/site\/wp-content\/uploads\/2018\/03\/DSC_8718-c\u00f3pia.jpg\" alt=\"\" width=\"2464\" height=\"1417\" data-srcset=\"https:\/\/ubanews.com\/site\/wp-content\/uploads\/2018\/03\/DSC_8718-c\u00f3pia.jpg 2464w, https:\/\/ubanews.com\/site\/wp-content\/uploads\/2018\/03\/DSC_8718-c\u00f3pia-300x173.jpg 300w, https:\/\/ubanews.com\/site\/wp-content\/uploads\/2018\/03\/DSC_8718-c\u00f3pia-768x442.jpg 768w, https:\/\/ubanews.com\/site\/wp-content\/uploads\/2018\/03\/DSC_8718-c\u00f3pia-1024x589.jpg 1024w\" data-sizes=\"(max-width: 2464px) 100vw, 2464px\" src=\"data:image\/svg+xml;base64,PHN2ZyB3aWR0aD0iMSIgaGVpZ2h0PSIxIiB4bWxucz0iaHR0cDovL3d3dy53My5vcmcvMjAwMC9zdmciPjwvc3ZnPg==\" style=\"--smush-placeholder-width: 2464px; --smush-placeholder-aspect-ratio: 2464\/1417;\" \/> <img decoding=\"async\" class=\"alignnone size-full wp-image-1313 lazyload\" data-src=\"https:\/\/ubanews.com\/site\/wp-content\/uploads\/2018\/03\/DSC_8716-c\u00f3pia.jpg\" alt=\"\" width=\"2464\" height=\"1417\" data-srcset=\"https:\/\/ubanews.com\/site\/wp-content\/uploads\/2018\/03\/DSC_8716-c\u00f3pia.jpg 2464w, https:\/\/ubanews.com\/site\/wp-content\/uploads\/2018\/03\/DSC_8716-c\u00f3pia-300x173.jpg 300w, https:\/\/ubanews.com\/site\/wp-content\/uploads\/2018\/03\/DSC_8716-c\u00f3pia-768x442.jpg 768w, https:\/\/ubanews.com\/site\/wp-content\/uploads\/2018\/03\/DSC_8716-c\u00f3pia-1024x589.jpg 1024w\" data-sizes=\"(max-width: 2464px) 100vw, 2464px\" src=\"data:image\/svg+xml;base64,PHN2ZyB3aWR0aD0iMSIgaGVpZ2h0PSIxIiB4bWxucz0iaHR0cDovL3d3dy53My5vcmcvMjAwMC9zdmciPjwvc3ZnPg==\" style=\"--smush-placeholder-width: 2464px; --smush-placeholder-aspect-ratio: 2464\/1417;\" \/> <img decoding=\"async\" class=\"alignnone size-full wp-image-1311 lazyload\" data-src=\"https:\/\/ubanews.com\/site\/wp-content\/uploads\/2018\/03\/DSC_8712-c\u00f3pia.jpg\" alt=\"\" width=\"2464\" height=\"1417\" data-srcset=\"https:\/\/ubanews.com\/site\/wp-content\/uploads\/2018\/03\/DSC_8712-c\u00f3pia.jpg 2464w, https:\/\/ubanews.com\/site\/wp-content\/uploads\/2018\/03\/DSC_8712-c\u00f3pia-300x173.jpg 300w, https:\/\/ubanews.com\/site\/wp-content\/uploads\/2018\/03\/DSC_8712-c\u00f3pia-768x442.jpg 768w, https:\/\/ubanews.com\/site\/wp-content\/uploads\/2018\/03\/DSC_8712-c\u00f3pia-1024x589.jpg 1024w\" data-sizes=\"(max-width: 2464px) 100vw, 2464px\" src=\"data:image\/svg+xml;base64,PHN2ZyB3aWR0aD0iMSIgaGVpZ2h0PSIxIiB4bWxucz0iaHR0cDovL3d3dy53My5vcmcvMjAwMC9zdmciPjwvc3ZnPg==\" style=\"--smush-placeholder-width: 2464px; --smush-placeholder-aspect-ratio: 2464\/1417;\" \/> <img decoding=\"async\" class=\"alignnone size-full wp-image-1309 lazyload\" data-src=\"https:\/\/ubanews.com\/site\/wp-content\/uploads\/2018\/03\/DSC_8706-c\u00f3pia.jpg\" alt=\"\" width=\"2464\" height=\"1417\" data-srcset=\"https:\/\/ubanews.com\/site\/wp-content\/uploads\/2018\/03\/DSC_8706-c\u00f3pia.jpg 2464w, https:\/\/ubanews.com\/site\/wp-content\/uploads\/2018\/03\/DSC_8706-c\u00f3pia-300x173.jpg 300w, https:\/\/ubanews.com\/site\/wp-content\/uploads\/2018\/03\/DSC_8706-c\u00f3pia-768x442.jpg 768w, https:\/\/ubanews.com\/site\/wp-content\/uploads\/2018\/03\/DSC_8706-c\u00f3pia-1024x589.jpg 1024w\" data-sizes=\"(max-width: 2464px) 100vw, 2464px\" src=\"data:image\/svg+xml;base64,PHN2ZyB3aWR0aD0iMSIgaGVpZ2h0PSIxIiB4bWxucz0iaHR0cDovL3d3dy53My5vcmcvMjAwMC9zdmciPjwvc3ZnPg==\" style=\"--smush-placeholder-width: 2464px; --smush-placeholder-aspect-ratio: 2464\/1417;\" \/> <img decoding=\"async\" class=\"alignnone size-full wp-image-1308 lazyload\" data-src=\"https:\/\/ubanews.com\/site\/wp-content\/uploads\/2018\/03\/DSC_8704-c\u00f3pia.jpg\" alt=\"\" width=\"2464\" height=\"1417\" data-srcset=\"https:\/\/ubanews.com\/site\/wp-content\/uploads\/2018\/03\/DSC_8704-c\u00f3pia.jpg 2464w, https:\/\/ubanews.com\/site\/wp-content\/uploads\/2018\/03\/DSC_8704-c\u00f3pia-300x173.jpg 300w, https:\/\/ubanews.com\/site\/wp-content\/uploads\/2018\/03\/DSC_8704-c\u00f3pia-768x442.jpg 768w, https:\/\/ubanews.com\/site\/wp-content\/uploads\/2018\/03\/DSC_8704-c\u00f3pia-1024x589.jpg 1024w\" data-sizes=\"(max-width: 2464px) 100vw, 2464px\" src=\"data:image\/svg+xml;base64,PHN2ZyB3aWR0aD0iMSIgaGVpZ2h0PSIxIiB4bWxucz0iaHR0cDovL3d3dy53My5vcmcvMjAwMC9zdmciPjwvc3ZnPg==\" style=\"--smush-placeholder-width: 2464px; --smush-placeholder-aspect-ratio: 2464\/1417;\" \/> <img decoding=\"async\" class=\"alignnone size-full wp-image-1307 lazyload\" data-src=\"https:\/\/ubanews.com\/site\/wp-content\/uploads\/2018\/03\/DSC_8702-c\u00f3pia.jpg\" alt=\"\" width=\"2464\" height=\"1417\" data-srcset=\"https:\/\/ubanews.com\/site\/wp-content\/uploads\/2018\/03\/DSC_8702-c\u00f3pia.jpg 2464w, https:\/\/ubanews.com\/site\/wp-content\/uploads\/2018\/03\/DSC_8702-c\u00f3pia-300x173.jpg 300w, https:\/\/ubanews.com\/site\/wp-content\/uploads\/2018\/03\/DSC_8702-c\u00f3pia-768x442.jpg 768w, https:\/\/ubanews.com\/site\/wp-content\/uploads\/2018\/03\/DSC_8702-c\u00f3pia-1024x589.jpg 1024w\" data-sizes=\"(max-width: 2464px) 100vw, 2464px\" src=\"data:image\/svg+xml;base64,PHN2ZyB3aWR0aD0iMSIgaGVpZ2h0PSIxIiB4bWxucz0iaHR0cDovL3d3dy53My5vcmcvMjAwMC9zdmciPjwvc3ZnPg==\" style=\"--smush-placeholder-width: 2464px; --smush-placeholder-aspect-ratio: 2464\/1417;\" \/> <img decoding=\"async\" class=\"alignnone size-full wp-image-1306 lazyload\" data-src=\"https:\/\/ubanews.com\/site\/wp-content\/uploads\/2018\/03\/DSC_8701-c\u00f3pia.jpg\" alt=\"\" width=\"2464\" height=\"1417\" data-srcset=\"https:\/\/ubanews.com\/site\/wp-content\/uploads\/2018\/03\/DSC_8701-c\u00f3pia.jpg 2464w, https:\/\/ubanews.com\/site\/wp-content\/uploads\/2018\/03\/DSC_8701-c\u00f3pia-300x173.jpg 300w, https:\/\/ubanews.com\/site\/wp-content\/uploads\/2018\/03\/DSC_8701-c\u00f3pia-768x442.jpg 768w, https:\/\/ubanews.com\/site\/wp-content\/uploads\/2018\/03\/DSC_8701-c\u00f3pia-1024x589.jpg 1024w\" data-sizes=\"(max-width: 2464px) 100vw, 2464px\" src=\"data:image\/svg+xml;base64,PHN2ZyB3aWR0aD0iMSIgaGVpZ2h0PSIxIiB4bWxucz0iaHR0cDovL3d3dy53My5vcmcvMjAwMC9zdmciPjwvc3ZnPg==\" style=\"--smush-placeholder-width: 2464px; --smush-placeholder-aspect-ratio: 2464\/1417;\" \/> <img decoding=\"async\" class=\"alignnone size-full wp-image-1305 lazyload\" data-src=\"https:\/\/ubanews.com\/site\/wp-content\/uploads\/2018\/03\/DSC_8700-c\u00f3pia.jpg\" alt=\"\" width=\"2464\" height=\"1417\" data-srcset=\"https:\/\/ubanews.com\/site\/wp-content\/uploads\/2018\/03\/DSC_8700-c\u00f3pia.jpg 2464w, https:\/\/ubanews.com\/site\/wp-content\/uploads\/2018\/03\/DSC_8700-c\u00f3pia-300x173.jpg 300w, https:\/\/ubanews.com\/site\/wp-content\/uploads\/2018\/03\/DSC_8700-c\u00f3pia-768x442.jpg 768w, https:\/\/ubanews.com\/site\/wp-content\/uploads\/2018\/03\/DSC_8700-c\u00f3pia-1024x589.jpg 1024w\" data-sizes=\"(max-width: 2464px) 100vw, 2464px\" src=\"data:image\/svg+xml;base64,PHN2ZyB3aWR0aD0iMSIgaGVpZ2h0PSIxIiB4bWxucz0iaHR0cDovL3d3dy53My5vcmcvMjAwMC9zdmciPjwvc3ZnPg==\" style=\"--smush-placeholder-width: 2464px; --smush-placeholder-aspect-ratio: 2464\/1417;\" \/> <img decoding=\"async\" class=\"alignnone size-full wp-image-1304 lazyload\" data-src=\"https:\/\/ubanews.com\/site\/wp-content\/uploads\/2018\/03\/DSC_8698-c\u00f3pia.jpg\" alt=\"\" width=\"2464\" height=\"1417\" data-srcset=\"https:\/\/ubanews.com\/site\/wp-content\/uploads\/2018\/03\/DSC_8698-c\u00f3pia.jpg 2464w, https:\/\/ubanews.com\/site\/wp-content\/uploads\/2018\/03\/DSC_8698-c\u00f3pia-300x173.jpg 300w, https:\/\/ubanews.com\/site\/wp-content\/uploads\/2018\/03\/DSC_8698-c\u00f3pia-768x442.jpg 768w, https:\/\/ubanews.com\/site\/wp-content\/uploads\/2018\/03\/DSC_8698-c\u00f3pia-1024x589.jpg 1024w\" data-sizes=\"(max-width: 2464px) 100vw, 2464px\" src=\"data:image\/svg+xml;base64,PHN2ZyB3aWR0aD0iMSIgaGVpZ2h0PSIxIiB4bWxucz0iaHR0cDovL3d3dy53My5vcmcvMjAwMC9zdmciPjwvc3ZnPg==\" style=\"--smush-placeholder-width: 2464px; --smush-placeholder-aspect-ratio: 2464\/1417;\" \/> <img decoding=\"async\" class=\"alignnone size-full wp-image-1303 lazyload\" data-src=\"https:\/\/ubanews.com\/site\/wp-content\/uploads\/2018\/03\/DSC_8697-c\u00f3pia.jpg\" alt=\"\" width=\"2464\" height=\"1417\" data-srcset=\"https:\/\/ubanews.com\/site\/wp-content\/uploads\/2018\/03\/DSC_8697-c\u00f3pia.jpg 2464w, https:\/\/ubanews.com\/site\/wp-content\/uploads\/2018\/03\/DSC_8697-c\u00f3pia-300x173.jpg 300w, https:\/\/ubanews.com\/site\/wp-content\/uploads\/2018\/03\/DSC_8697-c\u00f3pia-768x442.jpg 768w, https:\/\/ubanews.com\/site\/wp-content\/uploads\/2018\/03\/DSC_8697-c\u00f3pia-1024x589.jpg 1024w\" data-sizes=\"(max-width: 2464px) 100vw, 2464px\" src=\"data:image\/svg+xml;base64,PHN2ZyB3aWR0aD0iMSIgaGVpZ2h0PSIxIiB4bWxucz0iaHR0cDovL3d3dy53My5vcmcvMjAwMC9zdmciPjwvc3ZnPg==\" style=\"--smush-placeholder-width: 2464px; --smush-placeholder-aspect-ratio: 2464\/1417;\" \/> <img decoding=\"async\" class=\"alignnone size-full wp-image-1302 lazyload\" data-src=\"https:\/\/ubanews.com\/site\/wp-content\/uploads\/2018\/03\/DSC_8694-c\u00f3pia.jpg\" alt=\"\" width=\"2464\" height=\"1417\" data-srcset=\"https:\/\/ubanews.com\/site\/wp-content\/uploads\/2018\/03\/DSC_8694-c\u00f3pia.jpg 2464w, https:\/\/ubanews.com\/site\/wp-content\/uploads\/2018\/03\/DSC_8694-c\u00f3pia-300x173.jpg 300w, https:\/\/ubanews.com\/site\/wp-content\/uploads\/2018\/03\/DSC_8694-c\u00f3pia-768x442.jpg 768w, https:\/\/ubanews.com\/site\/wp-content\/uploads\/2018\/03\/DSC_8694-c\u00f3pia-1024x589.jpg 1024w\" data-sizes=\"(max-width: 2464px) 100vw, 2464px\" src=\"data:image\/svg+xml;base64,PHN2ZyB3aWR0aD0iMSIgaGVpZ2h0PSIxIiB4bWxucz0iaHR0cDovL3d3dy53My5vcmcvMjAwMC9zdmciPjwvc3ZnPg==\" style=\"--smush-placeholder-width: 2464px; --smush-placeholder-aspect-ratio: 2464\/1417;\" \/> <img decoding=\"async\" class=\"alignnone size-full wp-image-1300 lazyload\" data-src=\"https:\/\/ubanews.com\/site\/wp-content\/uploads\/2018\/03\/DSC_8747-c\u00f3pia.jpg\" alt=\"\" width=\"2464\" height=\"1417\" data-srcset=\"https:\/\/ubanews.com\/site\/wp-content\/uploads\/2018\/03\/DSC_8747-c\u00f3pia.jpg 2464w, https:\/\/ubanews.com\/site\/wp-content\/uploads\/2018\/03\/DSC_8747-c\u00f3pia-300x173.jpg 300w, https:\/\/ubanews.com\/site\/wp-content\/uploads\/2018\/03\/DSC_8747-c\u00f3pia-768x442.jpg 768w, https:\/\/ubanews.com\/site\/wp-content\/uploads\/2018\/03\/DSC_8747-c\u00f3pia-1024x589.jpg 1024w\" data-sizes=\"(max-width: 2464px) 100vw, 2464px\" src=\"data:image\/svg+xml;base64,PHN2ZyB3aWR0aD0iMSIgaGVpZ2h0PSIxIiB4bWxucz0iaHR0cDovL3d3dy53My5vcmcvMjAwMC9zdmciPjwvc3ZnPg==\" style=\"--smush-placeholder-width: 2464px; --smush-placeholder-aspect-ratio: 2464\/1417;\" \/> <img decoding=\"async\" class=\"alignnone size-full wp-image-1299 lazyload\" data-src=\"https:\/\/ubanews.com\/site\/wp-content\/uploads\/2018\/03\/DSC_8743-c\u00f3pia.jpg\" alt=\"\" width=\"2464\" height=\"1417\" data-srcset=\"https:\/\/ubanews.com\/site\/wp-content\/uploads\/2018\/03\/DSC_8743-c\u00f3pia.jpg 2464w, https:\/\/ubanews.com\/site\/wp-content\/uploads\/2018\/03\/DSC_8743-c\u00f3pia-300x173.jpg 300w, https:\/\/ubanews.com\/site\/wp-content\/uploads\/2018\/03\/DSC_8743-c\u00f3pia-768x442.jpg 768w, https:\/\/ubanews.com\/site\/wp-content\/uploads\/2018\/03\/DSC_8743-c\u00f3pia-1024x589.jpg 1024w\" data-sizes=\"(max-width: 2464px) 100vw, 2464px\" src=\"data:image\/svg+xml;base64,PHN2ZyB3aWR0aD0iMSIgaGVpZ2h0PSIxIiB4bWxucz0iaHR0cDovL3d3dy53My5vcmcvMjAwMC9zdmciPjwvc3ZnPg==\" style=\"--smush-placeholder-width: 2464px; --smush-placeholder-aspect-ratio: 2464\/1417;\" \/> <img decoding=\"async\" class=\"alignnone size-full wp-image-1298 lazyload\" data-src=\"https:\/\/ubanews.com\/site\/wp-content\/uploads\/2018\/03\/DSC_8742-c\u00f3pia.jpg\" alt=\"\" width=\"2464\" height=\"1417\" data-srcset=\"https:\/\/ubanews.com\/site\/wp-content\/uploads\/2018\/03\/DSC_8742-c\u00f3pia.jpg 2464w, https:\/\/ubanews.com\/site\/wp-content\/uploads\/2018\/03\/DSC_8742-c\u00f3pia-300x173.jpg 300w, https:\/\/ubanews.com\/site\/wp-content\/uploads\/2018\/03\/DSC_8742-c\u00f3pia-768x442.jpg 768w, https:\/\/ubanews.com\/site\/wp-content\/uploads\/2018\/03\/DSC_8742-c\u00f3pia-1024x589.jpg 1024w\" data-sizes=\"(max-width: 2464px) 100vw, 2464px\" src=\"data:image\/svg+xml;base64,PHN2ZyB3aWR0aD0iMSIgaGVpZ2h0PSIxIiB4bWxucz0iaHR0cDovL3d3dy53My5vcmcvMjAwMC9zdmciPjwvc3ZnPg==\" style=\"--smush-placeholder-width: 2464px; --smush-placeholder-aspect-ratio: 2464\/1417;\" \/> <img decoding=\"async\" class=\"alignnone size-full wp-image-1297 lazyload\" data-src=\"https:\/\/ubanews.com\/site\/wp-content\/uploads\/2018\/03\/DSC_8740-c\u00f3pia.jpg\" alt=\"\" width=\"2464\" height=\"1417\" data-srcset=\"https:\/\/ubanews.com\/site\/wp-content\/uploads\/2018\/03\/DSC_8740-c\u00f3pia.jpg 2464w, https:\/\/ubanews.com\/site\/wp-content\/uploads\/2018\/03\/DSC_8740-c\u00f3pia-300x173.jpg 300w, https:\/\/ubanews.com\/site\/wp-content\/uploads\/2018\/03\/DSC_8740-c\u00f3pia-768x442.jpg 768w, https:\/\/ubanews.com\/site\/wp-content\/uploads\/2018\/03\/DSC_8740-c\u00f3pia-1024x589.jpg 1024w\" data-sizes=\"(max-width: 2464px) 100vw, 2464px\" src=\"data:image\/svg+xml;base64,PHN2ZyB3aWR0aD0iMSIgaGVpZ2h0PSIxIiB4bWxucz0iaHR0cDovL3d3dy53My5vcmcvMjAwMC9zdmciPjwvc3ZnPg==\" style=\"--smush-placeholder-width: 2464px; --smush-placeholder-aspect-ratio: 2464\/1417;\" \/> <img decoding=\"async\" class=\"alignnone size-full wp-image-1296 lazyload\" data-src=\"https:\/\/ubanews.com\/site\/wp-content\/uploads\/2018\/03\/DSC_8735-c\u00f3pia.jpg\" alt=\"\" width=\"2464\" height=\"1417\" data-srcset=\"https:\/\/ubanews.com\/site\/wp-content\/uploads\/2018\/03\/DSC_8735-c\u00f3pia.jpg 2464w, https:\/\/ubanews.com\/site\/wp-content\/uploads\/2018\/03\/DSC_8735-c\u00f3pia-300x173.jpg 300w, https:\/\/ubanews.com\/site\/wp-content\/uploads\/2018\/03\/DSC_8735-c\u00f3pia-768x442.jpg 768w, https:\/\/ubanews.com\/site\/wp-content\/uploads\/2018\/03\/DSC_8735-c\u00f3pia-1024x589.jpg 1024w\" data-sizes=\"(max-width: 2464px) 100vw, 2464px\" src=\"data:image\/svg+xml;base64,PHN2ZyB3aWR0aD0iMSIgaGVpZ2h0PSIxIiB4bWxucz0iaHR0cDovL3d3dy53My5vcmcvMjAwMC9zdmciPjwvc3ZnPg==\" style=\"--smush-placeholder-width: 2464px; --smush-placeholder-aspect-ratio: 2464\/1417;\" \/> <img decoding=\"async\" class=\"alignnone size-full wp-image-1295 lazyload\" data-src=\"https:\/\/ubanews.com\/site\/wp-content\/uploads\/2018\/03\/DSC_8734-c\u00f3pia.jpg\" alt=\"\" width=\"2464\" height=\"1417\" data-srcset=\"https:\/\/ubanews.com\/site\/wp-content\/uploads\/2018\/03\/DSC_8734-c\u00f3pia.jpg 2464w, https:\/\/ubanews.com\/site\/wp-content\/uploads\/2018\/03\/DSC_8734-c\u00f3pia-300x173.jpg 300w, https:\/\/ubanews.com\/site\/wp-content\/uploads\/2018\/03\/DSC_8734-c\u00f3pia-768x442.jpg 768w, https:\/\/ubanews.com\/site\/wp-content\/uploads\/2018\/03\/DSC_8734-c\u00f3pia-1024x589.jpg 1024w\" data-sizes=\"(max-width: 2464px) 100vw, 2464px\" src=\"data:image\/svg+xml;base64,PHN2ZyB3aWR0aD0iMSIgaGVpZ2h0PSIxIiB4bWxucz0iaHR0cDovL3d3dy53My5vcmcvMjAwMC9zdmciPjwvc3ZnPg==\" style=\"--smush-placeholder-width: 2464px; --smush-placeholder-aspect-ratio: 2464\/1417;\" \/> <img decoding=\"async\" class=\"alignnone size-full wp-image-1294 lazyload\" data-src=\"https:\/\/ubanews.com\/site\/wp-content\/uploads\/2018\/03\/DSC_8733-c\u00f3pia.jpg\" alt=\"\" width=\"2464\" height=\"1417\" data-srcset=\"https:\/\/ubanews.com\/site\/wp-content\/uploads\/2018\/03\/DSC_8733-c\u00f3pia.jpg 2464w, https:\/\/ubanews.com\/site\/wp-content\/uploads\/2018\/03\/DSC_8733-c\u00f3pia-300x173.jpg 300w, https:\/\/ubanews.com\/site\/wp-content\/uploads\/2018\/03\/DSC_8733-c\u00f3pia-768x442.jpg 768w, https:\/\/ubanews.com\/site\/wp-content\/uploads\/2018\/03\/DSC_8733-c\u00f3pia-1024x589.jpg 1024w\" data-sizes=\"(max-width: 2464px) 100vw, 2464px\" src=\"data:image\/svg+xml;base64,PHN2ZyB3aWR0aD0iMSIgaGVpZ2h0PSIxIiB4bWxucz0iaHR0cDovL3d3dy53My5vcmcvMjAwMC9zdmciPjwvc3ZnPg==\" style=\"--smush-placeholder-width: 2464px; --smush-placeholder-aspect-ratio: 2464\/1417;\" \/> <img decoding=\"async\" class=\"alignnone size-full wp-image-1293 lazyload\" data-src=\"https:\/\/ubanews.com\/site\/wp-content\/uploads\/2018\/03\/DSC_8732-c\u00f3pia.jpg\" alt=\"\" width=\"2362\" height=\"1417\" data-srcset=\"https:\/\/ubanews.com\/site\/wp-content\/uploads\/2018\/03\/DSC_8732-c\u00f3pia.jpg 2362w, https:\/\/ubanews.com\/site\/wp-content\/uploads\/2018\/03\/DSC_8732-c\u00f3pia-300x180.jpg 300w, https:\/\/ubanews.com\/site\/wp-content\/uploads\/2018\/03\/DSC_8732-c\u00f3pia-768x461.jpg 768w, https:\/\/ubanews.com\/site\/wp-content\/uploads\/2018\/03\/DSC_8732-c\u00f3pia-1024x614.jpg 1024w\" data-sizes=\"(max-width: 2362px) 100vw, 2362px\" src=\"data:image\/svg+xml;base64,PHN2ZyB3aWR0aD0iMSIgaGVpZ2h0PSIxIiB4bWxucz0iaHR0cDovL3d3dy53My5vcmcvMjAwMC9zdmciPjwvc3ZnPg==\" style=\"--smush-placeholder-width: 2362px; --smush-placeholder-aspect-ratio: 2362\/1417;\" \/> <img decoding=\"async\" class=\"alignnone size-full wp-image-1292 lazyload\" data-src=\"https:\/\/ubanews.com\/site\/wp-content\/uploads\/2018\/03\/DSC_8730-c\u00f3pia.jpg\" alt=\"\" width=\"2464\" height=\"1417\" data-srcset=\"https:\/\/ubanews.com\/site\/wp-content\/uploads\/2018\/03\/DSC_8730-c\u00f3pia.jpg 2464w, https:\/\/ubanews.com\/site\/wp-content\/uploads\/2018\/03\/DSC_8730-c\u00f3pia-300x173.jpg 300w, https:\/\/ubanews.com\/site\/wp-content\/uploads\/2018\/03\/DSC_8730-c\u00f3pia-768x442.jpg 768w, https:\/\/ubanews.com\/site\/wp-content\/uploads\/2018\/03\/DSC_8730-c\u00f3pia-1024x589.jpg 1024w\" data-sizes=\"(max-width: 2464px) 100vw, 2464px\" src=\"data:image\/svg+xml;base64,PHN2ZyB3aWR0aD0iMSIgaGVpZ2h0PSIxIiB4bWxucz0iaHR0cDovL3d3dy53My5vcmcvMjAwMC9zdmciPjwvc3ZnPg==\" style=\"--smush-placeholder-width: 2464px; --smush-placeholder-aspect-ratio: 2464\/1417;\" \/> <img decoding=\"async\" class=\"alignnone size-full wp-image-1312 lazyload\" data-src=\"https:\/\/ubanews.com\/site\/wp-content\/uploads\/2018\/03\/DSC_8715-c\u00f3pia.jpg\" alt=\"\" width=\"2464\" height=\"1417\" data-srcset=\"https:\/\/ubanews.com\/site\/wp-content\/uploads\/2018\/03\/DSC_8715-c\u00f3pia.jpg 2464w, https:\/\/ubanews.com\/site\/wp-content\/uploads\/2018\/03\/DSC_8715-c\u00f3pia-300x173.jpg 300w, https:\/\/ubanews.com\/site\/wp-content\/uploads\/2018\/03\/DSC_8715-c\u00f3pia-768x442.jpg 768w, https:\/\/ubanews.com\/site\/wp-content\/uploads\/2018\/03\/DSC_8715-c\u00f3pia-1024x589.jpg 1024w\" data-sizes=\"(max-width: 2464px) 100vw, 2464px\" src=\"data:image\/svg+xml;base64,PHN2ZyB3aWR0aD0iMSIgaGVpZ2h0PSIxIiB4bWxucz0iaHR0cDovL3d3dy53My5vcmcvMjAwMC9zdmciPjwvc3ZnPg==\" style=\"--smush-placeholder-width: 2464px; --smush-placeholder-aspect-ratio: 2464\/1417;\" \/><\/p>\n<p><strong>&nbsp;&nbsp;&nbsp;&nbsp;&nbsp;&nbsp;&nbsp;&nbsp; <\/strong>O organizador Manoel Valente foi surpreendido com o n\u00famero de expositores e consequentemente com o n\u00famero de bicicletas no 1 Primeiro Encontro de Bicicletas Antigas \u00e0s 8h, na Pra\u00e7a S\u00e3o Janu\u00e1rio nesse domingo 25).<\/p>\n<p>&nbsp;&nbsp;&nbsp;&nbsp;&nbsp;&nbsp;&nbsp;&nbsp; Juninho Parma recebeu trof\u00e9u de expositor com n\u00famero de bicicletas, (15); Coronel Fl\u00e1vio Gon\u00e7alves Milagres, seu filho Andr\u00e9 Carvalho Gon\u00e7alves, recebeu o trof\u00e9u por ser o expositor com a bicicleta mais antiga, ve\u00edculo fabricado em 1929; Alber Assis, recebendo o trof\u00e9u de expositor mais distante, ele veio da cidade de Belo Vale, perto de Belo Horizonte. O organizador do evento, Manoel Valente, chamou \u00e0 frente e destacou \u00e0 presen\u00e7a do senhor Jos\u00e9 Perezini Neto \u2013 Z\u00e9 do Pino &#8211; (91), como o expositor de mais idade. Para ele, infelizmente, o regulamento n\u00e3o previa entrega de trof\u00e9u.&nbsp;<\/p>\n<p>&nbsp;&nbsp;&nbsp;&nbsp;&nbsp;&nbsp;&nbsp;&nbsp; O pr\u00f3ximo encontro de bicicletas antigas est\u00e1 marcado para os dias 04\/05 de agosto, durante o Giro de Ub\u00e1.<\/p>\n<p>&nbsp;&nbsp;&nbsp;&nbsp;&nbsp;&nbsp;&nbsp;&nbsp; Manoel Valente, organizador do evento, emocionado, agradeceu a todos os participantes: \u201co evento surpreendeu a todos com mais de 80 (oitenta) bicicletas expostas e as centenas de hist\u00f3rias que foram contadas e compartilhadas&#8230;\u2019\u2019 Estivemos presentes e podemos confirmar o sucesso do evento!<\/p>\n","protected":false},"excerpt":{"rendered":"<p>&nbsp;&nbsp;&nbsp;&nbsp;&nbsp;&nbsp;&nbsp;&nbsp; O organizador Manoel Valente foi surpreendido com o n\u00famero<\/p>\n","protected":false},"author":2,"featured_media":1301,"comment_status":"open","ping_status":"open","sticky":false,"template":"","format":"standard","meta":{"footnotes":""},"categories":[1],"tags":[],"class_list":["post-1344","post","type-post","status-publish","format-standard","has-post-thumbnail","hentry","category-sem-categoria"],"yoast_head":"<!-- This site is optimized with the Yoast SEO plugin v27.2 - https:\/\/yoast.com\/product\/yoast-seo-wordpress\/ -->\n<title>Pra\u00e7a S\u00e3o Janu\u00e1rio sediou primeiro encontro de bicicletas antigas - Ub\u00e1 News<\/title>\n<meta name=\"robots\" content=\"index, follow, max-snippet:-1, max-image-preview:large, max-video-preview:-1\" \/>\n<link rel=\"canonical\" href=\"https:\/\/ubanews.com\/site\/2018\/03\/25\/praca-sao-januario-sediou-primeiro-encontro-de-bicicletas-antigas\/\" \/>\n<meta property=\"og:locale\" content=\"pt_BR\" \/>\n<meta property=\"og:type\" content=\"article\" \/>\n<meta property=\"og:title\" content=\"Pra\u00e7a S\u00e3o Janu\u00e1rio sediou primeiro encontro de bicicletas antigas - Ub\u00e1 News\" \/>\n<meta property=\"og:description\" content=\"&nbsp;&nbsp;&nbsp;&nbsp;&nbsp;&nbsp;&nbsp;&nbsp; O organizador Manoel Valente foi surpreendido com o n\u00famero\" \/>\n<meta property=\"og:url\" content=\"https:\/\/ubanews.com\/site\/2018\/03\/25\/praca-sao-januario-sediou-primeiro-encontro-de-bicicletas-antigas\/\" \/>\n<meta property=\"og:site_name\" content=\"Ub\u00e1 News\" \/>\n<meta property=\"article:publisher\" content=\"https:\/\/www.facebook.com\/Ub%c3%a1News-Carlos-Roberto-Sodr%c3%a9-418778301977370\" \/>\n<meta property=\"article:author\" content=\"https:\/\/www.facebook.com\/carosroberto.sodre.5\/\" \/>\n<meta property=\"article:published_time\" content=\"2018-03-25T21:26:18+00:00\" \/>\n<meta property=\"article:modified_time\" content=\"2018-04-03T13:20:48+00:00\" \/>\n<meta property=\"og:image\" content=\"https:\/\/ubanews.com\/site\/wp-content\/uploads\/2018\/03\/DSC_8693-c\u00f3pia.jpg\" \/>\n\t<meta property=\"og:image:width\" content=\"2464\" \/>\n\t<meta property=\"og:image:height\" content=\"1417\" \/>\n\t<meta property=\"og:image:type\" content=\"image\/jpeg\" \/>\n<meta name=\"author\" content=\"Sodr\u00e9\" \/>\n<meta name=\"twitter:card\" content=\"summary_large_image\" \/>\n<meta name=\"twitter:label1\" content=\"Escrito por\" \/>\n\t<meta name=\"twitter:data1\" content=\"Sodr\u00e9\" \/>\n\t<meta name=\"twitter:label2\" content=\"Est. tempo de leitura\" \/>\n\t<meta name=\"twitter:data2\" content=\"1 minuto\" \/>\n<script type=\"application\/ld+json\" class=\"yoast-schema-graph\">{\"@context\":\"https:\/\/schema.org\",\"@graph\":[{\"@type\":\"Article\",\"@id\":\"https:\/\/ubanews.com\/site\/2018\/03\/25\/praca-sao-januario-sediou-primeiro-encontro-de-bicicletas-antigas\/#article\",\"isPartOf\":{\"@id\":\"https:\/\/ubanews.com\/site\/2018\/03\/25\/praca-sao-januario-sediou-primeiro-encontro-de-bicicletas-antigas\/\"},\"author\":{\"name\":\"Sodr\u00e9\",\"@id\":\"https:\/\/ubanews.com\/site\/#\/schema\/person\/d90c9e47252fbb63dcc969fe4c8b9d10\"},\"headline\":\"Pra\u00e7a S\u00e3o Janu\u00e1rio sediou primeiro encontro de bicicletas antigas\",\"datePublished\":\"2018-03-25T21:26:18+00:00\",\"dateModified\":\"2018-04-03T13:20:48+00:00\",\"mainEntityOfPage\":{\"@id\":\"https:\/\/ubanews.com\/site\/2018\/03\/25\/praca-sao-januario-sediou-primeiro-encontro-de-bicicletas-antigas\/\"},\"wordCount\":244,\"commentCount\":1,\"publisher\":{\"@id\":\"https:\/\/ubanews.com\/site\/#organization\"},\"image\":{\"@id\":\"https:\/\/ubanews.com\/site\/2018\/03\/25\/praca-sao-januario-sediou-primeiro-encontro-de-bicicletas-antigas\/#primaryimage\"},\"thumbnailUrl\":\"https:\/\/ubanews.com\/site\/wp-content\/uploads\/2018\/03\/DSC_8693-c\u00f3pia.jpg\",\"articleSection\":[\"Geral\"],\"inLanguage\":\"pt-BR\",\"potentialAction\":[{\"@type\":\"CommentAction\",\"name\":\"Comment\",\"target\":[\"https:\/\/ubanews.com\/site\/2018\/03\/25\/praca-sao-januario-sediou-primeiro-encontro-de-bicicletas-antigas\/#respond\"]}]},{\"@type\":\"WebPage\",\"@id\":\"https:\/\/ubanews.com\/site\/2018\/03\/25\/praca-sao-januario-sediou-primeiro-encontro-de-bicicletas-antigas\/\",\"url\":\"https:\/\/ubanews.com\/site\/2018\/03\/25\/praca-sao-januario-sediou-primeiro-encontro-de-bicicletas-antigas\/\",\"name\":\"Pra\u00e7a S\u00e3o Janu\u00e1rio sediou primeiro encontro de bicicletas antigas - Ub\u00e1 News\",\"isPartOf\":{\"@id\":\"https:\/\/ubanews.com\/site\/#website\"},\"primaryImageOfPage\":{\"@id\":\"https:\/\/ubanews.com\/site\/2018\/03\/25\/praca-sao-januario-sediou-primeiro-encontro-de-bicicletas-antigas\/#primaryimage\"},\"image\":{\"@id\":\"https:\/\/ubanews.com\/site\/2018\/03\/25\/praca-sao-januario-sediou-primeiro-encontro-de-bicicletas-antigas\/#primaryimage\"},\"thumbnailUrl\":\"https:\/\/ubanews.com\/site\/wp-content\/uploads\/2018\/03\/DSC_8693-c\u00f3pia.jpg\",\"datePublished\":\"2018-03-25T21:26:18+00:00\",\"dateModified\":\"2018-04-03T13:20:48+00:00\",\"breadcrumb\":{\"@id\":\"https:\/\/ubanews.com\/site\/2018\/03\/25\/praca-sao-januario-sediou-primeiro-encontro-de-bicicletas-antigas\/#breadcrumb\"},\"inLanguage\":\"pt-BR\",\"potentialAction\":[{\"@type\":\"ReadAction\",\"target\":[\"https:\/\/ubanews.com\/site\/2018\/03\/25\/praca-sao-januario-sediou-primeiro-encontro-de-bicicletas-antigas\/\"]}]},{\"@type\":\"ImageObject\",\"inLanguage\":\"pt-BR\",\"@id\":\"https:\/\/ubanews.com\/site\/2018\/03\/25\/praca-sao-januario-sediou-primeiro-encontro-de-bicicletas-antigas\/#primaryimage\",\"url\":\"https:\/\/ubanews.com\/site\/wp-content\/uploads\/2018\/03\/DSC_8693-c\u00f3pia.jpg\",\"contentUrl\":\"https:\/\/ubanews.com\/site\/wp-content\/uploads\/2018\/03\/DSC_8693-c\u00f3pia.jpg\",\"width\":2464,\"height\":1417},{\"@type\":\"BreadcrumbList\",\"@id\":\"https:\/\/ubanews.com\/site\/2018\/03\/25\/praca-sao-januario-sediou-primeiro-encontro-de-bicicletas-antigas\/#breadcrumb\",\"itemListElement\":[{\"@type\":\"ListItem\",\"position\":1,\"name\":\"Home\",\"item\":\"https:\/\/ubanews.com\/site\/\"},{\"@type\":\"ListItem\",\"position\":2,\"name\":\"Pra\u00e7a S\u00e3o Janu\u00e1rio sediou primeiro encontro de bicicletas antigas\"}]},{\"@type\":\"WebSite\",\"@id\":\"https:\/\/ubanews.com\/site\/#website\",\"url\":\"https:\/\/ubanews.com\/site\/\",\"name\":\"Ub\u00e1 News\",\"description\":\"\",\"publisher\":{\"@id\":\"https:\/\/ubanews.com\/site\/#organization\"},\"potentialAction\":[{\"@type\":\"SearchAction\",\"target\":{\"@type\":\"EntryPoint\",\"urlTemplate\":\"https:\/\/ubanews.com\/site\/?s={search_term_string}\"},\"query-input\":{\"@type\":\"PropertyValueSpecification\",\"valueRequired\":true,\"valueName\":\"search_term_string\"}}],\"inLanguage\":\"pt-BR\"},{\"@type\":\"Organization\",\"@id\":\"https:\/\/ubanews.com\/site\/#organization\",\"name\":\"Ub\u00e1 News\",\"url\":\"https:\/\/ubanews.com\/site\/\",\"logo\":{\"@type\":\"ImageObject\",\"inLanguage\":\"pt-BR\",\"@id\":\"https:\/\/ubanews.com\/site\/#\/schema\/logo\/image\/\",\"url\":\"https:\/\/ubanews.com\/site\/wp-content\/uploads\/2018\/01\/logoubanews.png\",\"contentUrl\":\"https:\/\/ubanews.com\/site\/wp-content\/uploads\/2018\/01\/logoubanews.png\",\"width\":261,\"height\":99,\"caption\":\"Ub\u00e1 News\"},\"image\":{\"@id\":\"https:\/\/ubanews.com\/site\/#\/schema\/logo\/image\/\"},\"sameAs\":[\"https:\/\/www.facebook.com\/Ub\u00e1News-Carlos-Roberto-Sodr\u00e9-418778301977370\"]},{\"@type\":\"Person\",\"@id\":\"https:\/\/ubanews.com\/site\/#\/schema\/person\/d90c9e47252fbb63dcc969fe4c8b9d10\",\"name\":\"Sodr\u00e9\",\"image\":{\"@type\":\"ImageObject\",\"inLanguage\":\"pt-BR\",\"@id\":\"https:\/\/secure.gravatar.com\/avatar\/5ba2793f0590b9dbfad3fdec4ee714485b3eef211c9b32ee53d414060454a56c?s=96&d=mm&r=g\",\"url\":\"https:\/\/secure.gravatar.com\/avatar\/5ba2793f0590b9dbfad3fdec4ee714485b3eef211c9b32ee53d414060454a56c?s=96&d=mm&r=g\",\"contentUrl\":\"https:\/\/secure.gravatar.com\/avatar\/5ba2793f0590b9dbfad3fdec4ee714485b3eef211c9b32ee53d414060454a56c?s=96&d=mm&r=g\",\"caption\":\"Sodr\u00e9\"},\"sameAs\":[\"https:\/\/www.facebook.com\/carosroberto.sodre.5\/\"],\"url\":\"https:\/\/ubanews.com\/site\/author\/felipe\/\"}]}<\/script>\n<!-- \/ Yoast SEO plugin. -->","yoast_head_json":{"title":"Pra\u00e7a S\u00e3o Janu\u00e1rio sediou primeiro encontro de bicicletas antigas - Ub\u00e1 News","robots":{"index":"index","follow":"follow","max-snippet":"max-snippet:-1","max-image-preview":"max-image-preview:large","max-video-preview":"max-video-preview:-1"},"canonical":"https:\/\/ubanews.com\/site\/2018\/03\/25\/praca-sao-januario-sediou-primeiro-encontro-de-bicicletas-antigas\/","og_locale":"pt_BR","og_type":"article","og_title":"Pra\u00e7a S\u00e3o Janu\u00e1rio sediou primeiro encontro de bicicletas antigas - Ub\u00e1 News","og_description":"&nbsp;&nbsp;&nbsp;&nbsp;&nbsp;&nbsp;&nbsp;&nbsp; O organizador Manoel Valente foi surpreendido com o n\u00famero","og_url":"https:\/\/ubanews.com\/site\/2018\/03\/25\/praca-sao-januario-sediou-primeiro-encontro-de-bicicletas-antigas\/","og_site_name":"Ub\u00e1 News","article_publisher":"https:\/\/www.facebook.com\/Ub%c3%a1News-Carlos-Roberto-Sodr%c3%a9-418778301977370","article_author":"https:\/\/www.facebook.com\/carosroberto.sodre.5\/","article_published_time":"2018-03-25T21:26:18+00:00","article_modified_time":"2018-04-03T13:20:48+00:00","og_image":[{"width":2464,"height":1417,"url":"https:\/\/ubanews.com\/site\/wp-content\/uploads\/2018\/03\/DSC_8693-c\u00f3pia.jpg","type":"image\/jpeg"}],"author":"Sodr\u00e9","twitter_card":"summary_large_image","twitter_misc":{"Escrito por":"Sodr\u00e9","Est. tempo de leitura":"1 minuto"},"schema":{"@context":"https:\/\/schema.org","@graph":[{"@type":"Article","@id":"https:\/\/ubanews.com\/site\/2018\/03\/25\/praca-sao-januario-sediou-primeiro-encontro-de-bicicletas-antigas\/#article","isPartOf":{"@id":"https:\/\/ubanews.com\/site\/2018\/03\/25\/praca-sao-januario-sediou-primeiro-encontro-de-bicicletas-antigas\/"},"author":{"name":"Sodr\u00e9","@id":"https:\/\/ubanews.com\/site\/#\/schema\/person\/d90c9e47252fbb63dcc969fe4c8b9d10"},"headline":"Pra\u00e7a S\u00e3o Janu\u00e1rio sediou primeiro encontro de bicicletas antigas","datePublished":"2018-03-25T21:26:18+00:00","dateModified":"2018-04-03T13:20:48+00:00","mainEntityOfPage":{"@id":"https:\/\/ubanews.com\/site\/2018\/03\/25\/praca-sao-januario-sediou-primeiro-encontro-de-bicicletas-antigas\/"},"wordCount":244,"commentCount":1,"publisher":{"@id":"https:\/\/ubanews.com\/site\/#organization"},"image":{"@id":"https:\/\/ubanews.com\/site\/2018\/03\/25\/praca-sao-januario-sediou-primeiro-encontro-de-bicicletas-antigas\/#primaryimage"},"thumbnailUrl":"https:\/\/ubanews.com\/site\/wp-content\/uploads\/2018\/03\/DSC_8693-c\u00f3pia.jpg","articleSection":["Geral"],"inLanguage":"pt-BR","potentialAction":[{"@type":"CommentAction","name":"Comment","target":["https:\/\/ubanews.com\/site\/2018\/03\/25\/praca-sao-januario-sediou-primeiro-encontro-de-bicicletas-antigas\/#respond"]}]},{"@type":"WebPage","@id":"https:\/\/ubanews.com\/site\/2018\/03\/25\/praca-sao-januario-sediou-primeiro-encontro-de-bicicletas-antigas\/","url":"https:\/\/ubanews.com\/site\/2018\/03\/25\/praca-sao-januario-sediou-primeiro-encontro-de-bicicletas-antigas\/","name":"Pra\u00e7a S\u00e3o Janu\u00e1rio sediou primeiro encontro de bicicletas antigas - Ub\u00e1 News","isPartOf":{"@id":"https:\/\/ubanews.com\/site\/#website"},"primaryImageOfPage":{"@id":"https:\/\/ubanews.com\/site\/2018\/03\/25\/praca-sao-januario-sediou-primeiro-encontro-de-bicicletas-antigas\/#primaryimage"},"image":{"@id":"https:\/\/ubanews.com\/site\/2018\/03\/25\/praca-sao-januario-sediou-primeiro-encontro-de-bicicletas-antigas\/#primaryimage"},"thumbnailUrl":"https:\/\/ubanews.com\/site\/wp-content\/uploads\/2018\/03\/DSC_8693-c\u00f3pia.jpg","datePublished":"2018-03-25T21:26:18+00:00","dateModified":"2018-04-03T13:20:48+00:00","breadcrumb":{"@id":"https:\/\/ubanews.com\/site\/2018\/03\/25\/praca-sao-januario-sediou-primeiro-encontro-de-bicicletas-antigas\/#breadcrumb"},"inLanguage":"pt-BR","potentialAction":[{"@type":"ReadAction","target":["https:\/\/ubanews.com\/site\/2018\/03\/25\/praca-sao-januario-sediou-primeiro-encontro-de-bicicletas-antigas\/"]}]},{"@type":"ImageObject","inLanguage":"pt-BR","@id":"https:\/\/ubanews.com\/site\/2018\/03\/25\/praca-sao-januario-sediou-primeiro-encontro-de-bicicletas-antigas\/#primaryimage","url":"https:\/\/ubanews.com\/site\/wp-content\/uploads\/2018\/03\/DSC_8693-c\u00f3pia.jpg","contentUrl":"https:\/\/ubanews.com\/site\/wp-content\/uploads\/2018\/03\/DSC_8693-c\u00f3pia.jpg","width":2464,"height":1417},{"@type":"BreadcrumbList","@id":"https:\/\/ubanews.com\/site\/2018\/03\/25\/praca-sao-januario-sediou-primeiro-encontro-de-bicicletas-antigas\/#breadcrumb","itemListElement":[{"@type":"ListItem","position":1,"name":"Home","item":"https:\/\/ubanews.com\/site\/"},{"@type":"ListItem","position":2,"name":"Pra\u00e7a S\u00e3o Janu\u00e1rio sediou primeiro encontro de bicicletas antigas"}]},{"@type":"WebSite","@id":"https:\/\/ubanews.com\/site\/#website","url":"https:\/\/ubanews.com\/site\/","name":"Ub\u00e1 News","description":"","publisher":{"@id":"https:\/\/ubanews.com\/site\/#organization"},"potentialAction":[{"@type":"SearchAction","target":{"@type":"EntryPoint","urlTemplate":"https:\/\/ubanews.com\/site\/?s={search_term_string}"},"query-input":{"@type":"PropertyValueSpecification","valueRequired":true,"valueName":"search_term_string"}}],"inLanguage":"pt-BR"},{"@type":"Organization","@id":"https:\/\/ubanews.com\/site\/#organization","name":"Ub\u00e1 News","url":"https:\/\/ubanews.com\/site\/","logo":{"@type":"ImageObject","inLanguage":"pt-BR","@id":"https:\/\/ubanews.com\/site\/#\/schema\/logo\/image\/","url":"https:\/\/ubanews.com\/site\/wp-content\/uploads\/2018\/01\/logoubanews.png","contentUrl":"https:\/\/ubanews.com\/site\/wp-content\/uploads\/2018\/01\/logoubanews.png","width":261,"height":99,"caption":"Ub\u00e1 News"},"image":{"@id":"https:\/\/ubanews.com\/site\/#\/schema\/logo\/image\/"},"sameAs":["https:\/\/www.facebook.com\/Ub\u00e1News-Carlos-Roberto-Sodr\u00e9-418778301977370"]},{"@type":"Person","@id":"https:\/\/ubanews.com\/site\/#\/schema\/person\/d90c9e47252fbb63dcc969fe4c8b9d10","name":"Sodr\u00e9","image":{"@type":"ImageObject","inLanguage":"pt-BR","@id":"https:\/\/secure.gravatar.com\/avatar\/5ba2793f0590b9dbfad3fdec4ee714485b3eef211c9b32ee53d414060454a56c?s=96&d=mm&r=g","url":"https:\/\/secure.gravatar.com\/avatar\/5ba2793f0590b9dbfad3fdec4ee714485b3eef211c9b32ee53d414060454a56c?s=96&d=mm&r=g","contentUrl":"https:\/\/secure.gravatar.com\/avatar\/5ba2793f0590b9dbfad3fdec4ee714485b3eef211c9b32ee53d414060454a56c?s=96&d=mm&r=g","caption":"Sodr\u00e9"},"sameAs":["https:\/\/www.facebook.com\/carosroberto.sodre.5\/"],"url":"https:\/\/ubanews.com\/site\/author\/felipe\/"}]}},"_links":{"self":[{"href":"https:\/\/ubanews.com\/site\/wp-json\/wp\/v2\/posts\/1344","targetHints":{"allow":["GET"]}}],"collection":[{"href":"https:\/\/ubanews.com\/site\/wp-json\/wp\/v2\/posts"}],"about":[{"href":"https:\/\/ubanews.com\/site\/wp-json\/wp\/v2\/types\/post"}],"author":[{"embeddable":true,"href":"https:\/\/ubanews.com\/site\/wp-json\/wp\/v2\/users\/2"}],"replies":[{"embeddable":true,"href":"https:\/\/ubanews.com\/site\/wp-json\/wp\/v2\/comments?post=1344"}],"version-history":[{"count":0,"href":"https:\/\/ubanews.com\/site\/wp-json\/wp\/v2\/posts\/1344\/revisions"}],"wp:featuredmedia":[{"embeddable":true,"href":"https:\/\/ubanews.com\/site\/wp-json\/wp\/v2\/media\/1301"}],"wp:attachment":[{"href":"https:\/\/ubanews.com\/site\/wp-json\/wp\/v2\/media?parent=1344"}],"wp:term":[{"taxonomy":"category","embeddable":true,"href":"https:\/\/ubanews.com\/site\/wp-json\/wp\/v2\/categories?post=1344"},{"taxonomy":"post_tag","embeddable":true,"href":"https:\/\/ubanews.com\/site\/wp-json\/wp\/v2\/tags?post=1344"}],"curies":[{"name":"wp","href":"https:\/\/api.w.org\/{rel}","templated":true}]}}