{"id":13167,"date":"2019-08-10T13:10:21","date_gmt":"2019-08-10T16:10:21","guid":{"rendered":"http:\/\/ubanews.com\/site\/?p=13167"},"modified":"2019-08-10T13:10:21","modified_gmt":"2019-08-10T16:10:21","slug":"ciclista-morre-em-acidente-na-mg-133-em-rio-pomba","status":"publish","type":"post","link":"https:\/\/ubanews.com\/site\/2019\/08\/10\/ciclista-morre-em-acidente-na-mg-133-em-rio-pomba\/","title":{"rendered":"Ciclista morre em acidente na MG-133 em Rio Pomba"},"content":{"rendered":"<div class=\"mc-column content-text active-extra-styles \" data-block-type=\"unstyled\" data-block-weight=\"22\" data-block-id=\"2\">\n<p class=\"content-text__container \" data-track-category=\"Link no Texto\" data-track-links=\"\"><em><a href=\"https:\/\/ubanews.com\/site\/wp-content\/uploads\/2019\/07\/Logo-Felipe-web-1.png\"><img loading=\"lazy\" decoding=\"async\" class=\"wp-image-12632 size-medium alignright\" src=\"https:\/\/ubanews.com\/site\/wp-content\/uploads\/2019\/07\/Logo-Felipe-web-1-300x203.png\" alt=\"\" width=\"300\" height=\"203\" srcset=\"https:\/\/ubanews.com\/site\/wp-content\/uploads\/2019\/07\/Logo-Felipe-web-1-300x203.png 300w, https:\/\/ubanews.com\/site\/wp-content\/uploads\/2019\/07\/Logo-Felipe-web-1-768x521.png 768w, https:\/\/ubanews.com\/site\/wp-content\/uploads\/2019\/07\/Logo-Felipe-web-1-120x80.png 120w, https:\/\/ubanews.com\/site\/wp-content\/uploads\/2019\/07\/Logo-Felipe-web-1.png 900w\" sizes=\"auto, (max-width: 300px) 100vw, 300px\" \/><\/a><\/em>Um trabalhador rural de 83 anos morreu na MG-133 na madrugada deste s\u00e1bado (10) em Rio Pomba, na Zona da Mata.<\/p>\n<\/div>\n<div class=\"wall protected-content\">\n<div class=\"mc-column content-text active-extra-styles \" data-block-type=\"unstyled\" data-block-weight=\"39\" data-block-id=\"3\">\n<p class=\"content-text__container \" data-track-category=\"Link no Texto\" data-track-links=\"\">As informa\u00e7\u00f5es apuradas pela Pol\u00edcia Militar Rodovi\u00e1ria (PMR) s\u00e3o de que o idoso andava \u00e0 margem da rodovia, quando foi atropelado. O ve\u00edculo invadiu a contram\u00e3o e atingiu o ciclista de frente. O trabalhador rural morreu na hora.<\/p>\n<\/div>\n<div data-track-category=\"multicontent\" data-track-action=\"ultimo chunk conteudo\" data-track-noninteraction=\"false\" data-track-scroll=\"view\">\n<div class=\"mc-column content-text active-extra-styles \" data-block-type=\"unstyled\" data-block-weight=\"34\" data-block-id=\"4\">\n<p class=\"content-text__container \" data-track-category=\"Link no Texto\" data-track-links=\"\">Outras informa\u00e7\u00f5es recebidas pela PMR apontam que um carro de cor preta parou em um bar pr\u00f3ximo, estava com para-brisas danificados e pneu dianteiro furado. O motorista fugiu e ainda n\u00e3o foi identificado.<\/p>\n<p data-track-category=\"Link no Texto\" data-track-links=\"\"><strong>FONTE: <a href=\"https:\/\/g1.globo.com\/mg\/zona-da-mata\/noticia\/2019\/08\/10\/ciclista-morre-em-acidente-na-mg-133-em-rio-pomba-mg.ghtml?fbclid=IwAR292_3p4VFyQMXPA63mUP8BrdWf95Hzl-mzYXpQQk9GBKf5i03QCLayF4s\" target=\"_blank\" rel=\"noopener\">G1<\/a><\/strong><\/p>\n<\/div>\n<\/div>\n<\/div>\n","protected":false},"excerpt":{"rendered":"<p>Um trabalhador rural de 83 anos morreu na MG-133 na<\/p>\n","protected":false},"author":2,"featured_media":13168,"comment_status":"open","ping_status":"open","sticky":false,"template":"","format":"standard","meta":{"footnotes":""},"categories":[1],"tags":[],"class_list":["post-13167","post","type-post","status-publish","format-standard","has-post-thumbnail","hentry","category-sem-categoria"],"_links":{"self":[{"href":"https:\/\/ubanews.com\/site\/wp-json\/wp\/v2\/posts\/13167","targetHints":{"allow":["GET"]}}],"collection":[{"href":"https:\/\/ubanews.com\/site\/wp-json\/wp\/v2\/posts"}],"about":[{"href":"https:\/\/ubanews.com\/site\/wp-json\/wp\/v2\/types\/post"}],"author":[{"embeddable":true,"href":"https:\/\/ubanews.com\/site\/wp-json\/wp\/v2\/users\/2"}],"replies":[{"embeddable":true,"href":"https:\/\/ubanews.com\/site\/wp-json\/wp\/v2\/comments?post=13167"}],"version-history":[{"count":0,"href":"https:\/\/ubanews.com\/site\/wp-json\/wp\/v2\/posts\/13167\/revisions"}],"wp:featuredmedia":[{"embeddable":true,"href":"https:\/\/ubanews.com\/site\/wp-json\/wp\/v2\/media\/13168"}],"wp:attachment":[{"href":"https:\/\/ubanews.com\/site\/wp-json\/wp\/v2\/media?parent=13167"}],"wp:term":[{"taxonomy":"category","embeddable":true,"href":"https:\/\/ubanews.com\/site\/wp-json\/wp\/v2\/categories?post=13167"},{"taxonomy":"post_tag","embeddable":true,"href":"https:\/\/ubanews.com\/site\/wp-json\/wp\/v2\/tags?post=13167"}],"curies":[{"name":"wp","href":"https:\/\/api.w.org\/{rel}","templated":true}]}}