{"id":13164,"date":"2019-08-10T10:40:28","date_gmt":"2019-08-10T13:40:28","guid":{"rendered":"http:\/\/ubanews.com\/site\/?p=13164"},"modified":"2019-08-10T13:15:03","modified_gmt":"2019-08-10T16:15:03","slug":"resultados-surpreendes-em-operacao-conjunta-entre-policia-militar-policia-civil-poder-judiciario-e-ministerio-publico","status":"publish","type":"post","link":"https:\/\/ubanews.com\/site\/2019\/08\/10\/resultados-surpreendes-em-operacao-conjunta-entre-policia-militar-policia-civil-poder-judiciario-e-ministerio-publico\/","title":{"rendered":"RESULTADOS SURPREENDES EM OPERA\u00c7\u00c3O CONJUNTA ENTRE POL\u00cdCIA MILITAR, POL\u00cdCIA CIVIL, PODER JUDICI\u00c1RIO E MINIST\u00c9RIO P\u00daBLICO"},"content":{"rendered":"<p><em><a href=\"https:\/\/ubanews.com\/site\/wp-content\/uploads\/2019\/07\/Logo-Felipe-web-1.png\"><img loading=\"lazy\" decoding=\"async\" class=\"wp-image-12632 size-medium alignright\" src=\"https:\/\/ubanews.com\/site\/wp-content\/uploads\/2019\/07\/Logo-Felipe-web-1-300x203.png\" alt=\"\" width=\"300\" height=\"203\" srcset=\"https:\/\/ubanews.com\/site\/wp-content\/uploads\/2019\/07\/Logo-Felipe-web-1-300x203.png 300w, https:\/\/ubanews.com\/site\/wp-content\/uploads\/2019\/07\/Logo-Felipe-web-1-768x521.png 768w, https:\/\/ubanews.com\/site\/wp-content\/uploads\/2019\/07\/Logo-Felipe-web-1-120x80.png 120w, https:\/\/ubanews.com\/site\/wp-content\/uploads\/2019\/07\/Logo-Felipe-web-1.png 900w\" sizes=\"auto, (max-width: 300px) 100vw, 300px\" \/><\/a><\/em>Na manh\u00e3 desta sexta feira, 09 de agosto de 2019, foi deflagrada a opera\u00e7\u00e3o \u201cCavalo de Tr\u00f3ia\u201d, numa a\u00e7\u00e3o conjunta entre a Pol\u00edcia Militar, Pol\u00edcia Civil, Poder Judici\u00e1rio e Minist\u00e9rio P\u00fablico, com o objetivo de combater o Tr\u00e1fico Il\u00edcito de Drogas e&nbsp;demais crimes correlatos na cidade de Ub\u00e1.<\/p>\n<p>Desde as primeiras horas do dia foram cumpridos diversos Mandados de&nbsp;Busca e Apreens\u00e3o e tamb\u00e9m Mandados de Pris\u00e3o, com o apoio de uma aeronave da PMMG.<br \/>\nPor parte da Pol\u00edcia Militar de Minas Gerais, foram obtidos os seguintes<br \/>\nresultados, os quais foram considerados bastante positivos:<br \/>\n15 indiv\u00edduos presos;<br \/>\n01 indiv\u00edduo menor de idade apreendido;<br \/>\n30 pinos de subst\u00e2ncia an\u00e1loga \u00e0 Coca\u00edna;<br \/>\n300 Gramas(aproximadamente) de subst\u00e2ncia an\u00e1loga a Crack;<br \/>\n01 barra de tamanho consider\u00e1vel subst\u00e2ncia an\u00e1loga \u00e0 Maconha;<br \/>\n03 bases para r\u00e1dio HT;<br \/>\nR$ 8.496,00 em moeda corrente;<br \/>\n02 buchas de subst\u00e2ncia an\u00e1loga \u00e0 Maconha;<br \/>\n02 aparelhos de telefone celular.<\/p>\n<div><span style=\"font-family: 'Arial','sans-serif';\"><span style=\"font-size: large;\"><b>ASSESSORIA DE COMUNICA\u00c7\u00c3O ORGANIZACIONAL<\/b><\/span><i><b><br \/>\n<\/b><\/i><\/span><\/div>\n<p><span style=\"font-family: 'Arial','sans-serif';\"><i>Vig\u00e9simo Primeiro Batalh\u00e3o de Pol\u00edcia Militar<\/i><\/span><\/p>\n","protected":false},"excerpt":{"rendered":"<p>Na manh\u00e3 desta sexta feira, 09 de agosto de 2019,<\/p>\n","protected":false},"author":2,"featured_media":13165,"comment_status":"open","ping_status":"open","sticky":false,"template":"","format":"standard","meta":{"footnotes":""},"categories":[13],"tags":[],"class_list":["post-13164","post","type-post","status-publish","format-standard","has-post-thumbnail","hentry","category-sintese-das-ocorrencias"],"_links":{"self":[{"href":"https:\/\/ubanews.com\/site\/wp-json\/wp\/v2\/posts\/13164","targetHints":{"allow":["GET"]}}],"collection":[{"href":"https:\/\/ubanews.com\/site\/wp-json\/wp\/v2\/posts"}],"about":[{"href":"https:\/\/ubanews.com\/site\/wp-json\/wp\/v2\/types\/post"}],"author":[{"embeddable":true,"href":"https:\/\/ubanews.com\/site\/wp-json\/wp\/v2\/users\/2"}],"replies":[{"embeddable":true,"href":"https:\/\/ubanews.com\/site\/wp-json\/wp\/v2\/comments?post=13164"}],"version-history":[{"count":0,"href":"https:\/\/ubanews.com\/site\/wp-json\/wp\/v2\/posts\/13164\/revisions"}],"wp:featuredmedia":[{"embeddable":true,"href":"https:\/\/ubanews.com\/site\/wp-json\/wp\/v2\/media\/13165"}],"wp:attachment":[{"href":"https:\/\/ubanews.com\/site\/wp-json\/wp\/v2\/media?parent=13164"}],"wp:term":[{"taxonomy":"category","embeddable":true,"href":"https:\/\/ubanews.com\/site\/wp-json\/wp\/v2\/categories?post=13164"},{"taxonomy":"post_tag","embeddable":true,"href":"https:\/\/ubanews.com\/site\/wp-json\/wp\/v2\/tags?post=13164"}],"curies":[{"name":"wp","href":"https:\/\/api.w.org\/{rel}","templated":true}]}}