{"id":1291,"date":"2018-03-25T12:56:51","date_gmt":"2018-03-25T15:56:51","guid":{"rendered":"http:\/\/ubanews.com\/site\/?p=1291"},"modified":"2018-03-29T14:43:16","modified_gmt":"2018-03-29T17:43:16","slug":"a-associacao-dos-viajantes-e-representantes-comerciais-do-brasil-da-posse-a-nova-diretoria","status":"publish","type":"post","link":"https:\/\/ubanews.com\/site\/2018\/03\/25\/a-associacao-dos-viajantes-e-representantes-comerciais-do-brasil-da-posse-a-nova-diretoria\/","title":{"rendered":"A Associa\u00e7\u00e3o dos Viajantes e Representantes Comerciais do Brasil d\u00e1 posse a nova diretoria"},"content":{"rendered":"<p>&nbsp;<img decoding=\"async\" class=\"alignnone size-full wp-image-1340 lazyload\" data-src=\"https:\/\/ubanews.com\/site\/wp-content\/uploads\/2018\/03\/DSC8667-c\u00f3pia.jpg\" alt=\"\" width=\"2480\" height=\"1417\" data-srcset=\"https:\/\/ubanews.com\/site\/wp-content\/uploads\/2018\/03\/DSC8667-c\u00f3pia.jpg 2480w, https:\/\/ubanews.com\/site\/wp-content\/uploads\/2018\/03\/DSC8667-c\u00f3pia-300x171.jpg 300w, https:\/\/ubanews.com\/site\/wp-content\/uploads\/2018\/03\/DSC8667-c\u00f3pia-768x439.jpg 768w, https:\/\/ubanews.com\/site\/wp-content\/uploads\/2018\/03\/DSC8667-c\u00f3pia-1024x585.jpg 1024w\" data-sizes=\"(max-width: 2480px) 100vw, 2480px\" src=\"data:image\/svg+xml;base64,PHN2ZyB3aWR0aD0iMSIgaGVpZ2h0PSIxIiB4bWxucz0iaHR0cDovL3d3dy53My5vcmcvMjAwMC9zdmciPjwvc3ZnPg==\" style=\"--smush-placeholder-width: 2480px; --smush-placeholder-aspect-ratio: 2480\/1417;\" \/> <img decoding=\"async\" class=\"alignnone size-full wp-image-1338 lazyload\" data-src=\"https:\/\/ubanews.com\/site\/wp-content\/uploads\/2018\/03\/DSC8661-c\u00f3pia.jpg\" alt=\"\" width=\"2480\" height=\"1417\" data-srcset=\"https:\/\/ubanews.com\/site\/wp-content\/uploads\/2018\/03\/DSC8661-c\u00f3pia.jpg 2480w, https:\/\/ubanews.com\/site\/wp-content\/uploads\/2018\/03\/DSC8661-c\u00f3pia-300x171.jpg 300w, https:\/\/ubanews.com\/site\/wp-content\/uploads\/2018\/03\/DSC8661-c\u00f3pia-768x439.jpg 768w, https:\/\/ubanews.com\/site\/wp-content\/uploads\/2018\/03\/DSC8661-c\u00f3pia-1024x585.jpg 1024w\" data-sizes=\"(max-width: 2480px) 100vw, 2480px\" src=\"data:image\/svg+xml;base64,PHN2ZyB3aWR0aD0iMSIgaGVpZ2h0PSIxIiB4bWxucz0iaHR0cDovL3d3dy53My5vcmcvMjAwMC9zdmciPjwvc3ZnPg==\" style=\"--smush-placeholder-width: 2480px; --smush-placeholder-aspect-ratio: 2480\/1417;\" \/> <img decoding=\"async\" class=\"alignnone size-full wp-image-1337 lazyload\" data-src=\"https:\/\/ubanews.com\/site\/wp-content\/uploads\/2018\/03\/DSC8660-c\u00f3pia.jpg\" alt=\"\" width=\"2480\" height=\"1417\" data-srcset=\"https:\/\/ubanews.com\/site\/wp-content\/uploads\/2018\/03\/DSC8660-c\u00f3pia.jpg 2480w, https:\/\/ubanews.com\/site\/wp-content\/uploads\/2018\/03\/DSC8660-c\u00f3pia-300x171.jpg 300w, https:\/\/ubanews.com\/site\/wp-content\/uploads\/2018\/03\/DSC8660-c\u00f3pia-768x439.jpg 768w, https:\/\/ubanews.com\/site\/wp-content\/uploads\/2018\/03\/DSC8660-c\u00f3pia-1024x585.jpg 1024w\" data-sizes=\"(max-width: 2480px) 100vw, 2480px\" src=\"data:image\/svg+xml;base64,PHN2ZyB3aWR0aD0iMSIgaGVpZ2h0PSIxIiB4bWxucz0iaHR0cDovL3d3dy53My5vcmcvMjAwMC9zdmciPjwvc3ZnPg==\" style=\"--smush-placeholder-width: 2480px; --smush-placeholder-aspect-ratio: 2480\/1417;\" \/> <img decoding=\"async\" class=\"alignnone size-full wp-image-1336 lazyload\" data-src=\"https:\/\/ubanews.com\/site\/wp-content\/uploads\/2018\/03\/DSC8657-c\u00f3pia.jpg\" alt=\"\" width=\"2480\" height=\"1417\" data-srcset=\"https:\/\/ubanews.com\/site\/wp-content\/uploads\/2018\/03\/DSC8657-c\u00f3pia.jpg 2480w, https:\/\/ubanews.com\/site\/wp-content\/uploads\/2018\/03\/DSC8657-c\u00f3pia-300x171.jpg 300w, https:\/\/ubanews.com\/site\/wp-content\/uploads\/2018\/03\/DSC8657-c\u00f3pia-768x439.jpg 768w, https:\/\/ubanews.com\/site\/wp-content\/uploads\/2018\/03\/DSC8657-c\u00f3pia-1024x585.jpg 1024w\" data-sizes=\"(max-width: 2480px) 100vw, 2480px\" src=\"data:image\/svg+xml;base64,PHN2ZyB3aWR0aD0iMSIgaGVpZ2h0PSIxIiB4bWxucz0iaHR0cDovL3d3dy53My5vcmcvMjAwMC9zdmciPjwvc3ZnPg==\" style=\"--smush-placeholder-width: 2480px; --smush-placeholder-aspect-ratio: 2480\/1417;\" \/> <img decoding=\"async\" class=\"alignnone size-full wp-image-1335 lazyload\" data-src=\"https:\/\/ubanews.com\/site\/wp-content\/uploads\/2018\/03\/DSC8656-c\u00f3pia.jpg\" alt=\"\" width=\"2480\" height=\"1417\" data-srcset=\"https:\/\/ubanews.com\/site\/wp-content\/uploads\/2018\/03\/DSC8656-c\u00f3pia.jpg 2480w, https:\/\/ubanews.com\/site\/wp-content\/uploads\/2018\/03\/DSC8656-c\u00f3pia-300x171.jpg 300w, https:\/\/ubanews.com\/site\/wp-content\/uploads\/2018\/03\/DSC8656-c\u00f3pia-768x439.jpg 768w, https:\/\/ubanews.com\/site\/wp-content\/uploads\/2018\/03\/DSC8656-c\u00f3pia-1024x585.jpg 1024w\" data-sizes=\"(max-width: 2480px) 100vw, 2480px\" src=\"data:image\/svg+xml;base64,PHN2ZyB3aWR0aD0iMSIgaGVpZ2h0PSIxIiB4bWxucz0iaHR0cDovL3d3dy53My5vcmcvMjAwMC9zdmciPjwvc3ZnPg==\" style=\"--smush-placeholder-width: 2480px; --smush-placeholder-aspect-ratio: 2480\/1417;\" \/> <img decoding=\"async\" class=\"alignnone size-full wp-image-1334 lazyload\" data-src=\"https:\/\/ubanews.com\/site\/wp-content\/uploads\/2018\/03\/DSC8655-c\u00f3pia.jpg\" alt=\"\" width=\"2480\" height=\"1417\" data-srcset=\"https:\/\/ubanews.com\/site\/wp-content\/uploads\/2018\/03\/DSC8655-c\u00f3pia.jpg 2480w, https:\/\/ubanews.com\/site\/wp-content\/uploads\/2018\/03\/DSC8655-c\u00f3pia-300x171.jpg 300w, https:\/\/ubanews.com\/site\/wp-content\/uploads\/2018\/03\/DSC8655-c\u00f3pia-768x439.jpg 768w, https:\/\/ubanews.com\/site\/wp-content\/uploads\/2018\/03\/DSC8655-c\u00f3pia-1024x585.jpg 1024w\" data-sizes=\"(max-width: 2480px) 100vw, 2480px\" src=\"data:image\/svg+xml;base64,PHN2ZyB3aWR0aD0iMSIgaGVpZ2h0PSIxIiB4bWxucz0iaHR0cDovL3d3dy53My5vcmcvMjAwMC9zdmciPjwvc3ZnPg==\" style=\"--smush-placeholder-width: 2480px; --smush-placeholder-aspect-ratio: 2480\/1417;\" \/> <img decoding=\"async\" class=\"alignnone size-full wp-image-1333 lazyload\" data-src=\"https:\/\/ubanews.com\/site\/wp-content\/uploads\/2018\/03\/DSC8653-c\u00f3pia.jpg\" alt=\"\" width=\"2480\" height=\"1417\" data-srcset=\"https:\/\/ubanews.com\/site\/wp-content\/uploads\/2018\/03\/DSC8653-c\u00f3pia.jpg 2480w, https:\/\/ubanews.com\/site\/wp-content\/uploads\/2018\/03\/DSC8653-c\u00f3pia-300x171.jpg 300w, https:\/\/ubanews.com\/site\/wp-content\/uploads\/2018\/03\/DSC8653-c\u00f3pia-768x439.jpg 768w, https:\/\/ubanews.com\/site\/wp-content\/uploads\/2018\/03\/DSC8653-c\u00f3pia-1024x585.jpg 1024w\" data-sizes=\"(max-width: 2480px) 100vw, 2480px\" src=\"data:image\/svg+xml;base64,PHN2ZyB3aWR0aD0iMSIgaGVpZ2h0PSIxIiB4bWxucz0iaHR0cDovL3d3dy53My5vcmcvMjAwMC9zdmciPjwvc3ZnPg==\" style=\"--smush-placeholder-width: 2480px; --smush-placeholder-aspect-ratio: 2480\/1417;\" \/> <img decoding=\"async\" class=\"alignnone size-full wp-image-1332 lazyload\" data-src=\"https:\/\/ubanews.com\/site\/wp-content\/uploads\/2018\/03\/DSC8652-c\u00f3pia.jpg\" alt=\"\" width=\"2480\" height=\"1417\" data-srcset=\"https:\/\/ubanews.com\/site\/wp-content\/uploads\/2018\/03\/DSC8652-c\u00f3pia.jpg 2480w, https:\/\/ubanews.com\/site\/wp-content\/uploads\/2018\/03\/DSC8652-c\u00f3pia-300x171.jpg 300w, https:\/\/ubanews.com\/site\/wp-content\/uploads\/2018\/03\/DSC8652-c\u00f3pia-768x439.jpg 768w, https:\/\/ubanews.com\/site\/wp-content\/uploads\/2018\/03\/DSC8652-c\u00f3pia-1024x585.jpg 1024w\" data-sizes=\"(max-width: 2480px) 100vw, 2480px\" src=\"data:image\/svg+xml;base64,PHN2ZyB3aWR0aD0iMSIgaGVpZ2h0PSIxIiB4bWxucz0iaHR0cDovL3d3dy53My5vcmcvMjAwMC9zdmciPjwvc3ZnPg==\" style=\"--smush-placeholder-width: 2480px; --smush-placeholder-aspect-ratio: 2480\/1417;\" \/> <img decoding=\"async\" class=\"alignnone size-full wp-image-1331 lazyload\" data-src=\"https:\/\/ubanews.com\/site\/wp-content\/uploads\/2018\/03\/DSC8649-c\u00f3pia.jpg\" alt=\"\" width=\"2480\" height=\"1417\" data-srcset=\"https:\/\/ubanews.com\/site\/wp-content\/uploads\/2018\/03\/DSC8649-c\u00f3pia.jpg 2480w, https:\/\/ubanews.com\/site\/wp-content\/uploads\/2018\/03\/DSC8649-c\u00f3pia-300x171.jpg 300w, https:\/\/ubanews.com\/site\/wp-content\/uploads\/2018\/03\/DSC8649-c\u00f3pia-768x439.jpg 768w, https:\/\/ubanews.com\/site\/wp-content\/uploads\/2018\/03\/DSC8649-c\u00f3pia-1024x585.jpg 1024w\" data-sizes=\"(max-width: 2480px) 100vw, 2480px\" src=\"data:image\/svg+xml;base64,PHN2ZyB3aWR0aD0iMSIgaGVpZ2h0PSIxIiB4bWxucz0iaHR0cDovL3d3dy53My5vcmcvMjAwMC9zdmciPjwvc3ZnPg==\" style=\"--smush-placeholder-width: 2480px; --smush-placeholder-aspect-ratio: 2480\/1417;\" \/> <img decoding=\"async\" class=\"alignnone size-full wp-image-1330 lazyload\" data-src=\"https:\/\/ubanews.com\/site\/wp-content\/uploads\/2018\/03\/DSC8648-c\u00f3pia.jpg\" alt=\"\" width=\"2480\" height=\"1417\" data-srcset=\"https:\/\/ubanews.com\/site\/wp-content\/uploads\/2018\/03\/DSC8648-c\u00f3pia.jpg 2480w, https:\/\/ubanews.com\/site\/wp-content\/uploads\/2018\/03\/DSC8648-c\u00f3pia-300x171.jpg 300w, https:\/\/ubanews.com\/site\/wp-content\/uploads\/2018\/03\/DSC8648-c\u00f3pia-768x439.jpg 768w, https:\/\/ubanews.com\/site\/wp-content\/uploads\/2018\/03\/DSC8648-c\u00f3pia-1024x585.jpg 1024w\" data-sizes=\"(max-width: 2480px) 100vw, 2480px\" src=\"data:image\/svg+xml;base64,PHN2ZyB3aWR0aD0iMSIgaGVpZ2h0PSIxIiB4bWxucz0iaHR0cDovL3d3dy53My5vcmcvMjAwMC9zdmciPjwvc3ZnPg==\" style=\"--smush-placeholder-width: 2480px; --smush-placeholder-aspect-ratio: 2480\/1417;\" \/> <img decoding=\"async\" class=\"alignnone size-full wp-image-1329 lazyload\" data-src=\"https:\/\/ubanews.com\/site\/wp-content\/uploads\/2018\/03\/DSC8647-c\u00f3pia.jpg\" alt=\"\" width=\"2480\" height=\"1417\" data-srcset=\"https:\/\/ubanews.com\/site\/wp-content\/uploads\/2018\/03\/DSC8647-c\u00f3pia.jpg 2480w, https:\/\/ubanews.com\/site\/wp-content\/uploads\/2018\/03\/DSC8647-c\u00f3pia-300x171.jpg 300w, https:\/\/ubanews.com\/site\/wp-content\/uploads\/2018\/03\/DSC8647-c\u00f3pia-768x439.jpg 768w, https:\/\/ubanews.com\/site\/wp-content\/uploads\/2018\/03\/DSC8647-c\u00f3pia-1024x585.jpg 1024w\" data-sizes=\"(max-width: 2480px) 100vw, 2480px\" src=\"data:image\/svg+xml;base64,PHN2ZyB3aWR0aD0iMSIgaGVpZ2h0PSIxIiB4bWxucz0iaHR0cDovL3d3dy53My5vcmcvMjAwMC9zdmciPjwvc3ZnPg==\" style=\"--smush-placeholder-width: 2480px; --smush-placeholder-aspect-ratio: 2480\/1417;\" \/> <img decoding=\"async\" class=\"alignnone size-full wp-image-1328 lazyload\" data-src=\"https:\/\/ubanews.com\/site\/wp-content\/uploads\/2018\/03\/DSC8646-c\u00f3pia.jpg\" alt=\"\" width=\"2480\" height=\"1417\" data-srcset=\"https:\/\/ubanews.com\/site\/wp-content\/uploads\/2018\/03\/DSC8646-c\u00f3pia.jpg 2480w, https:\/\/ubanews.com\/site\/wp-content\/uploads\/2018\/03\/DSC8646-c\u00f3pia-300x171.jpg 300w, https:\/\/ubanews.com\/site\/wp-content\/uploads\/2018\/03\/DSC8646-c\u00f3pia-768x439.jpg 768w, https:\/\/ubanews.com\/site\/wp-content\/uploads\/2018\/03\/DSC8646-c\u00f3pia-1024x585.jpg 1024w\" data-sizes=\"(max-width: 2480px) 100vw, 2480px\" src=\"data:image\/svg+xml;base64,PHN2ZyB3aWR0aD0iMSIgaGVpZ2h0PSIxIiB4bWxucz0iaHR0cDovL3d3dy53My5vcmcvMjAwMC9zdmciPjwvc3ZnPg==\" style=\"--smush-placeholder-width: 2480px; --smush-placeholder-aspect-ratio: 2480\/1417;\" \/> <img decoding=\"async\" class=\"alignnone size-full wp-image-1327 lazyload\" data-src=\"https:\/\/ubanews.com\/site\/wp-content\/uploads\/2018\/03\/DSC8645-c\u00f3pia.jpg\" alt=\"\" width=\"2480\" height=\"1417\" data-srcset=\"https:\/\/ubanews.com\/site\/wp-content\/uploads\/2018\/03\/DSC8645-c\u00f3pia.jpg 2480w, https:\/\/ubanews.com\/site\/wp-content\/uploads\/2018\/03\/DSC8645-c\u00f3pia-300x171.jpg 300w, https:\/\/ubanews.com\/site\/wp-content\/uploads\/2018\/03\/DSC8645-c\u00f3pia-768x439.jpg 768w, https:\/\/ubanews.com\/site\/wp-content\/uploads\/2018\/03\/DSC8645-c\u00f3pia-1024x585.jpg 1024w\" data-sizes=\"(max-width: 2480px) 100vw, 2480px\" src=\"data:image\/svg+xml;base64,PHN2ZyB3aWR0aD0iMSIgaGVpZ2h0PSIxIiB4bWxucz0iaHR0cDovL3d3dy53My5vcmcvMjAwMC9zdmciPjwvc3ZnPg==\" style=\"--smush-placeholder-width: 2480px; --smush-placeholder-aspect-ratio: 2480\/1417;\" \/> <img decoding=\"async\" class=\"alignnone size-full wp-image-1326 lazyload\" data-src=\"https:\/\/ubanews.com\/site\/wp-content\/uploads\/2018\/03\/DSC8641-c\u00f3pia.jpg\" alt=\"\" width=\"2480\" height=\"1417\" data-srcset=\"https:\/\/ubanews.com\/site\/wp-content\/uploads\/2018\/03\/DSC8641-c\u00f3pia.jpg 2480w, https:\/\/ubanews.com\/site\/wp-content\/uploads\/2018\/03\/DSC8641-c\u00f3pia-300x171.jpg 300w, https:\/\/ubanews.com\/site\/wp-content\/uploads\/2018\/03\/DSC8641-c\u00f3pia-768x439.jpg 768w, https:\/\/ubanews.com\/site\/wp-content\/uploads\/2018\/03\/DSC8641-c\u00f3pia-1024x585.jpg 1024w\" data-sizes=\"(max-width: 2480px) 100vw, 2480px\" src=\"data:image\/svg+xml;base64,PHN2ZyB3aWR0aD0iMSIgaGVpZ2h0PSIxIiB4bWxucz0iaHR0cDovL3d3dy53My5vcmcvMjAwMC9zdmciPjwvc3ZnPg==\" style=\"--smush-placeholder-width: 2480px; --smush-placeholder-aspect-ratio: 2480\/1417;\" \/> <img decoding=\"async\" class=\"alignnone size-full wp-image-1325 lazyload\" data-src=\"https:\/\/ubanews.com\/site\/wp-content\/uploads\/2018\/03\/DSC8677-c\u00f3pia.jpg\" alt=\"\" width=\"2480\" height=\"1417\" data-srcset=\"https:\/\/ubanews.com\/site\/wp-content\/uploads\/2018\/03\/DSC8677-c\u00f3pia.jpg 2480w, https:\/\/ubanews.com\/site\/wp-content\/uploads\/2018\/03\/DSC8677-c\u00f3pia-300x171.jpg 300w, https:\/\/ubanews.com\/site\/wp-content\/uploads\/2018\/03\/DSC8677-c\u00f3pia-768x439.jpg 768w, https:\/\/ubanews.com\/site\/wp-content\/uploads\/2018\/03\/DSC8677-c\u00f3pia-1024x585.jpg 1024w\" data-sizes=\"(max-width: 2480px) 100vw, 2480px\" src=\"data:image\/svg+xml;base64,PHN2ZyB3aWR0aD0iMSIgaGVpZ2h0PSIxIiB4bWxucz0iaHR0cDovL3d3dy53My5vcmcvMjAwMC9zdmciPjwvc3ZnPg==\" style=\"--smush-placeholder-width: 2480px; --smush-placeholder-aspect-ratio: 2480\/1417;\" \/> <img decoding=\"async\" class=\"alignnone size-full wp-image-1324 lazyload\" data-src=\"https:\/\/ubanews.com\/site\/wp-content\/uploads\/2018\/03\/DSC8676-c\u00f3pia.jpg\" alt=\"\" width=\"2480\" height=\"1417\" data-srcset=\"https:\/\/ubanews.com\/site\/wp-content\/uploads\/2018\/03\/DSC8676-c\u00f3pia.jpg 2480w, https:\/\/ubanews.com\/site\/wp-content\/uploads\/2018\/03\/DSC8676-c\u00f3pia-300x171.jpg 300w, https:\/\/ubanews.com\/site\/wp-content\/uploads\/2018\/03\/DSC8676-c\u00f3pia-768x439.jpg 768w, https:\/\/ubanews.com\/site\/wp-content\/uploads\/2018\/03\/DSC8676-c\u00f3pia-1024x585.jpg 1024w\" data-sizes=\"(max-width: 2480px) 100vw, 2480px\" src=\"data:image\/svg+xml;base64,PHN2ZyB3aWR0aD0iMSIgaGVpZ2h0PSIxIiB4bWxucz0iaHR0cDovL3d3dy53My5vcmcvMjAwMC9zdmciPjwvc3ZnPg==\" style=\"--smush-placeholder-width: 2480px; --smush-placeholder-aspect-ratio: 2480\/1417;\" \/> <img decoding=\"async\" class=\"alignnone size-full wp-image-1323 lazyload\" data-src=\"https:\/\/ubanews.com\/site\/wp-content\/uploads\/2018\/03\/DSC8675-c\u00f3pia.jpg\" alt=\"\" width=\"2480\" height=\"1417\" data-srcset=\"https:\/\/ubanews.com\/site\/wp-content\/uploads\/2018\/03\/DSC8675-c\u00f3pia.jpg 2480w, https:\/\/ubanews.com\/site\/wp-content\/uploads\/2018\/03\/DSC8675-c\u00f3pia-300x171.jpg 300w, https:\/\/ubanews.com\/site\/wp-content\/uploads\/2018\/03\/DSC8675-c\u00f3pia-768x439.jpg 768w, https:\/\/ubanews.com\/site\/wp-content\/uploads\/2018\/03\/DSC8675-c\u00f3pia-1024x585.jpg 1024w\" data-sizes=\"(max-width: 2480px) 100vw, 2480px\" src=\"data:image\/svg+xml;base64,PHN2ZyB3aWR0aD0iMSIgaGVpZ2h0PSIxIiB4bWxucz0iaHR0cDovL3d3dy53My5vcmcvMjAwMC9zdmciPjwvc3ZnPg==\" style=\"--smush-placeholder-width: 2480px; --smush-placeholder-aspect-ratio: 2480\/1417;\" \/> <img decoding=\"async\" class=\"alignnone size-full wp-image-1322 lazyload\" data-src=\"https:\/\/ubanews.com\/site\/wp-content\/uploads\/2018\/03\/DSC8673-c\u00f3pia.jpg\" alt=\"\" width=\"2480\" height=\"1417\" data-srcset=\"https:\/\/ubanews.com\/site\/wp-content\/uploads\/2018\/03\/DSC8673-c\u00f3pia.jpg 2480w, https:\/\/ubanews.com\/site\/wp-content\/uploads\/2018\/03\/DSC8673-c\u00f3pia-300x171.jpg 300w, https:\/\/ubanews.com\/site\/wp-content\/uploads\/2018\/03\/DSC8673-c\u00f3pia-768x439.jpg 768w, https:\/\/ubanews.com\/site\/wp-content\/uploads\/2018\/03\/DSC8673-c\u00f3pia-1024x585.jpg 1024w\" data-sizes=\"(max-width: 2480px) 100vw, 2480px\" src=\"data:image\/svg+xml;base64,PHN2ZyB3aWR0aD0iMSIgaGVpZ2h0PSIxIiB4bWxucz0iaHR0cDovL3d3dy53My5vcmcvMjAwMC9zdmciPjwvc3ZnPg==\" style=\"--smush-placeholder-width: 2480px; --smush-placeholder-aspect-ratio: 2480\/1417;\" \/> <img decoding=\"async\" class=\"alignnone size-full wp-image-1321 lazyload\" data-src=\"https:\/\/ubanews.com\/site\/wp-content\/uploads\/2018\/03\/DSC8672-c\u00f3pia.jpg\" alt=\"\" width=\"2480\" height=\"1417\" data-srcset=\"https:\/\/ubanews.com\/site\/wp-content\/uploads\/2018\/03\/DSC8672-c\u00f3pia.jpg 2480w, https:\/\/ubanews.com\/site\/wp-content\/uploads\/2018\/03\/DSC8672-c\u00f3pia-300x171.jpg 300w, https:\/\/ubanews.com\/site\/wp-content\/uploads\/2018\/03\/DSC8672-c\u00f3pia-768x439.jpg 768w, https:\/\/ubanews.com\/site\/wp-content\/uploads\/2018\/03\/DSC8672-c\u00f3pia-1024x585.jpg 1024w\" data-sizes=\"(max-width: 2480px) 100vw, 2480px\" src=\"data:image\/svg+xml;base64,PHN2ZyB3aWR0aD0iMSIgaGVpZ2h0PSIxIiB4bWxucz0iaHR0cDovL3d3dy53My5vcmcvMjAwMC9zdmciPjwvc3ZnPg==\" style=\"--smush-placeholder-width: 2480px; --smush-placeholder-aspect-ratio: 2480\/1417;\" \/> <img decoding=\"async\" class=\"alignnone size-full wp-image-1320 lazyload\" data-src=\"https:\/\/ubanews.com\/site\/wp-content\/uploads\/2018\/03\/DSC8671-c\u00f3pia.jpg\" alt=\"\" width=\"2480\" height=\"1417\" data-srcset=\"https:\/\/ubanews.com\/site\/wp-content\/uploads\/2018\/03\/DSC8671-c\u00f3pia.jpg 2480w, https:\/\/ubanews.com\/site\/wp-content\/uploads\/2018\/03\/DSC8671-c\u00f3pia-300x171.jpg 300w, https:\/\/ubanews.com\/site\/wp-content\/uploads\/2018\/03\/DSC8671-c\u00f3pia-768x439.jpg 768w, https:\/\/ubanews.com\/site\/wp-content\/uploads\/2018\/03\/DSC8671-c\u00f3pia-1024x585.jpg 1024w\" data-sizes=\"(max-width: 2480px) 100vw, 2480px\" src=\"data:image\/svg+xml;base64,PHN2ZyB3aWR0aD0iMSIgaGVpZ2h0PSIxIiB4bWxucz0iaHR0cDovL3d3dy53My5vcmcvMjAwMC9zdmciPjwvc3ZnPg==\" style=\"--smush-placeholder-width: 2480px; --smush-placeholder-aspect-ratio: 2480\/1417;\" \/> <img decoding=\"async\" class=\"alignnone size-full wp-image-1319 lazyload\" data-src=\"https:\/\/ubanews.com\/site\/wp-content\/uploads\/2018\/03\/DSC8670-c\u00f3pia.jpg\" alt=\"\" width=\"2480\" height=\"1417\" data-srcset=\"https:\/\/ubanews.com\/site\/wp-content\/uploads\/2018\/03\/DSC8670-c\u00f3pia.jpg 2480w, https:\/\/ubanews.com\/site\/wp-content\/uploads\/2018\/03\/DSC8670-c\u00f3pia-300x171.jpg 300w, https:\/\/ubanews.com\/site\/wp-content\/uploads\/2018\/03\/DSC8670-c\u00f3pia-768x439.jpg 768w, https:\/\/ubanews.com\/site\/wp-content\/uploads\/2018\/03\/DSC8670-c\u00f3pia-1024x585.jpg 1024w\" data-sizes=\"(max-width: 2480px) 100vw, 2480px\" src=\"data:image\/svg+xml;base64,PHN2ZyB3aWR0aD0iMSIgaGVpZ2h0PSIxIiB4bWxucz0iaHR0cDovL3d3dy53My5vcmcvMjAwMC9zdmciPjwvc3ZnPg==\" style=\"--smush-placeholder-width: 2480px; --smush-placeholder-aspect-ratio: 2480\/1417;\" \/> <img decoding=\"async\" class=\"alignnone size-full wp-image-1341 lazyload\" data-src=\"https:\/\/ubanews.com\/site\/wp-content\/uploads\/2018\/03\/DSC8668-c\u00f3pia.jpg\" alt=\"\" width=\"2480\" height=\"1417\" data-srcset=\"https:\/\/ubanews.com\/site\/wp-content\/uploads\/2018\/03\/DSC8668-c\u00f3pia.jpg 2480w, https:\/\/ubanews.com\/site\/wp-content\/uploads\/2018\/03\/DSC8668-c\u00f3pia-300x171.jpg 300w, https:\/\/ubanews.com\/site\/wp-content\/uploads\/2018\/03\/DSC8668-c\u00f3pia-768x439.jpg 768w, https:\/\/ubanews.com\/site\/wp-content\/uploads\/2018\/03\/DSC8668-c\u00f3pia-1024x585.jpg 1024w\" data-sizes=\"(max-width: 2480px) 100vw, 2480px\" src=\"data:image\/svg+xml;base64,PHN2ZyB3aWR0aD0iMSIgaGVpZ2h0PSIxIiB4bWxucz0iaHR0cDovL3d3dy53My5vcmcvMjAwMC9zdmciPjwvc3ZnPg==\" style=\"--smush-placeholder-width: 2480px; --smush-placeholder-aspect-ratio: 2480\/1417;\" \/><img decoding=\"async\" class=\"alignnone size-full wp-image-1318 lazyload\" data-src=\"https:\/\/ubanews.com\/site\/wp-content\/uploads\/2018\/03\/DSC8669-c\u00f3pia.jpg\" alt=\"\" width=\"2480\" height=\"1417\" data-srcset=\"https:\/\/ubanews.com\/site\/wp-content\/uploads\/2018\/03\/DSC8669-c\u00f3pia.jpg 2480w, https:\/\/ubanews.com\/site\/wp-content\/uploads\/2018\/03\/DSC8669-c\u00f3pia-300x171.jpg 300w, https:\/\/ubanews.com\/site\/wp-content\/uploads\/2018\/03\/DSC8669-c\u00f3pia-768x439.jpg 768w, https:\/\/ubanews.com\/site\/wp-content\/uploads\/2018\/03\/DSC8669-c\u00f3pia-1024x585.jpg 1024w\" data-sizes=\"(max-width: 2480px) 100vw, 2480px\" src=\"data:image\/svg+xml;base64,PHN2ZyB3aWR0aD0iMSIgaGVpZ2h0PSIxIiB4bWxucz0iaHR0cDovL3d3dy53My5vcmcvMjAwMC9zdmciPjwvc3ZnPg==\" style=\"--smush-placeholder-width: 2480px; --smush-placeholder-aspect-ratio: 2480\/1417;\" \/><\/p>\n<p>&nbsp; &nbsp; &nbsp; &nbsp; &nbsp; A Associa\u00e7\u00e3o dos Viajantes e Representantes Comerciais do Brasil A Associa\u00e7\u00e3o dos Viajantes e Representantes Comerciais do Brasil promoveu na noite desse s\u00e1bado (24) a cerim\u00f4nia de recondu\u00e7\u00e3o da Diretoria e Conselhos aos cargos diretivos para o bi\u00eanio 2018\/2019. A posse aconteceu no Sal\u00e3o de Eventos na Avenida Cristiano Ro\u00e7as, 240 &#8211; Centro.<\/p>\n<p>&nbsp;&nbsp;&nbsp;&nbsp;&nbsp;&nbsp;&nbsp;&nbsp;&nbsp;&nbsp;&nbsp;&nbsp; Tomaram posse:<\/p>\n<p>&nbsp; &nbsp; &nbsp; &nbsp; &nbsp; Presidente: Guarino Colli; Vice-Presidente: Edmo Carlos Peregrino; Secret\u00e1rio Geral: Jos\u00e9 Gomes de Souza; 1\u00ba Secret\u00e1rio: Oct\u00e1vio Thadeu Demolinari de Almeida; 1\u00ba Tesoureiro: Juarez Martins de Paula; 2\u00ba Tesoureiro: Reynado Martins Caldi; Diretor Cultural: Ary Rosignoli.<\/p>\n<p>&nbsp;&nbsp;&nbsp;&nbsp;&nbsp;&nbsp;&nbsp;&nbsp;&nbsp;&nbsp;&nbsp;&nbsp; Conselho Deliberativo<\/p>\n<p>Alo\u00edsio Ferreira da Silva; Iracy Branj\u00e3o; Jarbas Rodrigues; Marcos Raymundo Gomes de Souza; Nacipe Jacob; S\u00e9rgio Francisco Fel\u00edcio;<\/p>\n<p>&nbsp;&nbsp;&nbsp;&nbsp;&nbsp;&nbsp;&nbsp;&nbsp;&nbsp;&nbsp;&nbsp;&nbsp; Suplentes do Conselho Deliberativo<\/p>\n<p>Celso Soares de Souza; C\u00e9lio Carneiro de Oliveira<\/p>\n<p>&nbsp;&nbsp;&nbsp;&nbsp;&nbsp;&nbsp;&nbsp;&nbsp;&nbsp;&nbsp;&nbsp;&nbsp; Conselho Fiscal<\/p>\n<p>Maria Aparecida Martins; Milton de Abreu D\u2019\u00c1vila; Wagner de Mello.<\/p>\n<p>&nbsp;&nbsp;&nbsp;&nbsp;&nbsp;&nbsp;&nbsp;&nbsp;&nbsp;&nbsp;&nbsp;&nbsp; O presidente empossado, Guarino Colli fez uma sauda\u00e7\u00e3o aos presentes, enaltecendo o trabalho dos colaboradores da casa, sobretudo, as colaboradoras. Ele agradeceu a presen\u00e7a de todos e depois da cerim\u00f4nia foi servido um delicioso jantar aos presentes.<\/p>\n","protected":false},"excerpt":{"rendered":"<p>&nbsp; &nbsp; &nbsp; &nbsp; &nbsp; &nbsp; A Associa\u00e7\u00e3o dos Viajantes<\/p>\n","protected":false},"author":2,"featured_media":1339,"comment_status":"open","ping_status":"open","sticky":false,"template":"","format":"standard","meta":{"footnotes":""},"categories":[1],"tags":[],"class_list":["post-1291","post","type-post","status-publish","format-standard","has-post-thumbnail","hentry","category-sem-categoria"],"yoast_head":"<!-- This site is optimized with the Yoast SEO plugin v27.2 - https:\/\/yoast.com\/product\/yoast-seo-wordpress\/ -->\n<title>A Associa\u00e7\u00e3o dos Viajantes e Representantes Comerciais do Brasil d\u00e1 posse a nova diretoria - Ub\u00e1 News<\/title>\n<meta name=\"robots\" content=\"index, follow, max-snippet:-1, max-image-preview:large, max-video-preview:-1\" \/>\n<link rel=\"canonical\" href=\"https:\/\/ubanews.com\/site\/2018\/03\/25\/a-associacao-dos-viajantes-e-representantes-comerciais-do-brasil-da-posse-a-nova-diretoria\/\" \/>\n<meta property=\"og:locale\" content=\"pt_BR\" \/>\n<meta property=\"og:type\" content=\"article\" \/>\n<meta property=\"og:title\" content=\"A Associa\u00e7\u00e3o dos Viajantes e Representantes Comerciais do Brasil d\u00e1 posse a nova diretoria - Ub\u00e1 News\" \/>\n<meta property=\"og:description\" content=\"&nbsp; &nbsp; &nbsp; &nbsp; &nbsp; &nbsp; A Associa\u00e7\u00e3o dos Viajantes\" \/>\n<meta property=\"og:url\" content=\"https:\/\/ubanews.com\/site\/2018\/03\/25\/a-associacao-dos-viajantes-e-representantes-comerciais-do-brasil-da-posse-a-nova-diretoria\/\" \/>\n<meta property=\"og:site_name\" content=\"Ub\u00e1 News\" \/>\n<meta property=\"article:publisher\" content=\"https:\/\/www.facebook.com\/Ub%c3%a1News-Carlos-Roberto-Sodr%c3%a9-418778301977370\" \/>\n<meta property=\"article:author\" content=\"https:\/\/www.facebook.com\/carosroberto.sodre.5\/\" \/>\n<meta property=\"article:published_time\" content=\"2018-03-25T15:56:51+00:00\" \/>\n<meta property=\"article:modified_time\" content=\"2018-03-29T17:43:16+00:00\" \/>\n<meta property=\"og:image\" content=\"https:\/\/ubanews.com\/site\/wp-content\/uploads\/2018\/03\/DSC8665-c\u00f3pia.jpg\" \/>\n\t<meta property=\"og:image:width\" content=\"2480\" \/>\n\t<meta property=\"og:image:height\" content=\"1417\" \/>\n\t<meta property=\"og:image:type\" content=\"image\/jpeg\" \/>\n<meta name=\"author\" content=\"Sodr\u00e9\" \/>\n<meta name=\"twitter:card\" content=\"summary_large_image\" \/>\n<meta name=\"twitter:label1\" content=\"Escrito por\" \/>\n\t<meta name=\"twitter:data1\" content=\"Sodr\u00e9\" \/>\n\t<meta name=\"twitter:label2\" content=\"Est. tempo de leitura\" \/>\n\t<meta name=\"twitter:data2\" content=\"1 minuto\" \/>\n<script type=\"application\/ld+json\" class=\"yoast-schema-graph\">{\"@context\":\"https:\/\/schema.org\",\"@graph\":[{\"@type\":\"Article\",\"@id\":\"https:\/\/ubanews.com\/site\/2018\/03\/25\/a-associacao-dos-viajantes-e-representantes-comerciais-do-brasil-da-posse-a-nova-diretoria\/#article\",\"isPartOf\":{\"@id\":\"https:\/\/ubanews.com\/site\/2018\/03\/25\/a-associacao-dos-viajantes-e-representantes-comerciais-do-brasil-da-posse-a-nova-diretoria\/\"},\"author\":{\"name\":\"Sodr\u00e9\",\"@id\":\"https:\/\/ubanews.com\/site\/#\/schema\/person\/d90c9e47252fbb63dcc969fe4c8b9d10\"},\"headline\":\"A Associa\u00e7\u00e3o dos Viajantes e Representantes Comerciais do Brasil d\u00e1 posse a nova diretoria\",\"datePublished\":\"2018-03-25T15:56:51+00:00\",\"dateModified\":\"2018-03-29T17:43:16+00:00\",\"mainEntityOfPage\":{\"@id\":\"https:\/\/ubanews.com\/site\/2018\/03\/25\/a-associacao-dos-viajantes-e-representantes-comerciais-do-brasil-da-posse-a-nova-diretoria\/\"},\"wordCount\":271,\"commentCount\":0,\"publisher\":{\"@id\":\"https:\/\/ubanews.com\/site\/#organization\"},\"image\":{\"@id\":\"https:\/\/ubanews.com\/site\/2018\/03\/25\/a-associacao-dos-viajantes-e-representantes-comerciais-do-brasil-da-posse-a-nova-diretoria\/#primaryimage\"},\"thumbnailUrl\":\"https:\/\/ubanews.com\/site\/wp-content\/uploads\/2018\/03\/DSC8665-c\u00f3pia.jpg\",\"articleSection\":[\"Geral\"],\"inLanguage\":\"pt-BR\",\"potentialAction\":[{\"@type\":\"CommentAction\",\"name\":\"Comment\",\"target\":[\"https:\/\/ubanews.com\/site\/2018\/03\/25\/a-associacao-dos-viajantes-e-representantes-comerciais-do-brasil-da-posse-a-nova-diretoria\/#respond\"]}]},{\"@type\":\"WebPage\",\"@id\":\"https:\/\/ubanews.com\/site\/2018\/03\/25\/a-associacao-dos-viajantes-e-representantes-comerciais-do-brasil-da-posse-a-nova-diretoria\/\",\"url\":\"https:\/\/ubanews.com\/site\/2018\/03\/25\/a-associacao-dos-viajantes-e-representantes-comerciais-do-brasil-da-posse-a-nova-diretoria\/\",\"name\":\"A Associa\u00e7\u00e3o dos Viajantes e Representantes Comerciais do Brasil d\u00e1 posse a nova diretoria - Ub\u00e1 News\",\"isPartOf\":{\"@id\":\"https:\/\/ubanews.com\/site\/#website\"},\"primaryImageOfPage\":{\"@id\":\"https:\/\/ubanews.com\/site\/2018\/03\/25\/a-associacao-dos-viajantes-e-representantes-comerciais-do-brasil-da-posse-a-nova-diretoria\/#primaryimage\"},\"image\":{\"@id\":\"https:\/\/ubanews.com\/site\/2018\/03\/25\/a-associacao-dos-viajantes-e-representantes-comerciais-do-brasil-da-posse-a-nova-diretoria\/#primaryimage\"},\"thumbnailUrl\":\"https:\/\/ubanews.com\/site\/wp-content\/uploads\/2018\/03\/DSC8665-c\u00f3pia.jpg\",\"datePublished\":\"2018-03-25T15:56:51+00:00\",\"dateModified\":\"2018-03-29T17:43:16+00:00\",\"breadcrumb\":{\"@id\":\"https:\/\/ubanews.com\/site\/2018\/03\/25\/a-associacao-dos-viajantes-e-representantes-comerciais-do-brasil-da-posse-a-nova-diretoria\/#breadcrumb\"},\"inLanguage\":\"pt-BR\",\"potentialAction\":[{\"@type\":\"ReadAction\",\"target\":[\"https:\/\/ubanews.com\/site\/2018\/03\/25\/a-associacao-dos-viajantes-e-representantes-comerciais-do-brasil-da-posse-a-nova-diretoria\/\"]}]},{\"@type\":\"ImageObject\",\"inLanguage\":\"pt-BR\",\"@id\":\"https:\/\/ubanews.com\/site\/2018\/03\/25\/a-associacao-dos-viajantes-e-representantes-comerciais-do-brasil-da-posse-a-nova-diretoria\/#primaryimage\",\"url\":\"https:\/\/ubanews.com\/site\/wp-content\/uploads\/2018\/03\/DSC8665-c\u00f3pia.jpg\",\"contentUrl\":\"https:\/\/ubanews.com\/site\/wp-content\/uploads\/2018\/03\/DSC8665-c\u00f3pia.jpg\",\"width\":2480,\"height\":1417},{\"@type\":\"BreadcrumbList\",\"@id\":\"https:\/\/ubanews.com\/site\/2018\/03\/25\/a-associacao-dos-viajantes-e-representantes-comerciais-do-brasil-da-posse-a-nova-diretoria\/#breadcrumb\",\"itemListElement\":[{\"@type\":\"ListItem\",\"position\":1,\"name\":\"Home\",\"item\":\"https:\/\/ubanews.com\/site\/\"},{\"@type\":\"ListItem\",\"position\":2,\"name\":\"A Associa\u00e7\u00e3o dos Viajantes e Representantes Comerciais do Brasil d\u00e1 posse a nova diretoria\"}]},{\"@type\":\"WebSite\",\"@id\":\"https:\/\/ubanews.com\/site\/#website\",\"url\":\"https:\/\/ubanews.com\/site\/\",\"name\":\"Ub\u00e1 News\",\"description\":\"\",\"publisher\":{\"@id\":\"https:\/\/ubanews.com\/site\/#organization\"},\"potentialAction\":[{\"@type\":\"SearchAction\",\"target\":{\"@type\":\"EntryPoint\",\"urlTemplate\":\"https:\/\/ubanews.com\/site\/?s={search_term_string}\"},\"query-input\":{\"@type\":\"PropertyValueSpecification\",\"valueRequired\":true,\"valueName\":\"search_term_string\"}}],\"inLanguage\":\"pt-BR\"},{\"@type\":\"Organization\",\"@id\":\"https:\/\/ubanews.com\/site\/#organization\",\"name\":\"Ub\u00e1 News\",\"url\":\"https:\/\/ubanews.com\/site\/\",\"logo\":{\"@type\":\"ImageObject\",\"inLanguage\":\"pt-BR\",\"@id\":\"https:\/\/ubanews.com\/site\/#\/schema\/logo\/image\/\",\"url\":\"https:\/\/ubanews.com\/site\/wp-content\/uploads\/2018\/01\/logoubanews.png\",\"contentUrl\":\"https:\/\/ubanews.com\/site\/wp-content\/uploads\/2018\/01\/logoubanews.png\",\"width\":261,\"height\":99,\"caption\":\"Ub\u00e1 News\"},\"image\":{\"@id\":\"https:\/\/ubanews.com\/site\/#\/schema\/logo\/image\/\"},\"sameAs\":[\"https:\/\/www.facebook.com\/Ub\u00e1News-Carlos-Roberto-Sodr\u00e9-418778301977370\"]},{\"@type\":\"Person\",\"@id\":\"https:\/\/ubanews.com\/site\/#\/schema\/person\/d90c9e47252fbb63dcc969fe4c8b9d10\",\"name\":\"Sodr\u00e9\",\"image\":{\"@type\":\"ImageObject\",\"inLanguage\":\"pt-BR\",\"@id\":\"https:\/\/secure.gravatar.com\/avatar\/5ba2793f0590b9dbfad3fdec4ee714485b3eef211c9b32ee53d414060454a56c?s=96&d=mm&r=g\",\"url\":\"https:\/\/secure.gravatar.com\/avatar\/5ba2793f0590b9dbfad3fdec4ee714485b3eef211c9b32ee53d414060454a56c?s=96&d=mm&r=g\",\"contentUrl\":\"https:\/\/secure.gravatar.com\/avatar\/5ba2793f0590b9dbfad3fdec4ee714485b3eef211c9b32ee53d414060454a56c?s=96&d=mm&r=g\",\"caption\":\"Sodr\u00e9\"},\"sameAs\":[\"https:\/\/www.facebook.com\/carosroberto.sodre.5\/\"],\"url\":\"https:\/\/ubanews.com\/site\/author\/felipe\/\"}]}<\/script>\n<!-- \/ Yoast SEO plugin. -->","yoast_head_json":{"title":"A Associa\u00e7\u00e3o dos Viajantes e Representantes Comerciais do Brasil d\u00e1 posse a nova diretoria - Ub\u00e1 News","robots":{"index":"index","follow":"follow","max-snippet":"max-snippet:-1","max-image-preview":"max-image-preview:large","max-video-preview":"max-video-preview:-1"},"canonical":"https:\/\/ubanews.com\/site\/2018\/03\/25\/a-associacao-dos-viajantes-e-representantes-comerciais-do-brasil-da-posse-a-nova-diretoria\/","og_locale":"pt_BR","og_type":"article","og_title":"A Associa\u00e7\u00e3o dos Viajantes e Representantes Comerciais do Brasil d\u00e1 posse a nova diretoria - Ub\u00e1 News","og_description":"&nbsp; &nbsp; &nbsp; &nbsp; &nbsp; &nbsp; A Associa\u00e7\u00e3o dos Viajantes","og_url":"https:\/\/ubanews.com\/site\/2018\/03\/25\/a-associacao-dos-viajantes-e-representantes-comerciais-do-brasil-da-posse-a-nova-diretoria\/","og_site_name":"Ub\u00e1 News","article_publisher":"https:\/\/www.facebook.com\/Ub%c3%a1News-Carlos-Roberto-Sodr%c3%a9-418778301977370","article_author":"https:\/\/www.facebook.com\/carosroberto.sodre.5\/","article_published_time":"2018-03-25T15:56:51+00:00","article_modified_time":"2018-03-29T17:43:16+00:00","og_image":[{"width":2480,"height":1417,"url":"https:\/\/ubanews.com\/site\/wp-content\/uploads\/2018\/03\/DSC8665-c\u00f3pia.jpg","type":"image\/jpeg"}],"author":"Sodr\u00e9","twitter_card":"summary_large_image","twitter_misc":{"Escrito por":"Sodr\u00e9","Est. tempo de leitura":"1 minuto"},"schema":{"@context":"https:\/\/schema.org","@graph":[{"@type":"Article","@id":"https:\/\/ubanews.com\/site\/2018\/03\/25\/a-associacao-dos-viajantes-e-representantes-comerciais-do-brasil-da-posse-a-nova-diretoria\/#article","isPartOf":{"@id":"https:\/\/ubanews.com\/site\/2018\/03\/25\/a-associacao-dos-viajantes-e-representantes-comerciais-do-brasil-da-posse-a-nova-diretoria\/"},"author":{"name":"Sodr\u00e9","@id":"https:\/\/ubanews.com\/site\/#\/schema\/person\/d90c9e47252fbb63dcc969fe4c8b9d10"},"headline":"A Associa\u00e7\u00e3o dos Viajantes e Representantes Comerciais do Brasil d\u00e1 posse a nova diretoria","datePublished":"2018-03-25T15:56:51+00:00","dateModified":"2018-03-29T17:43:16+00:00","mainEntityOfPage":{"@id":"https:\/\/ubanews.com\/site\/2018\/03\/25\/a-associacao-dos-viajantes-e-representantes-comerciais-do-brasil-da-posse-a-nova-diretoria\/"},"wordCount":271,"commentCount":0,"publisher":{"@id":"https:\/\/ubanews.com\/site\/#organization"},"image":{"@id":"https:\/\/ubanews.com\/site\/2018\/03\/25\/a-associacao-dos-viajantes-e-representantes-comerciais-do-brasil-da-posse-a-nova-diretoria\/#primaryimage"},"thumbnailUrl":"https:\/\/ubanews.com\/site\/wp-content\/uploads\/2018\/03\/DSC8665-c\u00f3pia.jpg","articleSection":["Geral"],"inLanguage":"pt-BR","potentialAction":[{"@type":"CommentAction","name":"Comment","target":["https:\/\/ubanews.com\/site\/2018\/03\/25\/a-associacao-dos-viajantes-e-representantes-comerciais-do-brasil-da-posse-a-nova-diretoria\/#respond"]}]},{"@type":"WebPage","@id":"https:\/\/ubanews.com\/site\/2018\/03\/25\/a-associacao-dos-viajantes-e-representantes-comerciais-do-brasil-da-posse-a-nova-diretoria\/","url":"https:\/\/ubanews.com\/site\/2018\/03\/25\/a-associacao-dos-viajantes-e-representantes-comerciais-do-brasil-da-posse-a-nova-diretoria\/","name":"A Associa\u00e7\u00e3o dos Viajantes e Representantes Comerciais do Brasil d\u00e1 posse a nova diretoria - Ub\u00e1 News","isPartOf":{"@id":"https:\/\/ubanews.com\/site\/#website"},"primaryImageOfPage":{"@id":"https:\/\/ubanews.com\/site\/2018\/03\/25\/a-associacao-dos-viajantes-e-representantes-comerciais-do-brasil-da-posse-a-nova-diretoria\/#primaryimage"},"image":{"@id":"https:\/\/ubanews.com\/site\/2018\/03\/25\/a-associacao-dos-viajantes-e-representantes-comerciais-do-brasil-da-posse-a-nova-diretoria\/#primaryimage"},"thumbnailUrl":"https:\/\/ubanews.com\/site\/wp-content\/uploads\/2018\/03\/DSC8665-c\u00f3pia.jpg","datePublished":"2018-03-25T15:56:51+00:00","dateModified":"2018-03-29T17:43:16+00:00","breadcrumb":{"@id":"https:\/\/ubanews.com\/site\/2018\/03\/25\/a-associacao-dos-viajantes-e-representantes-comerciais-do-brasil-da-posse-a-nova-diretoria\/#breadcrumb"},"inLanguage":"pt-BR","potentialAction":[{"@type":"ReadAction","target":["https:\/\/ubanews.com\/site\/2018\/03\/25\/a-associacao-dos-viajantes-e-representantes-comerciais-do-brasil-da-posse-a-nova-diretoria\/"]}]},{"@type":"ImageObject","inLanguage":"pt-BR","@id":"https:\/\/ubanews.com\/site\/2018\/03\/25\/a-associacao-dos-viajantes-e-representantes-comerciais-do-brasil-da-posse-a-nova-diretoria\/#primaryimage","url":"https:\/\/ubanews.com\/site\/wp-content\/uploads\/2018\/03\/DSC8665-c\u00f3pia.jpg","contentUrl":"https:\/\/ubanews.com\/site\/wp-content\/uploads\/2018\/03\/DSC8665-c\u00f3pia.jpg","width":2480,"height":1417},{"@type":"BreadcrumbList","@id":"https:\/\/ubanews.com\/site\/2018\/03\/25\/a-associacao-dos-viajantes-e-representantes-comerciais-do-brasil-da-posse-a-nova-diretoria\/#breadcrumb","itemListElement":[{"@type":"ListItem","position":1,"name":"Home","item":"https:\/\/ubanews.com\/site\/"},{"@type":"ListItem","position":2,"name":"A Associa\u00e7\u00e3o dos Viajantes e Representantes Comerciais do Brasil d\u00e1 posse a nova diretoria"}]},{"@type":"WebSite","@id":"https:\/\/ubanews.com\/site\/#website","url":"https:\/\/ubanews.com\/site\/","name":"Ub\u00e1 News","description":"","publisher":{"@id":"https:\/\/ubanews.com\/site\/#organization"},"potentialAction":[{"@type":"SearchAction","target":{"@type":"EntryPoint","urlTemplate":"https:\/\/ubanews.com\/site\/?s={search_term_string}"},"query-input":{"@type":"PropertyValueSpecification","valueRequired":true,"valueName":"search_term_string"}}],"inLanguage":"pt-BR"},{"@type":"Organization","@id":"https:\/\/ubanews.com\/site\/#organization","name":"Ub\u00e1 News","url":"https:\/\/ubanews.com\/site\/","logo":{"@type":"ImageObject","inLanguage":"pt-BR","@id":"https:\/\/ubanews.com\/site\/#\/schema\/logo\/image\/","url":"https:\/\/ubanews.com\/site\/wp-content\/uploads\/2018\/01\/logoubanews.png","contentUrl":"https:\/\/ubanews.com\/site\/wp-content\/uploads\/2018\/01\/logoubanews.png","width":261,"height":99,"caption":"Ub\u00e1 News"},"image":{"@id":"https:\/\/ubanews.com\/site\/#\/schema\/logo\/image\/"},"sameAs":["https:\/\/www.facebook.com\/Ub\u00e1News-Carlos-Roberto-Sodr\u00e9-418778301977370"]},{"@type":"Person","@id":"https:\/\/ubanews.com\/site\/#\/schema\/person\/d90c9e47252fbb63dcc969fe4c8b9d10","name":"Sodr\u00e9","image":{"@type":"ImageObject","inLanguage":"pt-BR","@id":"https:\/\/secure.gravatar.com\/avatar\/5ba2793f0590b9dbfad3fdec4ee714485b3eef211c9b32ee53d414060454a56c?s=96&d=mm&r=g","url":"https:\/\/secure.gravatar.com\/avatar\/5ba2793f0590b9dbfad3fdec4ee714485b3eef211c9b32ee53d414060454a56c?s=96&d=mm&r=g","contentUrl":"https:\/\/secure.gravatar.com\/avatar\/5ba2793f0590b9dbfad3fdec4ee714485b3eef211c9b32ee53d414060454a56c?s=96&d=mm&r=g","caption":"Sodr\u00e9"},"sameAs":["https:\/\/www.facebook.com\/carosroberto.sodre.5\/"],"url":"https:\/\/ubanews.com\/site\/author\/felipe\/"}]}},"_links":{"self":[{"href":"https:\/\/ubanews.com\/site\/wp-json\/wp\/v2\/posts\/1291","targetHints":{"allow":["GET"]}}],"collection":[{"href":"https:\/\/ubanews.com\/site\/wp-json\/wp\/v2\/posts"}],"about":[{"href":"https:\/\/ubanews.com\/site\/wp-json\/wp\/v2\/types\/post"}],"author":[{"embeddable":true,"href":"https:\/\/ubanews.com\/site\/wp-json\/wp\/v2\/users\/2"}],"replies":[{"embeddable":true,"href":"https:\/\/ubanews.com\/site\/wp-json\/wp\/v2\/comments?post=1291"}],"version-history":[{"count":0,"href":"https:\/\/ubanews.com\/site\/wp-json\/wp\/v2\/posts\/1291\/revisions"}],"wp:featuredmedia":[{"embeddable":true,"href":"https:\/\/ubanews.com\/site\/wp-json\/wp\/v2\/media\/1339"}],"wp:attachment":[{"href":"https:\/\/ubanews.com\/site\/wp-json\/wp\/v2\/media?parent=1291"}],"wp:term":[{"taxonomy":"category","embeddable":true,"href":"https:\/\/ubanews.com\/site\/wp-json\/wp\/v2\/categories?post=1291"},{"taxonomy":"post_tag","embeddable":true,"href":"https:\/\/ubanews.com\/site\/wp-json\/wp\/v2\/tags?post=1291"}],"curies":[{"name":"wp","href":"https:\/\/api.w.org\/{rel}","templated":true}]}}