{"id":1286,"date":"2018-03-24T19:29:06","date_gmt":"2018-03-24T22:29:06","guid":{"rendered":"http:\/\/ubanews.com\/site\/?p=1286"},"modified":"2018-03-29T14:43:08","modified_gmt":"2018-03-29T17:43:08","slug":"evento-da-encenacao-da-paixao-e-morte-de-jesus-cristo-sera-na-praca-guido-marliere","status":"publish","type":"post","link":"https:\/\/ubanews.com\/site\/2018\/03\/24\/evento-da-encenacao-da-paixao-e-morte-de-jesus-cristo-sera-na-praca-guido-marliere\/","title":{"rendered":"Evento da Encena\u00e7\u00e3o da Paix\u00e3o e Morte de Jesus Cristo ser\u00e1 na Pra\u00e7a Guido Marliere"},"content":{"rendered":"<p>&nbsp;&nbsp;&nbsp;&nbsp;&nbsp;&nbsp;&nbsp; A Encena\u00e7\u00e3o da Paix\u00e3o e Morte de Jesus Cristo marcada para o Est\u00e1dio Afonso de Carvalho (Campo do Aymor\u00e9s), mudou de endere\u00e7o: ser\u00e1 na Pra\u00e7a Guido Marliere, na mesma data, sexta-feira (30), \u00e0s 19h.<\/p>\n<p>&nbsp;&nbsp;&nbsp;&nbsp;&nbsp;&nbsp;&nbsp; Embora os organizadores n\u00e3o tenham entrado em detalhes, mas nota-se que algo de estranho aconteceu para que essa mudan\u00e7a ocorresse de forma s\u00fabita. Contudo, ainda deu tempo de que todos os detalhes fossem colocados em ordem e o evento pudesse se realizar de modo a n\u00e3o prejudicar os fieis. Os organizadores disseram que, de acordo com a Pol\u00edcia Militar, esse evento \u00e9 um dos maiores, em n\u00famero de p\u00fablico, j\u00e1 realizado aqui em Ub\u00e1 em espa\u00e7o aberto. Esse evento envolve uma grande quantidade de volunt\u00e1rios envolvidos. S\u00f3 de atores passa de 130 pessoas.<\/p>\n<p>&nbsp;&nbsp;&nbsp;&nbsp;&nbsp;&nbsp;&nbsp; Os organizadores Ant\u00f4nio Cond\u00e9, F\u00e1bio Bolandini e Vinicius Bressan fizeram um agradecimento todo especial \u00e0 Prefeitura Municipal de Ub\u00e1, com o tempo que tinham dispon\u00edvel era imposs\u00edvel realizar o evento sem esse apoio.<\/p>\n<div style=\"position: relative; height: 0; padding-bottom: 56.25%;\"><iframe style=\"position: absolute; width: 100%; height: 100%; left: 0;\" data-src=\"https:\/\/www.youtube.com\/embed\/SVdASxNdj_M?ecver=2\" width=\"640\" height=\"360\" frameborder=\"0\" allowfullscreen=\"allowfullscreen\" src=\"data:image\/svg+xml;base64,PHN2ZyB3aWR0aD0iMSIgaGVpZ2h0PSIxIiB4bWxucz0iaHR0cDovL3d3dy53My5vcmcvMjAwMC9zdmciPjwvc3ZnPg==\" class=\"lazyload\" data-load-mode=\"1\"><\/iframe><\/div>\n","protected":false},"excerpt":{"rendered":"<p>&nbsp;&nbsp;&nbsp;&nbsp;&nbsp;&nbsp;&nbsp; A Encena\u00e7\u00e3o da Paix\u00e3o e Morte de Jesus Cristo<\/p>\n","protected":false},"author":2,"featured_media":1287,"comment_status":"open","ping_status":"open","sticky":false,"template":"","format":"standard","meta":{"footnotes":""},"categories":[1],"tags":[],"class_list":["post-1286","post","type-post","status-publish","format-standard","has-post-thumbnail","hentry","category-sem-categoria"],"yoast_head":"<!-- This site is optimized with the Yoast SEO plugin v27.2 - https:\/\/yoast.com\/product\/yoast-seo-wordpress\/ -->\n<title>Evento da Encena\u00e7\u00e3o da Paix\u00e3o e Morte de Jesus Cristo ser\u00e1 na Pra\u00e7a Guido Marliere - Ub\u00e1 News<\/title>\n<meta name=\"robots\" content=\"index, follow, max-snippet:-1, max-image-preview:large, max-video-preview:-1\" \/>\n<link rel=\"canonical\" href=\"https:\/\/ubanews.com\/site\/2018\/03\/24\/evento-da-encenacao-da-paixao-e-morte-de-jesus-cristo-sera-na-praca-guido-marliere\/\" \/>\n<meta property=\"og:locale\" content=\"pt_BR\" \/>\n<meta property=\"og:type\" content=\"article\" \/>\n<meta property=\"og:title\" content=\"Evento da Encena\u00e7\u00e3o da Paix\u00e3o e Morte de Jesus Cristo ser\u00e1 na Pra\u00e7a Guido Marliere - Ub\u00e1 News\" \/>\n<meta property=\"og:description\" content=\"&nbsp;&nbsp;&nbsp;&nbsp;&nbsp;&nbsp;&nbsp; A Encena\u00e7\u00e3o da Paix\u00e3o e Morte de Jesus Cristo\" \/>\n<meta property=\"og:url\" content=\"https:\/\/ubanews.com\/site\/2018\/03\/24\/evento-da-encenacao-da-paixao-e-morte-de-jesus-cristo-sera-na-praca-guido-marliere\/\" \/>\n<meta property=\"og:site_name\" content=\"Ub\u00e1 News\" \/>\n<meta property=\"article:publisher\" content=\"https:\/\/www.facebook.com\/Ub%c3%a1News-Carlos-Roberto-Sodr%c3%a9-418778301977370\" \/>\n<meta property=\"article:author\" content=\"https:\/\/www.facebook.com\/carosroberto.sodre.5\/\" \/>\n<meta property=\"article:published_time\" content=\"2018-03-24T22:29:06+00:00\" \/>\n<meta property=\"article:modified_time\" content=\"2018-03-29T17:43:08+00:00\" \/>\n<meta property=\"og:image\" content=\"https:\/\/ubanews.com\/site\/wp-content\/uploads\/2018\/03\/DSC8521.jpg\" \/>\n\t<meta property=\"og:image:width\" content=\"3696\" \/>\n\t<meta property=\"og:image:height\" content=\"1772\" \/>\n\t<meta property=\"og:image:type\" content=\"image\/jpeg\" \/>\n<meta name=\"author\" content=\"Sodr\u00e9\" \/>\n<meta name=\"twitter:card\" content=\"summary_large_image\" \/>\n<meta name=\"twitter:label1\" content=\"Escrito por\" \/>\n\t<meta name=\"twitter:data1\" content=\"Sodr\u00e9\" \/>\n\t<meta name=\"twitter:label2\" content=\"Est. tempo de leitura\" \/>\n\t<meta name=\"twitter:data2\" content=\"1 minuto\" \/>\n<script type=\"application\/ld+json\" class=\"yoast-schema-graph\">{\"@context\":\"https:\/\/schema.org\",\"@graph\":[{\"@type\":\"Article\",\"@id\":\"https:\/\/ubanews.com\/site\/2018\/03\/24\/evento-da-encenacao-da-paixao-e-morte-de-jesus-cristo-sera-na-praca-guido-marliere\/#article\",\"isPartOf\":{\"@id\":\"https:\/\/ubanews.com\/site\/2018\/03\/24\/evento-da-encenacao-da-paixao-e-morte-de-jesus-cristo-sera-na-praca-guido-marliere\/\"},\"author\":{\"name\":\"Sodr\u00e9\",\"@id\":\"https:\/\/ubanews.com\/site\/#\/schema\/person\/d90c9e47252fbb63dcc969fe4c8b9d10\"},\"headline\":\"Evento da Encena\u00e7\u00e3o da Paix\u00e3o e Morte de Jesus Cristo ser\u00e1 na Pra\u00e7a Guido Marliere\",\"datePublished\":\"2018-03-24T22:29:06+00:00\",\"dateModified\":\"2018-03-29T17:43:08+00:00\",\"mainEntityOfPage\":{\"@id\":\"https:\/\/ubanews.com\/site\/2018\/03\/24\/evento-da-encenacao-da-paixao-e-morte-de-jesus-cristo-sera-na-praca-guido-marliere\/\"},\"wordCount\":214,\"commentCount\":0,\"publisher\":{\"@id\":\"https:\/\/ubanews.com\/site\/#organization\"},\"image\":{\"@id\":\"https:\/\/ubanews.com\/site\/2018\/03\/24\/evento-da-encenacao-da-paixao-e-morte-de-jesus-cristo-sera-na-praca-guido-marliere\/#primaryimage\"},\"thumbnailUrl\":\"https:\/\/ubanews.com\/site\/wp-content\/uploads\/2018\/03\/DSC8521.jpg\",\"articleSection\":[\"Geral\"],\"inLanguage\":\"pt-BR\",\"potentialAction\":[{\"@type\":\"CommentAction\",\"name\":\"Comment\",\"target\":[\"https:\/\/ubanews.com\/site\/2018\/03\/24\/evento-da-encenacao-da-paixao-e-morte-de-jesus-cristo-sera-na-praca-guido-marliere\/#respond\"]}]},{\"@type\":\"WebPage\",\"@id\":\"https:\/\/ubanews.com\/site\/2018\/03\/24\/evento-da-encenacao-da-paixao-e-morte-de-jesus-cristo-sera-na-praca-guido-marliere\/\",\"url\":\"https:\/\/ubanews.com\/site\/2018\/03\/24\/evento-da-encenacao-da-paixao-e-morte-de-jesus-cristo-sera-na-praca-guido-marliere\/\",\"name\":\"Evento da Encena\u00e7\u00e3o da Paix\u00e3o e Morte de Jesus Cristo ser\u00e1 na Pra\u00e7a Guido Marliere - Ub\u00e1 News\",\"isPartOf\":{\"@id\":\"https:\/\/ubanews.com\/site\/#website\"},\"primaryImageOfPage\":{\"@id\":\"https:\/\/ubanews.com\/site\/2018\/03\/24\/evento-da-encenacao-da-paixao-e-morte-de-jesus-cristo-sera-na-praca-guido-marliere\/#primaryimage\"},\"image\":{\"@id\":\"https:\/\/ubanews.com\/site\/2018\/03\/24\/evento-da-encenacao-da-paixao-e-morte-de-jesus-cristo-sera-na-praca-guido-marliere\/#primaryimage\"},\"thumbnailUrl\":\"https:\/\/ubanews.com\/site\/wp-content\/uploads\/2018\/03\/DSC8521.jpg\",\"datePublished\":\"2018-03-24T22:29:06+00:00\",\"dateModified\":\"2018-03-29T17:43:08+00:00\",\"breadcrumb\":{\"@id\":\"https:\/\/ubanews.com\/site\/2018\/03\/24\/evento-da-encenacao-da-paixao-e-morte-de-jesus-cristo-sera-na-praca-guido-marliere\/#breadcrumb\"},\"inLanguage\":\"pt-BR\",\"potentialAction\":[{\"@type\":\"ReadAction\",\"target\":[\"https:\/\/ubanews.com\/site\/2018\/03\/24\/evento-da-encenacao-da-paixao-e-morte-de-jesus-cristo-sera-na-praca-guido-marliere\/\"]}]},{\"@type\":\"ImageObject\",\"inLanguage\":\"pt-BR\",\"@id\":\"https:\/\/ubanews.com\/site\/2018\/03\/24\/evento-da-encenacao-da-paixao-e-morte-de-jesus-cristo-sera-na-praca-guido-marliere\/#primaryimage\",\"url\":\"https:\/\/ubanews.com\/site\/wp-content\/uploads\/2018\/03\/DSC8521.jpg\",\"contentUrl\":\"https:\/\/ubanews.com\/site\/wp-content\/uploads\/2018\/03\/DSC8521.jpg\",\"width\":3696,\"height\":1772},{\"@type\":\"BreadcrumbList\",\"@id\":\"https:\/\/ubanews.com\/site\/2018\/03\/24\/evento-da-encenacao-da-paixao-e-morte-de-jesus-cristo-sera-na-praca-guido-marliere\/#breadcrumb\",\"itemListElement\":[{\"@type\":\"ListItem\",\"position\":1,\"name\":\"Home\",\"item\":\"https:\/\/ubanews.com\/site\/\"},{\"@type\":\"ListItem\",\"position\":2,\"name\":\"Evento da Encena\u00e7\u00e3o da Paix\u00e3o e Morte de Jesus Cristo ser\u00e1 na Pra\u00e7a Guido Marliere\"}]},{\"@type\":\"WebSite\",\"@id\":\"https:\/\/ubanews.com\/site\/#website\",\"url\":\"https:\/\/ubanews.com\/site\/\",\"name\":\"Ub\u00e1 News\",\"description\":\"\",\"publisher\":{\"@id\":\"https:\/\/ubanews.com\/site\/#organization\"},\"potentialAction\":[{\"@type\":\"SearchAction\",\"target\":{\"@type\":\"EntryPoint\",\"urlTemplate\":\"https:\/\/ubanews.com\/site\/?s={search_term_string}\"},\"query-input\":{\"@type\":\"PropertyValueSpecification\",\"valueRequired\":true,\"valueName\":\"search_term_string\"}}],\"inLanguage\":\"pt-BR\"},{\"@type\":\"Organization\",\"@id\":\"https:\/\/ubanews.com\/site\/#organization\",\"name\":\"Ub\u00e1 News\",\"url\":\"https:\/\/ubanews.com\/site\/\",\"logo\":{\"@type\":\"ImageObject\",\"inLanguage\":\"pt-BR\",\"@id\":\"https:\/\/ubanews.com\/site\/#\/schema\/logo\/image\/\",\"url\":\"https:\/\/ubanews.com\/site\/wp-content\/uploads\/2018\/01\/logoubanews.png\",\"contentUrl\":\"https:\/\/ubanews.com\/site\/wp-content\/uploads\/2018\/01\/logoubanews.png\",\"width\":261,\"height\":99,\"caption\":\"Ub\u00e1 News\"},\"image\":{\"@id\":\"https:\/\/ubanews.com\/site\/#\/schema\/logo\/image\/\"},\"sameAs\":[\"https:\/\/www.facebook.com\/Ub\u00e1News-Carlos-Roberto-Sodr\u00e9-418778301977370\"]},{\"@type\":\"Person\",\"@id\":\"https:\/\/ubanews.com\/site\/#\/schema\/person\/d90c9e47252fbb63dcc969fe4c8b9d10\",\"name\":\"Sodr\u00e9\",\"image\":{\"@type\":\"ImageObject\",\"inLanguage\":\"pt-BR\",\"@id\":\"https:\/\/secure.gravatar.com\/avatar\/5ba2793f0590b9dbfad3fdec4ee714485b3eef211c9b32ee53d414060454a56c?s=96&d=mm&r=g\",\"url\":\"https:\/\/secure.gravatar.com\/avatar\/5ba2793f0590b9dbfad3fdec4ee714485b3eef211c9b32ee53d414060454a56c?s=96&d=mm&r=g\",\"contentUrl\":\"https:\/\/secure.gravatar.com\/avatar\/5ba2793f0590b9dbfad3fdec4ee714485b3eef211c9b32ee53d414060454a56c?s=96&d=mm&r=g\",\"caption\":\"Sodr\u00e9\"},\"sameAs\":[\"https:\/\/www.facebook.com\/carosroberto.sodre.5\/\"],\"url\":\"https:\/\/ubanews.com\/site\/author\/felipe\/\"}]}<\/script>\n<!-- \/ Yoast SEO plugin. -->","yoast_head_json":{"title":"Evento da Encena\u00e7\u00e3o da Paix\u00e3o e Morte de Jesus Cristo ser\u00e1 na Pra\u00e7a Guido Marliere - Ub\u00e1 News","robots":{"index":"index","follow":"follow","max-snippet":"max-snippet:-1","max-image-preview":"max-image-preview:large","max-video-preview":"max-video-preview:-1"},"canonical":"https:\/\/ubanews.com\/site\/2018\/03\/24\/evento-da-encenacao-da-paixao-e-morte-de-jesus-cristo-sera-na-praca-guido-marliere\/","og_locale":"pt_BR","og_type":"article","og_title":"Evento da Encena\u00e7\u00e3o da Paix\u00e3o e Morte de Jesus Cristo ser\u00e1 na Pra\u00e7a Guido Marliere - Ub\u00e1 News","og_description":"&nbsp;&nbsp;&nbsp;&nbsp;&nbsp;&nbsp;&nbsp; A Encena\u00e7\u00e3o da Paix\u00e3o e Morte de Jesus Cristo","og_url":"https:\/\/ubanews.com\/site\/2018\/03\/24\/evento-da-encenacao-da-paixao-e-morte-de-jesus-cristo-sera-na-praca-guido-marliere\/","og_site_name":"Ub\u00e1 News","article_publisher":"https:\/\/www.facebook.com\/Ub%c3%a1News-Carlos-Roberto-Sodr%c3%a9-418778301977370","article_author":"https:\/\/www.facebook.com\/carosroberto.sodre.5\/","article_published_time":"2018-03-24T22:29:06+00:00","article_modified_time":"2018-03-29T17:43:08+00:00","og_image":[{"width":3696,"height":1772,"url":"https:\/\/ubanews.com\/site\/wp-content\/uploads\/2018\/03\/DSC8521.jpg","type":"image\/jpeg"}],"author":"Sodr\u00e9","twitter_card":"summary_large_image","twitter_misc":{"Escrito por":"Sodr\u00e9","Est. tempo de leitura":"1 minuto"},"schema":{"@context":"https:\/\/schema.org","@graph":[{"@type":"Article","@id":"https:\/\/ubanews.com\/site\/2018\/03\/24\/evento-da-encenacao-da-paixao-e-morte-de-jesus-cristo-sera-na-praca-guido-marliere\/#article","isPartOf":{"@id":"https:\/\/ubanews.com\/site\/2018\/03\/24\/evento-da-encenacao-da-paixao-e-morte-de-jesus-cristo-sera-na-praca-guido-marliere\/"},"author":{"name":"Sodr\u00e9","@id":"https:\/\/ubanews.com\/site\/#\/schema\/person\/d90c9e47252fbb63dcc969fe4c8b9d10"},"headline":"Evento da Encena\u00e7\u00e3o da Paix\u00e3o e Morte de Jesus Cristo ser\u00e1 na Pra\u00e7a Guido Marliere","datePublished":"2018-03-24T22:29:06+00:00","dateModified":"2018-03-29T17:43:08+00:00","mainEntityOfPage":{"@id":"https:\/\/ubanews.com\/site\/2018\/03\/24\/evento-da-encenacao-da-paixao-e-morte-de-jesus-cristo-sera-na-praca-guido-marliere\/"},"wordCount":214,"commentCount":0,"publisher":{"@id":"https:\/\/ubanews.com\/site\/#organization"},"image":{"@id":"https:\/\/ubanews.com\/site\/2018\/03\/24\/evento-da-encenacao-da-paixao-e-morte-de-jesus-cristo-sera-na-praca-guido-marliere\/#primaryimage"},"thumbnailUrl":"https:\/\/ubanews.com\/site\/wp-content\/uploads\/2018\/03\/DSC8521.jpg","articleSection":["Geral"],"inLanguage":"pt-BR","potentialAction":[{"@type":"CommentAction","name":"Comment","target":["https:\/\/ubanews.com\/site\/2018\/03\/24\/evento-da-encenacao-da-paixao-e-morte-de-jesus-cristo-sera-na-praca-guido-marliere\/#respond"]}]},{"@type":"WebPage","@id":"https:\/\/ubanews.com\/site\/2018\/03\/24\/evento-da-encenacao-da-paixao-e-morte-de-jesus-cristo-sera-na-praca-guido-marliere\/","url":"https:\/\/ubanews.com\/site\/2018\/03\/24\/evento-da-encenacao-da-paixao-e-morte-de-jesus-cristo-sera-na-praca-guido-marliere\/","name":"Evento da Encena\u00e7\u00e3o da Paix\u00e3o e Morte de Jesus Cristo ser\u00e1 na Pra\u00e7a Guido Marliere - Ub\u00e1 News","isPartOf":{"@id":"https:\/\/ubanews.com\/site\/#website"},"primaryImageOfPage":{"@id":"https:\/\/ubanews.com\/site\/2018\/03\/24\/evento-da-encenacao-da-paixao-e-morte-de-jesus-cristo-sera-na-praca-guido-marliere\/#primaryimage"},"image":{"@id":"https:\/\/ubanews.com\/site\/2018\/03\/24\/evento-da-encenacao-da-paixao-e-morte-de-jesus-cristo-sera-na-praca-guido-marliere\/#primaryimage"},"thumbnailUrl":"https:\/\/ubanews.com\/site\/wp-content\/uploads\/2018\/03\/DSC8521.jpg","datePublished":"2018-03-24T22:29:06+00:00","dateModified":"2018-03-29T17:43:08+00:00","breadcrumb":{"@id":"https:\/\/ubanews.com\/site\/2018\/03\/24\/evento-da-encenacao-da-paixao-e-morte-de-jesus-cristo-sera-na-praca-guido-marliere\/#breadcrumb"},"inLanguage":"pt-BR","potentialAction":[{"@type":"ReadAction","target":["https:\/\/ubanews.com\/site\/2018\/03\/24\/evento-da-encenacao-da-paixao-e-morte-de-jesus-cristo-sera-na-praca-guido-marliere\/"]}]},{"@type":"ImageObject","inLanguage":"pt-BR","@id":"https:\/\/ubanews.com\/site\/2018\/03\/24\/evento-da-encenacao-da-paixao-e-morte-de-jesus-cristo-sera-na-praca-guido-marliere\/#primaryimage","url":"https:\/\/ubanews.com\/site\/wp-content\/uploads\/2018\/03\/DSC8521.jpg","contentUrl":"https:\/\/ubanews.com\/site\/wp-content\/uploads\/2018\/03\/DSC8521.jpg","width":3696,"height":1772},{"@type":"BreadcrumbList","@id":"https:\/\/ubanews.com\/site\/2018\/03\/24\/evento-da-encenacao-da-paixao-e-morte-de-jesus-cristo-sera-na-praca-guido-marliere\/#breadcrumb","itemListElement":[{"@type":"ListItem","position":1,"name":"Home","item":"https:\/\/ubanews.com\/site\/"},{"@type":"ListItem","position":2,"name":"Evento da Encena\u00e7\u00e3o da Paix\u00e3o e Morte de Jesus Cristo ser\u00e1 na Pra\u00e7a Guido Marliere"}]},{"@type":"WebSite","@id":"https:\/\/ubanews.com\/site\/#website","url":"https:\/\/ubanews.com\/site\/","name":"Ub\u00e1 News","description":"","publisher":{"@id":"https:\/\/ubanews.com\/site\/#organization"},"potentialAction":[{"@type":"SearchAction","target":{"@type":"EntryPoint","urlTemplate":"https:\/\/ubanews.com\/site\/?s={search_term_string}"},"query-input":{"@type":"PropertyValueSpecification","valueRequired":true,"valueName":"search_term_string"}}],"inLanguage":"pt-BR"},{"@type":"Organization","@id":"https:\/\/ubanews.com\/site\/#organization","name":"Ub\u00e1 News","url":"https:\/\/ubanews.com\/site\/","logo":{"@type":"ImageObject","inLanguage":"pt-BR","@id":"https:\/\/ubanews.com\/site\/#\/schema\/logo\/image\/","url":"https:\/\/ubanews.com\/site\/wp-content\/uploads\/2018\/01\/logoubanews.png","contentUrl":"https:\/\/ubanews.com\/site\/wp-content\/uploads\/2018\/01\/logoubanews.png","width":261,"height":99,"caption":"Ub\u00e1 News"},"image":{"@id":"https:\/\/ubanews.com\/site\/#\/schema\/logo\/image\/"},"sameAs":["https:\/\/www.facebook.com\/Ub\u00e1News-Carlos-Roberto-Sodr\u00e9-418778301977370"]},{"@type":"Person","@id":"https:\/\/ubanews.com\/site\/#\/schema\/person\/d90c9e47252fbb63dcc969fe4c8b9d10","name":"Sodr\u00e9","image":{"@type":"ImageObject","inLanguage":"pt-BR","@id":"https:\/\/secure.gravatar.com\/avatar\/5ba2793f0590b9dbfad3fdec4ee714485b3eef211c9b32ee53d414060454a56c?s=96&d=mm&r=g","url":"https:\/\/secure.gravatar.com\/avatar\/5ba2793f0590b9dbfad3fdec4ee714485b3eef211c9b32ee53d414060454a56c?s=96&d=mm&r=g","contentUrl":"https:\/\/secure.gravatar.com\/avatar\/5ba2793f0590b9dbfad3fdec4ee714485b3eef211c9b32ee53d414060454a56c?s=96&d=mm&r=g","caption":"Sodr\u00e9"},"sameAs":["https:\/\/www.facebook.com\/carosroberto.sodre.5\/"],"url":"https:\/\/ubanews.com\/site\/author\/felipe\/"}]}},"_links":{"self":[{"href":"https:\/\/ubanews.com\/site\/wp-json\/wp\/v2\/posts\/1286","targetHints":{"allow":["GET"]}}],"collection":[{"href":"https:\/\/ubanews.com\/site\/wp-json\/wp\/v2\/posts"}],"about":[{"href":"https:\/\/ubanews.com\/site\/wp-json\/wp\/v2\/types\/post"}],"author":[{"embeddable":true,"href":"https:\/\/ubanews.com\/site\/wp-json\/wp\/v2\/users\/2"}],"replies":[{"embeddable":true,"href":"https:\/\/ubanews.com\/site\/wp-json\/wp\/v2\/comments?post=1286"}],"version-history":[{"count":0,"href":"https:\/\/ubanews.com\/site\/wp-json\/wp\/v2\/posts\/1286\/revisions"}],"wp:featuredmedia":[{"embeddable":true,"href":"https:\/\/ubanews.com\/site\/wp-json\/wp\/v2\/media\/1287"}],"wp:attachment":[{"href":"https:\/\/ubanews.com\/site\/wp-json\/wp\/v2\/media?parent=1286"}],"wp:term":[{"taxonomy":"category","embeddable":true,"href":"https:\/\/ubanews.com\/site\/wp-json\/wp\/v2\/categories?post=1286"},{"taxonomy":"post_tag","embeddable":true,"href":"https:\/\/ubanews.com\/site\/wp-json\/wp\/v2\/tags?post=1286"}],"curies":[{"name":"wp","href":"https:\/\/api.w.org\/{rel}","templated":true}]}}