{"id":1274,"date":"2018-03-24T19:13:49","date_gmt":"2018-03-24T22:13:49","guid":{"rendered":"http:\/\/ubanews.com\/site\/?p=1274"},"modified":"2018-03-27T23:29:24","modified_gmt":"2018-03-28T02:29:24","slug":"moradores-e-comerciantes-da-rua-belo-horizonte-repudiam-mudancas-no-transito","status":"publish","type":"post","link":"https:\/\/ubanews.com\/site\/2018\/03\/24\/moradores-e-comerciantes-da-rua-belo-horizonte-repudiam-mudancas-no-transito\/","title":{"rendered":"Moradores e comerciantes da Rua Belo Horizonte repudiam mudan\u00e7as no tr\u00e2nsito"},"content":{"rendered":"<p><strong><img decoding=\"async\" class=\"alignnone size-full wp-image-1279 lazyload\" data-src=\"https:\/\/ubanews.com\/site\/wp-content\/uploads\/2018\/03\/DSC8479-c\u00f3pia.jpg\" alt=\"\" width=\"3696\" height=\"1772\" data-srcset=\"https:\/\/ubanews.com\/site\/wp-content\/uploads\/2018\/03\/DSC8479-c\u00f3pia.jpg 3696w, https:\/\/ubanews.com\/site\/wp-content\/uploads\/2018\/03\/DSC8479-c\u00f3pia-300x144.jpg 300w, https:\/\/ubanews.com\/site\/wp-content\/uploads\/2018\/03\/DSC8479-c\u00f3pia-768x368.jpg 768w, https:\/\/ubanews.com\/site\/wp-content\/uploads\/2018\/03\/DSC8479-c\u00f3pia-1024x491.jpg 1024w\" data-sizes=\"(max-width: 3696px) 100vw, 3696px\" src=\"data:image\/svg+xml;base64,PHN2ZyB3aWR0aD0iMSIgaGVpZ2h0PSIxIiB4bWxucz0iaHR0cDovL3d3dy53My5vcmcvMjAwMC9zdmciPjwvc3ZnPg==\" style=\"--smush-placeholder-width: 3696px; --smush-placeholder-aspect-ratio: 3696\/1772;\" \/> <img decoding=\"async\" class=\"alignnone size-full wp-image-1280 lazyload\" data-src=\"https:\/\/ubanews.com\/site\/wp-content\/uploads\/2018\/03\/DSC8488-c\u00f3pia.jpg\" alt=\"\" width=\"3696\" height=\"1772\" data-srcset=\"https:\/\/ubanews.com\/site\/wp-content\/uploads\/2018\/03\/DSC8488-c\u00f3pia.jpg 3696w, https:\/\/ubanews.com\/site\/wp-content\/uploads\/2018\/03\/DSC8488-c\u00f3pia-300x144.jpg 300w, https:\/\/ubanews.com\/site\/wp-content\/uploads\/2018\/03\/DSC8488-c\u00f3pia-768x368.jpg 768w, https:\/\/ubanews.com\/site\/wp-content\/uploads\/2018\/03\/DSC8488-c\u00f3pia-1024x491.jpg 1024w\" data-sizes=\"(max-width: 3696px) 100vw, 3696px\" src=\"data:image\/svg+xml;base64,PHN2ZyB3aWR0aD0iMSIgaGVpZ2h0PSIxIiB4bWxucz0iaHR0cDovL3d3dy53My5vcmcvMjAwMC9zdmciPjwvc3ZnPg==\" style=\"--smush-placeholder-width: 3696px; --smush-placeholder-aspect-ratio: 3696\/1772;\" \/> <img decoding=\"async\" class=\"alignnone size-full wp-image-1281 lazyload\" data-src=\"https:\/\/ubanews.com\/site\/wp-content\/uploads\/2018\/03\/DSC8510-c\u00f3pia.jpg\" alt=\"\" width=\"3696\" height=\"1772\" data-srcset=\"https:\/\/ubanews.com\/site\/wp-content\/uploads\/2018\/03\/DSC8510-c\u00f3pia.jpg 3696w, https:\/\/ubanews.com\/site\/wp-content\/uploads\/2018\/03\/DSC8510-c\u00f3pia-300x144.jpg 300w, https:\/\/ubanews.com\/site\/wp-content\/uploads\/2018\/03\/DSC8510-c\u00f3pia-768x368.jpg 768w, https:\/\/ubanews.com\/site\/wp-content\/uploads\/2018\/03\/DSC8510-c\u00f3pia-1024x491.jpg 1024w\" data-sizes=\"(max-width: 3696px) 100vw, 3696px\" src=\"data:image\/svg+xml;base64,PHN2ZyB3aWR0aD0iMSIgaGVpZ2h0PSIxIiB4bWxucz0iaHR0cDovL3d3dy53My5vcmcvMjAwMC9zdmciPjwvc3ZnPg==\" style=\"--smush-placeholder-width: 3696px; --smush-placeholder-aspect-ratio: 3696\/1772;\" \/> <img decoding=\"async\" class=\"alignnone size-full wp-image-1282 lazyload\" data-src=\"https:\/\/ubanews.com\/site\/wp-content\/uploads\/2018\/03\/DSC8513-c\u00f3pia.jpg\" alt=\"\" width=\"3696\" height=\"1772\" data-srcset=\"https:\/\/ubanews.com\/site\/wp-content\/uploads\/2018\/03\/DSC8513-c\u00f3pia.jpg 3696w, https:\/\/ubanews.com\/site\/wp-content\/uploads\/2018\/03\/DSC8513-c\u00f3pia-300x144.jpg 300w, https:\/\/ubanews.com\/site\/wp-content\/uploads\/2018\/03\/DSC8513-c\u00f3pia-768x368.jpg 768w, https:\/\/ubanews.com\/site\/wp-content\/uploads\/2018\/03\/DSC8513-c\u00f3pia-1024x491.jpg 1024w\" data-sizes=\"(max-width: 3696px) 100vw, 3696px\" src=\"data:image\/svg+xml;base64,PHN2ZyB3aWR0aD0iMSIgaGVpZ2h0PSIxIiB4bWxucz0iaHR0cDovL3d3dy53My5vcmcvMjAwMC9zdmciPjwvc3ZnPg==\" style=\"--smush-placeholder-width: 3696px; --smush-placeholder-aspect-ratio: 3696\/1772;\" \/>&nbsp;&nbsp;&nbsp;&nbsp;&nbsp;&nbsp;&nbsp; <\/strong>Fomos chamados pelos moradores da Rua Belo Horizonte (centro) para que eles manifestassem, junto \u00e0 nossa reportagem, todo o rep\u00fadio inerente \u00e0s mudan\u00e7as realizadas pelo departamento de tr\u00e2nsito da Prefeitura Municipal de Ub\u00e1.<\/p>\n<p>&nbsp;&nbsp;&nbsp;&nbsp;&nbsp;&nbsp;&nbsp; Toda a extens\u00e3o da Rua Belo Horizonte, foram colocadas placas, proibindo o estacionamento para carros e motos. N\u00e3o \u00e9 s\u00f3 isso que incomoda os moradores e comerciantes daquela regi\u00e3o. Segundo&nbsp; eles, al\u00e9m da proibi\u00e7\u00e3o do estacionamento, o que traz preju\u00edzos para todos, eles reclamam ainda de terrenos baldios sujos e cheios de matos, produzindo grande quantidade de bichos pe\u00e7onhentos, invadindo as casas, causando desconforto para moradores e comerciantes. A rua \u00e9 apertada. Al\u00e9m desse detalhe, s\u00e3o pelo menos dezesseis com\u00e9rcios, mais as resid\u00eancias!<\/p>\n<p>Acompanhe no v\u00eddeo o desabafo do senhor Guarino Colli e o Pastor Washington Sim\u00f5es!&nbsp;&nbsp;<\/p>\n<div style=\"position: relative; height: 0; padding-bottom: 56.25%;\"><iframe style=\"position: absolute; width: 100%; height: 100%; left: 0;\" data-src=\"https:\/\/www.youtube.com\/embed\/yXs1-Yjp23g?ecver=2\" width=\"640\" height=\"360\" frameborder=\"0\" allowfullscreen=\"allowfullscreen\" src=\"data:image\/svg+xml;base64,PHN2ZyB3aWR0aD0iMSIgaGVpZ2h0PSIxIiB4bWxucz0iaHR0cDovL3d3dy53My5vcmcvMjAwMC9zdmciPjwvc3ZnPg==\" class=\"lazyload\" data-load-mode=\"1\"><\/iframe><\/div>\n<p>&nbsp;<\/p>\n","protected":false},"excerpt":{"rendered":"<p>&nbsp;&nbsp;&nbsp;&nbsp;&nbsp;&nbsp;&nbsp; Fomos chamados pelos moradores da Rua Belo Horizonte (centro)<\/p>\n","protected":false},"author":2,"featured_media":1278,"comment_status":"open","ping_status":"open","sticky":false,"template":"","format":"standard","meta":{"footnotes":""},"categories":[1],"tags":[],"class_list":["post-1274","post","type-post","status-publish","format-standard","has-post-thumbnail","hentry","category-sem-categoria"],"yoast_head":"<!-- This site is optimized with the Yoast SEO plugin v27.2 - https:\/\/yoast.com\/product\/yoast-seo-wordpress\/ -->\n<title>Moradores e comerciantes da Rua Belo Horizonte repudiam mudan\u00e7as no tr\u00e2nsito - Ub\u00e1 News<\/title>\n<meta name=\"robots\" content=\"index, follow, max-snippet:-1, max-image-preview:large, max-video-preview:-1\" \/>\n<link rel=\"canonical\" href=\"https:\/\/ubanews.com\/site\/2018\/03\/24\/moradores-e-comerciantes-da-rua-belo-horizonte-repudiam-mudancas-no-transito\/\" \/>\n<meta property=\"og:locale\" content=\"pt_BR\" \/>\n<meta property=\"og:type\" content=\"article\" \/>\n<meta property=\"og:title\" content=\"Moradores e comerciantes da Rua Belo Horizonte repudiam mudan\u00e7as no tr\u00e2nsito - Ub\u00e1 News\" \/>\n<meta property=\"og:description\" content=\"&nbsp;&nbsp;&nbsp;&nbsp;&nbsp;&nbsp;&nbsp; Fomos chamados pelos moradores da Rua Belo Horizonte (centro)\" \/>\n<meta property=\"og:url\" content=\"https:\/\/ubanews.com\/site\/2018\/03\/24\/moradores-e-comerciantes-da-rua-belo-horizonte-repudiam-mudancas-no-transito\/\" \/>\n<meta property=\"og:site_name\" content=\"Ub\u00e1 News\" \/>\n<meta property=\"article:publisher\" content=\"https:\/\/www.facebook.com\/Ub%c3%a1News-Carlos-Roberto-Sodr%c3%a9-418778301977370\" \/>\n<meta property=\"article:author\" content=\"https:\/\/www.facebook.com\/carosroberto.sodre.5\/\" \/>\n<meta property=\"article:published_time\" content=\"2018-03-24T22:13:49+00:00\" \/>\n<meta property=\"article:modified_time\" content=\"2018-03-28T02:29:24+00:00\" \/>\n<meta property=\"og:image\" content=\"https:\/\/ubanews.com\/site\/wp-content\/uploads\/2018\/03\/DSC8474-c\u00f3pia.jpg\" \/>\n\t<meta property=\"og:image:width\" content=\"3696\" \/>\n\t<meta property=\"og:image:height\" content=\"1772\" \/>\n\t<meta property=\"og:image:type\" content=\"image\/jpeg\" \/>\n<meta name=\"author\" content=\"Sodr\u00e9\" \/>\n<meta name=\"twitter:card\" content=\"summary_large_image\" \/>\n<meta name=\"twitter:label1\" content=\"Escrito por\" \/>\n\t<meta name=\"twitter:data1\" content=\"Sodr\u00e9\" \/>\n\t<meta name=\"twitter:label2\" content=\"Est. tempo de leitura\" \/>\n\t<meta name=\"twitter:data2\" content=\"1 minuto\" \/>\n<script type=\"application\/ld+json\" class=\"yoast-schema-graph\">{\"@context\":\"https:\/\/schema.org\",\"@graph\":[{\"@type\":\"Article\",\"@id\":\"https:\/\/ubanews.com\/site\/2018\/03\/24\/moradores-e-comerciantes-da-rua-belo-horizonte-repudiam-mudancas-no-transito\/#article\",\"isPartOf\":{\"@id\":\"https:\/\/ubanews.com\/site\/2018\/03\/24\/moradores-e-comerciantes-da-rua-belo-horizonte-repudiam-mudancas-no-transito\/\"},\"author\":{\"name\":\"Sodr\u00e9\",\"@id\":\"https:\/\/ubanews.com\/site\/#\/schema\/person\/d90c9e47252fbb63dcc969fe4c8b9d10\"},\"headline\":\"Moradores e comerciantes da Rua Belo Horizonte repudiam mudan\u00e7as no tr\u00e2nsito\",\"datePublished\":\"2018-03-24T22:13:49+00:00\",\"dateModified\":\"2018-03-28T02:29:24+00:00\",\"mainEntityOfPage\":{\"@id\":\"https:\/\/ubanews.com\/site\/2018\/03\/24\/moradores-e-comerciantes-da-rua-belo-horizonte-repudiam-mudancas-no-transito\/\"},\"wordCount\":174,\"commentCount\":0,\"publisher\":{\"@id\":\"https:\/\/ubanews.com\/site\/#organization\"},\"image\":{\"@id\":\"https:\/\/ubanews.com\/site\/2018\/03\/24\/moradores-e-comerciantes-da-rua-belo-horizonte-repudiam-mudancas-no-transito\/#primaryimage\"},\"thumbnailUrl\":\"https:\/\/ubanews.com\/site\/wp-content\/uploads\/2018\/03\/DSC8474-c\u00f3pia.jpg\",\"articleSection\":[\"Geral\"],\"inLanguage\":\"pt-BR\",\"potentialAction\":[{\"@type\":\"CommentAction\",\"name\":\"Comment\",\"target\":[\"https:\/\/ubanews.com\/site\/2018\/03\/24\/moradores-e-comerciantes-da-rua-belo-horizonte-repudiam-mudancas-no-transito\/#respond\"]}]},{\"@type\":\"WebPage\",\"@id\":\"https:\/\/ubanews.com\/site\/2018\/03\/24\/moradores-e-comerciantes-da-rua-belo-horizonte-repudiam-mudancas-no-transito\/\",\"url\":\"https:\/\/ubanews.com\/site\/2018\/03\/24\/moradores-e-comerciantes-da-rua-belo-horizonte-repudiam-mudancas-no-transito\/\",\"name\":\"Moradores e comerciantes da Rua Belo Horizonte repudiam mudan\u00e7as no tr\u00e2nsito - Ub\u00e1 News\",\"isPartOf\":{\"@id\":\"https:\/\/ubanews.com\/site\/#website\"},\"primaryImageOfPage\":{\"@id\":\"https:\/\/ubanews.com\/site\/2018\/03\/24\/moradores-e-comerciantes-da-rua-belo-horizonte-repudiam-mudancas-no-transito\/#primaryimage\"},\"image\":{\"@id\":\"https:\/\/ubanews.com\/site\/2018\/03\/24\/moradores-e-comerciantes-da-rua-belo-horizonte-repudiam-mudancas-no-transito\/#primaryimage\"},\"thumbnailUrl\":\"https:\/\/ubanews.com\/site\/wp-content\/uploads\/2018\/03\/DSC8474-c\u00f3pia.jpg\",\"datePublished\":\"2018-03-24T22:13:49+00:00\",\"dateModified\":\"2018-03-28T02:29:24+00:00\",\"breadcrumb\":{\"@id\":\"https:\/\/ubanews.com\/site\/2018\/03\/24\/moradores-e-comerciantes-da-rua-belo-horizonte-repudiam-mudancas-no-transito\/#breadcrumb\"},\"inLanguage\":\"pt-BR\",\"potentialAction\":[{\"@type\":\"ReadAction\",\"target\":[\"https:\/\/ubanews.com\/site\/2018\/03\/24\/moradores-e-comerciantes-da-rua-belo-horizonte-repudiam-mudancas-no-transito\/\"]}]},{\"@type\":\"ImageObject\",\"inLanguage\":\"pt-BR\",\"@id\":\"https:\/\/ubanews.com\/site\/2018\/03\/24\/moradores-e-comerciantes-da-rua-belo-horizonte-repudiam-mudancas-no-transito\/#primaryimage\",\"url\":\"https:\/\/ubanews.com\/site\/wp-content\/uploads\/2018\/03\/DSC8474-c\u00f3pia.jpg\",\"contentUrl\":\"https:\/\/ubanews.com\/site\/wp-content\/uploads\/2018\/03\/DSC8474-c\u00f3pia.jpg\",\"width\":3696,\"height\":1772},{\"@type\":\"BreadcrumbList\",\"@id\":\"https:\/\/ubanews.com\/site\/2018\/03\/24\/moradores-e-comerciantes-da-rua-belo-horizonte-repudiam-mudancas-no-transito\/#breadcrumb\",\"itemListElement\":[{\"@type\":\"ListItem\",\"position\":1,\"name\":\"Home\",\"item\":\"https:\/\/ubanews.com\/site\/\"},{\"@type\":\"ListItem\",\"position\":2,\"name\":\"Moradores e comerciantes da Rua Belo Horizonte repudiam mudan\u00e7as no tr\u00e2nsito\"}]},{\"@type\":\"WebSite\",\"@id\":\"https:\/\/ubanews.com\/site\/#website\",\"url\":\"https:\/\/ubanews.com\/site\/\",\"name\":\"Ub\u00e1 News\",\"description\":\"\",\"publisher\":{\"@id\":\"https:\/\/ubanews.com\/site\/#organization\"},\"potentialAction\":[{\"@type\":\"SearchAction\",\"target\":{\"@type\":\"EntryPoint\",\"urlTemplate\":\"https:\/\/ubanews.com\/site\/?s={search_term_string}\"},\"query-input\":{\"@type\":\"PropertyValueSpecification\",\"valueRequired\":true,\"valueName\":\"search_term_string\"}}],\"inLanguage\":\"pt-BR\"},{\"@type\":\"Organization\",\"@id\":\"https:\/\/ubanews.com\/site\/#organization\",\"name\":\"Ub\u00e1 News\",\"url\":\"https:\/\/ubanews.com\/site\/\",\"logo\":{\"@type\":\"ImageObject\",\"inLanguage\":\"pt-BR\",\"@id\":\"https:\/\/ubanews.com\/site\/#\/schema\/logo\/image\/\",\"url\":\"https:\/\/ubanews.com\/site\/wp-content\/uploads\/2018\/01\/logoubanews.png\",\"contentUrl\":\"https:\/\/ubanews.com\/site\/wp-content\/uploads\/2018\/01\/logoubanews.png\",\"width\":261,\"height\":99,\"caption\":\"Ub\u00e1 News\"},\"image\":{\"@id\":\"https:\/\/ubanews.com\/site\/#\/schema\/logo\/image\/\"},\"sameAs\":[\"https:\/\/www.facebook.com\/Ub\u00e1News-Carlos-Roberto-Sodr\u00e9-418778301977370\"]},{\"@type\":\"Person\",\"@id\":\"https:\/\/ubanews.com\/site\/#\/schema\/person\/d90c9e47252fbb63dcc969fe4c8b9d10\",\"name\":\"Sodr\u00e9\",\"image\":{\"@type\":\"ImageObject\",\"inLanguage\":\"pt-BR\",\"@id\":\"https:\/\/secure.gravatar.com\/avatar\/5ba2793f0590b9dbfad3fdec4ee714485b3eef211c9b32ee53d414060454a56c?s=96&d=mm&r=g\",\"url\":\"https:\/\/secure.gravatar.com\/avatar\/5ba2793f0590b9dbfad3fdec4ee714485b3eef211c9b32ee53d414060454a56c?s=96&d=mm&r=g\",\"contentUrl\":\"https:\/\/secure.gravatar.com\/avatar\/5ba2793f0590b9dbfad3fdec4ee714485b3eef211c9b32ee53d414060454a56c?s=96&d=mm&r=g\",\"caption\":\"Sodr\u00e9\"},\"sameAs\":[\"https:\/\/www.facebook.com\/carosroberto.sodre.5\/\"],\"url\":\"https:\/\/ubanews.com\/site\/author\/felipe\/\"}]}<\/script>\n<!-- \/ Yoast SEO plugin. -->","yoast_head_json":{"title":"Moradores e comerciantes da Rua Belo Horizonte repudiam mudan\u00e7as no tr\u00e2nsito - Ub\u00e1 News","robots":{"index":"index","follow":"follow","max-snippet":"max-snippet:-1","max-image-preview":"max-image-preview:large","max-video-preview":"max-video-preview:-1"},"canonical":"https:\/\/ubanews.com\/site\/2018\/03\/24\/moradores-e-comerciantes-da-rua-belo-horizonte-repudiam-mudancas-no-transito\/","og_locale":"pt_BR","og_type":"article","og_title":"Moradores e comerciantes da Rua Belo Horizonte repudiam mudan\u00e7as no tr\u00e2nsito - Ub\u00e1 News","og_description":"&nbsp;&nbsp;&nbsp;&nbsp;&nbsp;&nbsp;&nbsp; Fomos chamados pelos moradores da Rua Belo Horizonte (centro)","og_url":"https:\/\/ubanews.com\/site\/2018\/03\/24\/moradores-e-comerciantes-da-rua-belo-horizonte-repudiam-mudancas-no-transito\/","og_site_name":"Ub\u00e1 News","article_publisher":"https:\/\/www.facebook.com\/Ub%c3%a1News-Carlos-Roberto-Sodr%c3%a9-418778301977370","article_author":"https:\/\/www.facebook.com\/carosroberto.sodre.5\/","article_published_time":"2018-03-24T22:13:49+00:00","article_modified_time":"2018-03-28T02:29:24+00:00","og_image":[{"width":3696,"height":1772,"url":"https:\/\/ubanews.com\/site\/wp-content\/uploads\/2018\/03\/DSC8474-c\u00f3pia.jpg","type":"image\/jpeg"}],"author":"Sodr\u00e9","twitter_card":"summary_large_image","twitter_misc":{"Escrito por":"Sodr\u00e9","Est. tempo de leitura":"1 minuto"},"schema":{"@context":"https:\/\/schema.org","@graph":[{"@type":"Article","@id":"https:\/\/ubanews.com\/site\/2018\/03\/24\/moradores-e-comerciantes-da-rua-belo-horizonte-repudiam-mudancas-no-transito\/#article","isPartOf":{"@id":"https:\/\/ubanews.com\/site\/2018\/03\/24\/moradores-e-comerciantes-da-rua-belo-horizonte-repudiam-mudancas-no-transito\/"},"author":{"name":"Sodr\u00e9","@id":"https:\/\/ubanews.com\/site\/#\/schema\/person\/d90c9e47252fbb63dcc969fe4c8b9d10"},"headline":"Moradores e comerciantes da Rua Belo Horizonte repudiam mudan\u00e7as no tr\u00e2nsito","datePublished":"2018-03-24T22:13:49+00:00","dateModified":"2018-03-28T02:29:24+00:00","mainEntityOfPage":{"@id":"https:\/\/ubanews.com\/site\/2018\/03\/24\/moradores-e-comerciantes-da-rua-belo-horizonte-repudiam-mudancas-no-transito\/"},"wordCount":174,"commentCount":0,"publisher":{"@id":"https:\/\/ubanews.com\/site\/#organization"},"image":{"@id":"https:\/\/ubanews.com\/site\/2018\/03\/24\/moradores-e-comerciantes-da-rua-belo-horizonte-repudiam-mudancas-no-transito\/#primaryimage"},"thumbnailUrl":"https:\/\/ubanews.com\/site\/wp-content\/uploads\/2018\/03\/DSC8474-c\u00f3pia.jpg","articleSection":["Geral"],"inLanguage":"pt-BR","potentialAction":[{"@type":"CommentAction","name":"Comment","target":["https:\/\/ubanews.com\/site\/2018\/03\/24\/moradores-e-comerciantes-da-rua-belo-horizonte-repudiam-mudancas-no-transito\/#respond"]}]},{"@type":"WebPage","@id":"https:\/\/ubanews.com\/site\/2018\/03\/24\/moradores-e-comerciantes-da-rua-belo-horizonte-repudiam-mudancas-no-transito\/","url":"https:\/\/ubanews.com\/site\/2018\/03\/24\/moradores-e-comerciantes-da-rua-belo-horizonte-repudiam-mudancas-no-transito\/","name":"Moradores e comerciantes da Rua Belo Horizonte repudiam mudan\u00e7as no tr\u00e2nsito - Ub\u00e1 News","isPartOf":{"@id":"https:\/\/ubanews.com\/site\/#website"},"primaryImageOfPage":{"@id":"https:\/\/ubanews.com\/site\/2018\/03\/24\/moradores-e-comerciantes-da-rua-belo-horizonte-repudiam-mudancas-no-transito\/#primaryimage"},"image":{"@id":"https:\/\/ubanews.com\/site\/2018\/03\/24\/moradores-e-comerciantes-da-rua-belo-horizonte-repudiam-mudancas-no-transito\/#primaryimage"},"thumbnailUrl":"https:\/\/ubanews.com\/site\/wp-content\/uploads\/2018\/03\/DSC8474-c\u00f3pia.jpg","datePublished":"2018-03-24T22:13:49+00:00","dateModified":"2018-03-28T02:29:24+00:00","breadcrumb":{"@id":"https:\/\/ubanews.com\/site\/2018\/03\/24\/moradores-e-comerciantes-da-rua-belo-horizonte-repudiam-mudancas-no-transito\/#breadcrumb"},"inLanguage":"pt-BR","potentialAction":[{"@type":"ReadAction","target":["https:\/\/ubanews.com\/site\/2018\/03\/24\/moradores-e-comerciantes-da-rua-belo-horizonte-repudiam-mudancas-no-transito\/"]}]},{"@type":"ImageObject","inLanguage":"pt-BR","@id":"https:\/\/ubanews.com\/site\/2018\/03\/24\/moradores-e-comerciantes-da-rua-belo-horizonte-repudiam-mudancas-no-transito\/#primaryimage","url":"https:\/\/ubanews.com\/site\/wp-content\/uploads\/2018\/03\/DSC8474-c\u00f3pia.jpg","contentUrl":"https:\/\/ubanews.com\/site\/wp-content\/uploads\/2018\/03\/DSC8474-c\u00f3pia.jpg","width":3696,"height":1772},{"@type":"BreadcrumbList","@id":"https:\/\/ubanews.com\/site\/2018\/03\/24\/moradores-e-comerciantes-da-rua-belo-horizonte-repudiam-mudancas-no-transito\/#breadcrumb","itemListElement":[{"@type":"ListItem","position":1,"name":"Home","item":"https:\/\/ubanews.com\/site\/"},{"@type":"ListItem","position":2,"name":"Moradores e comerciantes da Rua Belo Horizonte repudiam mudan\u00e7as no tr\u00e2nsito"}]},{"@type":"WebSite","@id":"https:\/\/ubanews.com\/site\/#website","url":"https:\/\/ubanews.com\/site\/","name":"Ub\u00e1 News","description":"","publisher":{"@id":"https:\/\/ubanews.com\/site\/#organization"},"potentialAction":[{"@type":"SearchAction","target":{"@type":"EntryPoint","urlTemplate":"https:\/\/ubanews.com\/site\/?s={search_term_string}"},"query-input":{"@type":"PropertyValueSpecification","valueRequired":true,"valueName":"search_term_string"}}],"inLanguage":"pt-BR"},{"@type":"Organization","@id":"https:\/\/ubanews.com\/site\/#organization","name":"Ub\u00e1 News","url":"https:\/\/ubanews.com\/site\/","logo":{"@type":"ImageObject","inLanguage":"pt-BR","@id":"https:\/\/ubanews.com\/site\/#\/schema\/logo\/image\/","url":"https:\/\/ubanews.com\/site\/wp-content\/uploads\/2018\/01\/logoubanews.png","contentUrl":"https:\/\/ubanews.com\/site\/wp-content\/uploads\/2018\/01\/logoubanews.png","width":261,"height":99,"caption":"Ub\u00e1 News"},"image":{"@id":"https:\/\/ubanews.com\/site\/#\/schema\/logo\/image\/"},"sameAs":["https:\/\/www.facebook.com\/Ub\u00e1News-Carlos-Roberto-Sodr\u00e9-418778301977370"]},{"@type":"Person","@id":"https:\/\/ubanews.com\/site\/#\/schema\/person\/d90c9e47252fbb63dcc969fe4c8b9d10","name":"Sodr\u00e9","image":{"@type":"ImageObject","inLanguage":"pt-BR","@id":"https:\/\/secure.gravatar.com\/avatar\/5ba2793f0590b9dbfad3fdec4ee714485b3eef211c9b32ee53d414060454a56c?s=96&d=mm&r=g","url":"https:\/\/secure.gravatar.com\/avatar\/5ba2793f0590b9dbfad3fdec4ee714485b3eef211c9b32ee53d414060454a56c?s=96&d=mm&r=g","contentUrl":"https:\/\/secure.gravatar.com\/avatar\/5ba2793f0590b9dbfad3fdec4ee714485b3eef211c9b32ee53d414060454a56c?s=96&d=mm&r=g","caption":"Sodr\u00e9"},"sameAs":["https:\/\/www.facebook.com\/carosroberto.sodre.5\/"],"url":"https:\/\/ubanews.com\/site\/author\/felipe\/"}]}},"_links":{"self":[{"href":"https:\/\/ubanews.com\/site\/wp-json\/wp\/v2\/posts\/1274","targetHints":{"allow":["GET"]}}],"collection":[{"href":"https:\/\/ubanews.com\/site\/wp-json\/wp\/v2\/posts"}],"about":[{"href":"https:\/\/ubanews.com\/site\/wp-json\/wp\/v2\/types\/post"}],"author":[{"embeddable":true,"href":"https:\/\/ubanews.com\/site\/wp-json\/wp\/v2\/users\/2"}],"replies":[{"embeddable":true,"href":"https:\/\/ubanews.com\/site\/wp-json\/wp\/v2\/comments?post=1274"}],"version-history":[{"count":0,"href":"https:\/\/ubanews.com\/site\/wp-json\/wp\/v2\/posts\/1274\/revisions"}],"wp:featuredmedia":[{"embeddable":true,"href":"https:\/\/ubanews.com\/site\/wp-json\/wp\/v2\/media\/1278"}],"wp:attachment":[{"href":"https:\/\/ubanews.com\/site\/wp-json\/wp\/v2\/media?parent=1274"}],"wp:term":[{"taxonomy":"category","embeddable":true,"href":"https:\/\/ubanews.com\/site\/wp-json\/wp\/v2\/categories?post=1274"},{"taxonomy":"post_tag","embeddable":true,"href":"https:\/\/ubanews.com\/site\/wp-json\/wp\/v2\/tags?post=1274"}],"curies":[{"name":"wp","href":"https:\/\/api.w.org\/{rel}","templated":true}]}}