{"id":12697,"date":"2019-07-26T11:02:38","date_gmt":"2019-07-26T14:02:38","guid":{"rendered":"http:\/\/ubanews.com\/site\/?p=12697"},"modified":"2019-07-26T11:02:38","modified_gmt":"2019-07-26T14:02:38","slug":"assaltantes-aproveitam-a-reducao-de-velocidade-de-radar-para-abordar-motociclista","status":"publish","type":"post","link":"https:\/\/ubanews.com\/site\/2019\/07\/26\/assaltantes-aproveitam-a-reducao-de-velocidade-de-radar-para-abordar-motociclista\/","title":{"rendered":"ASSALTANTES APROVEITAM A REDU\u00c7\u00c3O DE VELOCIDADE DE RADAR PARA ABORDAR MOTOCICLISTA"},"content":{"rendered":"<p><em><a href=\"https:\/\/ubanews.com\/site\/wp-content\/uploads\/2019\/07\/Logo-Felipe-web-1.png\"><img loading=\"lazy\" decoding=\"async\" class=\"wp-image-12632 size-medium alignright\" src=\"https:\/\/ubanews.com\/site\/wp-content\/uploads\/2019\/07\/Logo-Felipe-web-1-300x203.png\" alt=\"\" width=\"300\" height=\"203\" srcset=\"https:\/\/ubanews.com\/site\/wp-content\/uploads\/2019\/07\/Logo-Felipe-web-1-300x203.png 300w, https:\/\/ubanews.com\/site\/wp-content\/uploads\/2019\/07\/Logo-Felipe-web-1-768x521.png 768w, https:\/\/ubanews.com\/site\/wp-content\/uploads\/2019\/07\/Logo-Felipe-web-1-120x80.png 120w, https:\/\/ubanews.com\/site\/wp-content\/uploads\/2019\/07\/Logo-Felipe-web-1.png 900w\" sizes=\"auto, (max-width: 300px) 100vw, 300px\" \/><\/a><\/em>Em Astolfo Dutra, quinta-feira (25), por volta das 19h, a Pol\u00edcia Militar foi acionada por uma v\u00edtima, que relatou o seguinte fato: que estava transitando com sua motocicleta uma Honda CG 150 Titan KS de cor vermelha, placa HHL-1528 quando ao passar pelo radar ap\u00f3s o Trevo de Santana do Campestre foi abordado por uma motocicleta ocupada por dois indiv\u00edduos tendo o carona apontado um objeto semelhante a uma arma de fogo com silenciador, determinando que ela entregasse sua moto. Os autores levaram sua moto e retornaram sentido a Santana do Campestre. Rastreamentos prosseguem objetivando localizar a motocicleta e prender os autores.<\/p>\n<div><span style=\"font-family: 'Arial','sans-serif';\"><span style=\"font-size: large;\"><b>ASSESSORIA DE COMUNICA\u00c7\u00c3O ORGANIZACIONAL<\/b><\/span><i><b><br \/>\n<\/b><\/i><\/span><\/div>\n<p><span style=\"font-family: 'Arial','sans-serif';\"><i>Vig\u00e9simo Primeiro Batalh\u00e3o de Pol\u00edcia Militar<\/i><\/span><\/p>\n","protected":false},"excerpt":{"rendered":"<p>Em Astolfo Dutra, quinta-feira (25), por volta das 19h, a<\/p>\n","protected":false},"author":2,"featured_media":4118,"comment_status":"open","ping_status":"open","sticky":false,"template":"","format":"standard","meta":{"footnotes":""},"categories":[13],"tags":[],"class_list":["post-12697","post","type-post","status-publish","format-standard","has-post-thumbnail","hentry","category-sintese-das-ocorrencias"],"_links":{"self":[{"href":"https:\/\/ubanews.com\/site\/wp-json\/wp\/v2\/posts\/12697","targetHints":{"allow":["GET"]}}],"collection":[{"href":"https:\/\/ubanews.com\/site\/wp-json\/wp\/v2\/posts"}],"about":[{"href":"https:\/\/ubanews.com\/site\/wp-json\/wp\/v2\/types\/post"}],"author":[{"embeddable":true,"href":"https:\/\/ubanews.com\/site\/wp-json\/wp\/v2\/users\/2"}],"replies":[{"embeddable":true,"href":"https:\/\/ubanews.com\/site\/wp-json\/wp\/v2\/comments?post=12697"}],"version-history":[{"count":0,"href":"https:\/\/ubanews.com\/site\/wp-json\/wp\/v2\/posts\/12697\/revisions"}],"wp:featuredmedia":[{"embeddable":true,"href":"https:\/\/ubanews.com\/site\/wp-json\/wp\/v2\/media\/4118"}],"wp:attachment":[{"href":"https:\/\/ubanews.com\/site\/wp-json\/wp\/v2\/media?parent=12697"}],"wp:term":[{"taxonomy":"category","embeddable":true,"href":"https:\/\/ubanews.com\/site\/wp-json\/wp\/v2\/categories?post=12697"},{"taxonomy":"post_tag","embeddable":true,"href":"https:\/\/ubanews.com\/site\/wp-json\/wp\/v2\/tags?post=12697"}],"curies":[{"name":"wp","href":"https:\/\/api.w.org\/{rel}","templated":true}]}}